{"id":315841,"date":"2025-08-13T08:27:20","date_gmt":"2025-08-13T08:27:20","guid":{"rendered":"https:\/\/www.europesays.com\/fr\/315841\/"},"modified":"2025-08-13T08:27:20","modified_gmt":"2025-08-13T08:27:20","slug":"jennifer-aniston-avait-fait-son-deuil-de-matthew-perry-avant-son-deces","status":"publish","type":"post","link":"https:\/\/www.europesays.com\/fr\/315841\/","title":{"rendered":"Jennifer Aniston avait \u00ab fait son deuil \u00bb de Matthew Perry avant son d\u00e9c\u00e8s"},"content":{"rendered":"<p class=\"mb-4 text-lg md:leading-8 break-words\">L&rsquo;heure est aux confidences pour Jennifer Aniston. Deux ans apr\u00e8s <a class=\"link \" href=\"https:\/\/www.lepoint.fr\/culture\/l-acteur-matthew-perry-star-de-la-serie-friends-est-mort-a-54-ans-29-10-2023-2541169_3.php\" rel=\"nofollow noopener\" target=\"_blank\" data-ylk=\"slk:la mort de Matthew Perry;elm:context_link;itc:0;sec:content-canvas\">la mort de Matthew Perry<\/a>, l&rsquo;actrice s&rsquo;est exprim\u00e9e sur la fa\u00e7on dont les anciens coll\u00e8gues et amis du com\u00e9dien ont tent\u00e9 de lui venir en aide lors de ses longues ann\u00e9es de lutte contre la toxicomanie. L&rsquo;acteur a \u00e9t\u00e9 retrouv\u00e9 noy\u00e9 dans son jacuzzi en octobre\u00a02023 et <a class=\"link \" href=\"https:\/\/www.lepoint.fr\/people\/un-medecin-ayant-fourni-de-la-ketamine-a-matthew-perry-plaide-coupable-24-07-2025-2595043_2116.php\" rel=\"nofollow noopener\" target=\"_blank\" data-ylk=\"slk:est d\u00e9c\u00e9d\u00e9 des suites d&#039;une \u00ab\u00a0dose accrue\u00a0\u00bb de k\u00e9tamine;elm:context_link;itc:0;sec:content-canvas\">est d\u00e9c\u00e9d\u00e9 des suites d&rsquo;une \u00ab\u00a0dose accrue\u00a0\u00bb de k\u00e9tamine<\/a>.<\/p>\n<p class=\"mb-4 text-lg md:leading-8 break-words\">Matthew Perry avait plusieurs fois \u00e9voqu\u00e9 <a class=\"link \" href=\"https:\/\/www.lepoint.fr\/culture\/accusations-pressions-et-drogues-l-enquete-choc-sur-la-mort-de-matthew-perry-23-02-2025-2583105_3.php\" rel=\"nofollow noopener\" target=\"_blank\" data-ylk=\"slk:son addiction \u00e0 l&#039;alcool puis aux analg\u00e9siques;elm:context_link;itc:0;sec:content-canvas\">son addiction \u00e0 l&rsquo;alcool puis aux analg\u00e9siques<\/a> apr\u00e8s un accident de jet ski, notamment dans ses m\u00e9moires Friends, Lovers, and the Big Terrible Thing, parues en 2022.\u00a0Parmi les proches t\u00e9moins de son combat se trouvaient ses amis de Friends, Jennifer Aniston, Courteney Cox, Lisa Kudrow, David Schwimmer et Matt Leblanc.<\/p>\n<p>\u00ab\u00a0C&rsquo;est mieux ainsi\u00a0\u00bb<\/p>\n<p class=\"mb-4 text-lg md:leading-8 break-words\">Et \u00e0 en croire Jennifer Aniston, chacun a tent\u00e9 d&rsquo;y mettre du sien pour lui venir en aide. \u00ab\u00a0On a fait ce qu&rsquo;on a pu quand on le pouvait\u00a0\u00bb, a-t-elle assur\u00e9 \u00e0 <a class=\"link \" href=\"https:\/\/www.vanityfair.com\/hollywood\/story\/jennifer-aniston-cover-story\" rel=\"nofollow noopener\" target=\"_blank\" data-ylk=\"slk:Vanity Fair;elm:context_link;itc:0;sec:content-canvas\">Vanity Fair<\/a>. Mais les propres difficult\u00e9s de l&rsquo;interpr\u00e8te de Chandler Bing semblent avoir plong\u00e9 ses proches dans le deuil avant m\u00eame qu&rsquo;il ne d\u00e9c\u00e8de. \u00ab\u00a0On avait l&rsquo;impression de pleurer Matthew depuis longtemps, parce que son combat contre cette maladie \u00e9tait vraiment difficile pour lui\u00a0\u00bb, a ajout\u00e9 l&rsquo;actrice de The Morning Show.<\/p>\n<p class=\"mb-4 text-lg md:leading-8 break-words\"><a href=\"https:\/\/www.instagram.com\/reel\/DNNv1HphJ5F\/?utm_source=ig_embed&amp;utm_campaign=loading\" rel=\"nofollow noopener\" target=\"_blank\" data-ylk=\"slk:Voir cette publication sur Instagram;elm:context_link;itc:0;sec:content-canvas\" class=\"link \">Voir cette publication sur Instagram<\/a><\/p>\n<p class=\"mb-4 text-lg md:leading-8 break-words\"><a href=\"https:\/\/www.instagram.com\/reel\/DNNv1HphJ5F\/?utm_source=ig_embed&amp;utm_campaign=loading\" rel=\"nofollow noopener\" target=\"_blank\" data-ylk=\"slk:Une publication partag\u00e9e par Vanity Fair (@vanityfair);elm:context_link;itc:0;sec:content-canvas\" class=\"link \">Une publication partag\u00e9e par Vanity Fair (@vanityfair)<\/a><\/p>\n<p class=\"mb-4 text-lg md:leading-8 break-words\">Jennifer Aniston se console d\u00e9sormais en se disant que la mort aura au moins m [&#8230;] <a href=\"https:\/\/www.lepoint.fr\/people\/jennifer-aniston-avait-fait-son-deuil-de-matthew-perry-avant-son-deces-12-08-2025-2596252_2116.php\" rel=\"nofollow noopener\" target=\"_blank\" data-ylk=\"slk:Lire la suite;elm:context_link;itc:0;sec:content-canvas\" class=\"link \">Lire la suite<\/a><\/p>\n<p><script async src=\"\/\/www.instagram.com\/embed.js\"><\/script><\/p>\n","protected":false},"excerpt":{"rendered":"L&rsquo;heure est aux confidences pour Jennifer Aniston. Deux ans apr\u00e8s la mort de Matthew Perry, l&rsquo;actrice s&rsquo;est exprim\u00e9e&hellip;\n","protected":false},"author":2,"featured_media":315842,"comment_status":"","ping_status":"","sticky":false,"template":"","format":"standard","meta":{"footnotes":""},"categories":[1359],"tags":[45481,45479,58,59,1011,27,37640,45482,45480,45239,973],"class_list":{"0":"post-315841","1":"post","2":"type-post","3":"status-publish","4":"format-standard","5":"has-post-thumbnail","7":"category-people","8":"tag-courteney-cox","9":"tag-david-schwimmer","10":"tag-divertissement","11":"tag-entertainment","12":"tag-fr","13":"tag-france","14":"tag-jennifer-aniston","15":"tag-lisa-kudrow","16":"tag-lutte-contre-la-toxicomanie","17":"tag-matthew-perry","18":"tag-people"},"share_on_mastodon":{"url":"https:\/\/pubeurope.com\/@fr\/115020513029410580","error":""},"_links":{"self":[{"href":"https:\/\/www.europesays.com\/fr\/wp-json\/wp\/v2\/posts\/315841","targetHints":{"allow":["GET"]}}],"collection":[{"href":"https:\/\/www.europesays.com\/fr\/wp-json\/wp\/v2\/posts"}],"about":[{"href":"https:\/\/www.europesays.com\/fr\/wp-json\/wp\/v2\/types\/post"}],"author":[{"embeddable":true,"href":"https:\/\/www.europesays.com\/fr\/wp-json\/wp\/v2\/users\/2"}],"replies":[{"embeddable":true,"href":"https:\/\/www.europesays.com\/fr\/wp-json\/wp\/v2\/comments?post=315841"}],"version-history":[{"count":0,"href":"https:\/\/www.europesays.com\/fr\/wp-json\/wp\/v2\/posts\/315841\/revisions"}],"wp:featuredmedia":[{"embeddable":true,"href":"https:\/\/www.europesays.com\/fr\/wp-json\/wp\/v2\/media\/315842"}],"wp:attachment":[{"href":"https:\/\/www.europesays.com\/fr\/wp-json\/wp\/v2\/media?parent=315841"}],"wp:term":[{"taxonomy":"category","embeddable":true,"href":"https:\/\/www.europesays.com\/fr\/wp-json\/wp\/v2\/categories?post=315841"},{"taxonomy":"post_tag","embeddable":true,"href":"https:\/\/www.europesays.com\/fr\/wp-json\/wp\/v2\/tags?post=315841"}],"curies":[{"name":"wp","href":"https:\/\/api.w.org\/{rel}","templated":true}]}}