{"id":315845,"date":"2025-08-13T08:29:09","date_gmt":"2025-08-13T08:29:09","guid":{"rendered":"https:\/\/www.europesays.com\/fr\/315845\/"},"modified":"2025-08-13T08:29:09","modified_gmt":"2025-08-13T08:29:09","slug":"et-si-la-prochaine-boite-a-livres-de-castelnau-etait-devant-chez-vous","status":"publish","type":"post","link":"https:\/\/www.europesays.com\/fr\/315845\/","title":{"rendered":"et si la prochaine bo\u00eete \u00e0 livres de Castelnau \u00e9tait devant chez vous\u00a0?"},"content":{"rendered":"<p>            Par<br \/>\n        <strong><br \/>\n            <a href=\"https:\/\/actu.fr\/auteur\/metropoop\" title=\"Consulter tous les articles de R\u00e9daction M\u00e9tropolitain\" rel=\"nofollow noopener\" target=\"_blank\">R\u00e9daction M\u00e9tropolitain<\/a><br \/>\n        <\/strong><\/p>\n<p>        Publi\u00e9 le<\/p>\n<p>            13 ao\u00fbt 2025 \u00e0 9h35        <\/p>\n<p>La Ville de Castelnau-le-Lez lance un appel \u00e0 la participation citoyenne. <strong>Jusqu\u2019au 19 septembre 2025<\/strong>, un sondage recueille les propositions des habitants pour installer cinq nouvelles bo\u00eetes \u00e0 livres. Elles viendront compl\u00e9ter les quatre dispositifs d\u00e9j\u00e0 pr\u00e9sents sur le territoire. Les bo\u00eetes actuelles se trouvent aux Maisons des proximit\u00e9s Mas de Rochet, Eur\u00eaka et Caylus, ainsi qu\u2019au jardin partag\u00e9 du Devois. Les nouvelles installations verront le jour en 2026 gr\u00e2ce aux services municipaux.<\/p>\n<p>    <a href=\"https:\/\/www.google.com\/maps\/d\/u\/0\/embed?mid=11jlKvyYRNCjjuGIYcxTZBf9Z92zq7gw&amp;ehbc=2E312F\" title=\"Ouvrie le lien\" rel=\"nofollow noopener\" target=\"_blank\">Cliquez ici pour visualiser le contenu<\/a><\/p>\n<p class=\" wall-content\">Une bo\u00eete \u00e0 livres permet de d\u00e9poser les ouvrages dont on souhaite se s\u00e9parer. Chacun peut ensuite en prendre librement. Ce syst\u00e8me encourage la d\u00e9couverte de lectures inattendues et gratuites. Selon la mairie, il favorise la convivialit\u00e9. On y d\u00e9pose des livres, on en prend, on en parle entre voisins\u00a0\u00bb, souligne le communiqu\u00e9.<\/p>\n<p>Des emplacements strat\u00e9giques \u00e0 d\u00e9finir<\/p>\n<p class=\" wall-content\">Les habitants sont invit\u00e9s \u00e0 privil\u00e9gier des lieux fr\u00e9quent\u00e9s : proximit\u00e9 de commerces, structures publiques, \u00e9coles ou espaces de promenade. Les propositions doivent r\u00e9pondre \u00e0 plusieurs crit\u00e8res. La bo\u00eete doit se trouver sur le domaine public, rester accessible \u00e0 pied et \u00eatre visible. Elle ne doit pas \u00eatre plac\u00e9e trop pr\u00e8s d\u2019une biblioth\u00e8que ou d\u2019une librairie.<\/p>\n<p><strong>&gt;<\/strong> Donnez votre avis sur : <a href=\"https:\/\/www.castelnau-le-lez.fr\/participation-citoyenne\/boites-a-livres-emplacements\/\" rel=\"nofollow noopener\" target=\"_blank\">https:\/\/www.castelnau-le-lez.fr\/participation-citoyenne\/boites-a-livres-emplacements\/<\/a>Vid\u00e9os : en ce moment sur Actu<\/p>\n<p class=\" wall-content\">Suivez toute l\u2019actualit\u00e9 de vos villes et m\u00e9dias favoris en vous inscrivant \u00e0 <a href=\"https:\/\/moncompte.actu.fr\" title=\"D\u00e9couvez Mon Actu\" rel=\"nofollow noopener\" data-trk=\"{&quot;cta&quot;:{&quot;action&quot;:&quot;https:\\\/\\\/moncompte.actu.fr&quot;,&quot;category&quot;:&quot;mon compte&quot;,&quot;from&quot;:&quot;article footer&quot;,&quot;name&quot;:&quot;Mon actu&quot;,&quot;type&quot;:&quot;cta&quot;}}\" target=\"_blank\">Mon Actu<\/a>.<\/p>\n","protected":false},"excerpt":{"rendered":"Par R\u00e9daction M\u00e9tropolitain Publi\u00e9 le 13 ao\u00fbt 2025 \u00e0 9h35 La Ville de Castelnau-le-Lez lance un appel \u00e0&hellip;\n","protected":false},"author":2,"featured_media":315846,"comment_status":"","ping_status":"","sticky":false,"template":"","format":"standard","meta":{"footnotes":""},"categories":[1357],"tags":[1379,58,59,1011,27,1380,1652],"class_list":{"0":"post-315845","1":"post","2":"type-post","3":"status-publish","4":"format-standard","5":"has-post-thumbnail","7":"category-livres","8":"tag-books","9":"tag-divertissement","10":"tag-entertainment","11":"tag-fr","12":"tag-france","13":"tag-livres","14":"tag-loisirs-culture"},"share_on_mastodon":{"url":"https:\/\/pubeurope.com\/@fr\/115020520774501567","error":""},"_links":{"self":[{"href":"https:\/\/www.europesays.com\/fr\/wp-json\/wp\/v2\/posts\/315845","targetHints":{"allow":["GET"]}}],"collection":[{"href":"https:\/\/www.europesays.com\/fr\/wp-json\/wp\/v2\/posts"}],"about":[{"href":"https:\/\/www.europesays.com\/fr\/wp-json\/wp\/v2\/types\/post"}],"author":[{"embeddable":true,"href":"https:\/\/www.europesays.com\/fr\/wp-json\/wp\/v2\/users\/2"}],"replies":[{"embeddable":true,"href":"https:\/\/www.europesays.com\/fr\/wp-json\/wp\/v2\/comments?post=315845"}],"version-history":[{"count":0,"href":"https:\/\/www.europesays.com\/fr\/wp-json\/wp\/v2\/posts\/315845\/revisions"}],"wp:featuredmedia":[{"embeddable":true,"href":"https:\/\/www.europesays.com\/fr\/wp-json\/wp\/v2\/media\/315846"}],"wp:attachment":[{"href":"https:\/\/www.europesays.com\/fr\/wp-json\/wp\/v2\/media?parent=315845"}],"wp:term":[{"taxonomy":"category","embeddable":true,"href":"https:\/\/www.europesays.com\/fr\/wp-json\/wp\/v2\/categories?post=315845"},{"taxonomy":"post_tag","embeddable":true,"href":"https:\/\/www.europesays.com\/fr\/wp-json\/wp\/v2\/tags?post=315845"}],"curies":[{"name":"wp","href":"https:\/\/api.w.org\/{rel}","templated":true}]}}