{"id":315847,"date":"2025-08-13T08:30:11","date_gmt":"2025-08-13T08:30:11","guid":{"rendered":"https:\/\/www.europesays.com\/fr\/315847\/"},"modified":"2025-08-13T08:30:11","modified_gmt":"2025-08-13T08:30:11","slug":"audiences-prime-deprogramme-le-15-juillet-pour-un-hommage-a-ardisson-le-documentaire-sur-les-derniers-secrets-de-lhumanite-ecrit-par-yves-coppens-et-jacques-malaterre-fait-un-bide-sur-france-2","status":"publish","type":"post","link":"https:\/\/www.europesays.com\/fr\/315847\/","title":{"rendered":"Audiences Prime: D\u00e9programm\u00e9 le 15 juillet pour un hommage \u00e0 Ardisson, le documentaire sur \u00ab\u00a0Les derniers secrets de l&rsquo;humanit\u00e9\u00a0\u00bb, \u00e9crit par Yves Coppens et Jacques Malaterre, fait un bide sur France 2 hier soir !"},"content":{"rendered":"<p>Hier soir, en prime, TF1 programmait le film \u00ab\u00a0Les vengeances de ma\u00eetre Poutifard\u00a0\u00bb. Au casting, les t\u00e9l\u00e9spectateurs ont retrouv\u00e9 Christian Clavier ou encore Isabelle Nanty.<\/p>\n<p>Instituteur \u00e0 la retraite, Robert Poutifard n&rsquo;a plus qu&rsquo;une id\u00e9e en t\u00eate : se venger de ses anciens \u00e9l\u00e8ves qui ont g\u00e2ch\u00e9 sa vie. Pour l&rsquo;aider \u00e0 mettre en place son plan diabolique, il a la meilleure des complices \u00e0 ses c\u00f4t\u00e9s : sa maman. Ensemble, ils vont leur en faire voir de toutes les couleurs. La vengeance est un plat qui se mange froid et Robert Poutifard leur pr\u00e9pare une vraie surprise du chef.<\/p>\n<p>Un documentaire \u00e9tait diffus\u00e9 sur France 2 : \u00ab\u00a0Les derniers secrets de l&rsquo;humanit\u00e9\u00a0\u00bb.\u00a0D\u00e9programm\u00e9 le mardi 15 juillet par France 2 afin de proposer une soir\u00e9e sp\u00e9ciale en hommage \u00e0 Thierry Ardisson, figure majeure de la t\u00e9l\u00e9vision d\u00e9c\u00e9d\u00e9e le lundi 14 juillet, le docufiction Les derniers secrets de l\u2019humanit\u00e9 est diffus\u00e9 par la cha\u00eene ce mardi. Ce film invite \u00e0 un voyage dans le temps passionnant.<\/p>\n<p>\u00c9crit par Yves Coppens et Jacques Malaterre, et r\u00e9alis\u00e9 par le second, il se focalise sur les \u00e9v\u00e9nements majeurs de la pr\u00e9histoire advenus en Asie. En effet, sur ce continent, six esp\u00e8ces humaines ont cohabit\u00e9. Le documentaire s\u2019ouvre sur une s\u00e9quence fascinante o\u00f9 l\u2019Homo erectus, premi\u00e8re esp\u00e8ce pr\u00e9sente en Asie, comprend qu\u2019il peut appr\u00e9hender le feu\u2026<\/p>\n<p>La s\u00e9rie \u00ab\u00a0OPJ\u00a0\u00bb se poursuivait sur France 3.<\/p>\n<p>Oph\u00e9lie Meunier prenait les commandes d&rsquo;un nouveau num\u00e9ro de son magazine \u00ab\u00a0Zone Interdite\u00a0\u00bb sur M6. L&rsquo;\u00e9mission \u00e9tait intitul\u00e9e \u00ab\u00a0Corse, Sardaigne : qui sera la reine de la M\u00e9diterran\u00e9e ?\u00a0\u00bb.\u00a0<\/p>\n<p>        Les vengeances de ma\u00eetre Poutifard<br \/>\n        20.4 % de PDA\n        <\/p>\n<p>        2 921 000<\/p>\n<p>        OPJ<br \/>\n        19.2 % de PDA\n        <\/p>\n<p>        2 837 000<\/p>\n<p>        Zone interdite<br \/>\n        8.1 % de PDA\n        <\/p>\n<p>        1 138 000<\/p>\n<p>        Les derniers secrets de l&rsquo;humanit\u00e9<br \/>\n        7.1 % de PDA\n        <\/p>\n<p>        1 016 000<\/p>\n<p>        Ascenseur pour l&rsquo;\u00e9chafaud<br \/>\n        5.6 % de PDA\n        <\/p>\n<p>        812 000<\/p>\n<p>        1942, un monde en guerre<br \/>\n        3.2 % de PDA\n        <\/p>\n<p>        469 000<\/p>\n<p>        La grande soir\u00e9e des tubes du camping \u00e0 Montpellier<br \/>\n        2.2 % de PDA\n        <\/p>\n<p>        324 000<\/p>\n<p>        Les super flics de Miami<br \/>\n        2.2 % de PDA\n        <\/p>\n<p>        305 000<\/p>\n<p>        Disco<br \/>\n        2.2 % de PDA\n        <\/p>\n<p>        302 000<\/p>\n<p>        90&prime; enqu\u00eates<br \/>\n        1.9 % de PDA\n        <\/p>\n<p>        272 000<\/p>\n<p>        Terrible jungle<br \/>\n        1.7 % de PDA\n        <\/p>\n<p>        243 000<\/p>\n<p>        Les routiers : profession chauffeur poids lourd<br \/>\n        1.6 % de PDA\n        <\/p>\n<p>        242 000<\/p>\n<p>        Snapped : les femmes tueuses<br \/>\n        1.1 % de PDA\n        <\/p>\n<p>        167 000<\/p>\n<p>        La folie des piscines : la nouvelle passion des Fran\u00e7ais<br \/>\n        1.1 % de PDA\n        <\/p>\n<p>        159 000<\/p>\n<p>        Les rebelles de la for\u00eat 4<br \/>\n        1 % de PDA\n        <\/p>\n<p>        143 000<\/p>\n<p>        PortAventura : la techno des attractions<br \/>\n        0.9 % de PDA\n        <\/p>\n<p>        126 000<\/p>\n<p>  Le Top des parts de march\u00e9<\/p>\n","protected":false},"excerpt":{"rendered":"Hier soir, en prime, TF1 programmait le film \u00ab\u00a0Les vengeances de ma\u00eetre Poutifard\u00a0\u00bb. Au casting, les t\u00e9l\u00e9spectateurs ont&hellip;\n","protected":false},"author":2,"featured_media":315848,"comment_status":"","ping_status":"","sticky":false,"template":"","format":"standard","meta":{"footnotes":""},"categories":[1356],"tags":[2367,58,59,1011,27,876,594,494,252,199,1364],"class_list":{"0":"post-315847","1":"post","2":"type-post","3":"status-publish","4":"format-standard","5":"has-post-thumbnail","7":"category-television","8":"tag-audiences","9":"tag-divertissement","10":"tag-entertainment","11":"tag-fr","12":"tag-france","13":"tag-france-3","14":"tag-france-2","15":"tag-m6","16":"tag-television","17":"tag-tf1","18":"tag-tv"},"share_on_mastodon":{"url":"https:\/\/pubeurope.com\/@fr\/115020524678898158","error":""},"_links":{"self":[{"href":"https:\/\/www.europesays.com\/fr\/wp-json\/wp\/v2\/posts\/315847","targetHints":{"allow":["GET"]}}],"collection":[{"href":"https:\/\/www.europesays.com\/fr\/wp-json\/wp\/v2\/posts"}],"about":[{"href":"https:\/\/www.europesays.com\/fr\/wp-json\/wp\/v2\/types\/post"}],"author":[{"embeddable":true,"href":"https:\/\/www.europesays.com\/fr\/wp-json\/wp\/v2\/users\/2"}],"replies":[{"embeddable":true,"href":"https:\/\/www.europesays.com\/fr\/wp-json\/wp\/v2\/comments?post=315847"}],"version-history":[{"count":0,"href":"https:\/\/www.europesays.com\/fr\/wp-json\/wp\/v2\/posts\/315847\/revisions"}],"wp:featuredmedia":[{"embeddable":true,"href":"https:\/\/www.europesays.com\/fr\/wp-json\/wp\/v2\/media\/315848"}],"wp:attachment":[{"href":"https:\/\/www.europesays.com\/fr\/wp-json\/wp\/v2\/media?parent=315847"}],"wp:term":[{"taxonomy":"category","embeddable":true,"href":"https:\/\/www.europesays.com\/fr\/wp-json\/wp\/v2\/categories?post=315847"},{"taxonomy":"post_tag","embeddable":true,"href":"https:\/\/www.europesays.com\/fr\/wp-json\/wp\/v2\/tags?post=315847"}],"curies":[{"name":"wp","href":"https:\/\/api.w.org\/{rel}","templated":true}]}}