{"id":315849,"date":"2025-08-13T08:31:10","date_gmt":"2025-08-13T08:31:10","guid":{"rendered":"https:\/\/www.europesays.com\/fr\/315849\/"},"modified":"2025-08-13T08:31:10","modified_gmt":"2025-08-13T08:31:10","slug":"diams-la-tres-mauvaise-nouvelle","status":"publish","type":"post","link":"https:\/\/www.europesays.com\/fr\/315849\/","title":{"rendered":"Diam&rsquo;s, la tr\u00e8s mauvaise nouvelle"},"content":{"rendered":"<p>      R\u00e9sum\u00e9<\/p>\n<p>Diam&rsquo;s, aujourd&rsquo;hui \u00e9loign\u00e9e de la sc\u00e8ne, partage une amiti\u00e9 profonde et durable avec Vitaa, marqu\u00e9e par leur soutien mutuel et des moments forts partag\u00e9s.<\/p>\n<p>        Sommaire<\/p>\n<p>Depuis leur rencontre, <strong>Diam&rsquo;s et <a href=\"https:\/\/www.public.fr\/tag\/vitaa\" rel=\"nofollow noopener\" target=\"_blank\">Vitaa<\/a> sont ins\u00e9parables.<\/strong> Et si la rappeuse a choisi de tirer un trait sur l&rsquo;industrie musicale, elle reste particuli\u00e8rement proche de son homologue. <\/p>\n<p>L&rsquo;interpr\u00e8te d&rsquo;\u00c0 fleur de toi, de son c\u00f4t\u00e9, ne manque jamais une occasion de rendre hommage \u00e0 celle qu&rsquo;elle consid\u00e8re comme sa \u00ab\u00a0grande s\u0153ur\u00a0\u00bb. <\/p>\n<p>Dans une r\u00e9cente interview accord\u00e9e \u00e0 <a href=\"https:\/\/www.instagram.com\/legendmedia\/\" target=\"_blank\" rel=\"noreferrer noopener nofollow\">Legend<\/a>, elle est d&rsquo;ailleurs revenue sur <strong>son \u00ab\u00a0lien immuable\u00a0\u00bb avec \u00ab\u00a0M\u00e9lanie\u00a0\u00bb.<\/strong><\/p>\n<p>Vitaa : \u00ab\u00a0C&rsquo;est devenu ma grande s\u0153ur\u00a0\u00bb<\/p>\n<p>Au cours de son entretien avec Guillaume Pley, Vitaa a longuement \u00e9voqu\u00e9 son \u00ab\u00a0coup de foudre\u00a0\u00bb amical et professionnel pour Diam&rsquo;s. <\/p>\n<p>\u00ab\u00a0<strong>Elle connaissait le peu de trucs que j\u2019avais fait<\/strong>\u00ab\u00a0, s&rsquo;est-elle souvenue. Et \u00e0 l&rsquo;\u00e9poque, l&rsquo;artiste pr\u00e9voyait d\u00e9j\u00e0 un bel avenir \u00e0 sa cons\u0153ur.<\/p>\n<p>Pourtant, cette derni\u00e8re a \u00ab\u00a0gal\u00e9r\u00e9 pendant quasiment sept ans\u00a0\u00bb avant de percer une bonne fois pour toutes. Durant ces ann\u00e9es difficiles, Diam&rsquo;s a toujours r\u00e9pondu pr\u00e9sente : \u00ab\u00a0<strong>Elle m\u2019a dit\u00a0: &lsquo;Si les portes ne s\u2019ouvrent pas, je vais signer un label pour te signer&rsquo;. Et c\u2019est ce qu\u2019elle a fait<\/strong>\u00ab\u00a0.<\/p>\n<p>En 2006, leur duo sur Confessions nocturnes a finalement port\u00e9 ses fruits. Ce titre a notamment permis \u00e0 Vitaa d&rsquo;entamer une tourn\u00e9e des Z\u00e9niths en compagnie de son amie gr\u00e2ce \u00e0 laquelle elle a \u00ab\u00a0beaucoup appris\u00a0\u00bb. <\/p>\n<p>Diam&rsquo;s plus heureuse que jamais dans l&rsquo;ombre<\/p>\n<p>Malgr\u00e9 son immense succ\u00e8s, Diam&rsquo;s a pr\u00e9f\u00e9r\u00e9 mettre un terme \u00e0 sa carri\u00e8re musicale. Loin des feux des projecteurs, elle \u00ab\u00a0va super bien\u00a0\u00bb, assure Charlotte Gonin, de son vrai nom. \u00ab\u00a0<strong>Elle n\u2019a jamais \u00e9t\u00e9 aussi heureuse que maintenant. (&#8230;) Elle a trouv\u00e9 la paix. Je suis trop heureuse pour elle parce qu\u2019elle avait besoin de \u00e7a, de couper, pour trouver sa paix int\u00e9rieure<\/strong>\u00ab\u00a0. Aucun retour sur sc\u00e8ne n&rsquo;est donc pr\u00e9vu&#8230; <\/p>\n<p>Quoi qu&rsquo;il en soit, Vitaa passe toujours d&rsquo;excellent moment en compagnie de sa s\u0153ur de c\u0153ur. R\u00e9cemment, c&rsquo;est d&rsquo;ailleurs \u00e0 l&rsquo;\u00eele Maurice qu&rsquo;elles ont profit\u00e9 l&rsquo;une de l&rsquo;autre. <\/p>\n<p>\u00ab\u00a0On a pass\u00e9 des nuits enti\u00e8res sur la plage \u00e0 se raconter nos vies et \u00e0 parler de ce qu\u2019on voyait, ce qu\u2019on vivait\u00a0\u00bb, a confi\u00e9 la chanteuse.<\/p>\n<p>Et de conclure : \u00ab\u00a0Je crois que \u00e7a a \u00e9t\u00e9 <strong>l\u2019un des plus beaux moments de ma vie<\/strong>. Dans ma relation amicale avec elle, \u00e7a a \u00e9t\u00e9 un moment tr\u00e8s, tr\u00e8s fort et c\u2019est ce qui a cr\u00e9\u00e9 le lien qu\u2019on a aujourd\u2019hui. Il n\u2019y a pas un mois qui se passe sans qu\u2019on se parle.\u00a0\u00bb De touchantes r\u00e9v\u00e9lations. <\/p>\n<p>      Mentionn\u00e9s dans cet article<\/p>\n<p>      Sur le m\u00eame sujet<\/p>\n<p>  <script async src=\"\/\/www.instagram.com\/embed.js\"><\/script><\/p>\n","protected":false},"excerpt":{"rendered":"R\u00e9sum\u00e9 Diam&rsquo;s, aujourd&rsquo;hui \u00e9loign\u00e9e de la sc\u00e8ne, partage une amiti\u00e9 profonde et durable avec Vitaa, marqu\u00e9e par leur&hellip;\n","protected":false},"author":2,"featured_media":315850,"comment_status":"","ping_status":"","sticky":false,"template":"","format":"standard","meta":{"footnotes":""},"categories":[1355],"tags":[3645,58,59,1011,27,6300,1361,873,26648],"class_list":{"0":"post-315849","1":"post","2":"type-post","3":"status-publish","4":"format-standard","5":"has-post-thumbnail","7":"category-musique","8":"tag-diams","9":"tag-divertissement","10":"tag-entertainment","11":"tag-fr","12":"tag-france","13":"tag-guillaume-pley","14":"tag-music","15":"tag-musique","16":"tag-vitaa"},"share_on_mastodon":{"url":"https:\/\/pubeurope.com\/@fr\/115020528750436634","error":""},"_links":{"self":[{"href":"https:\/\/www.europesays.com\/fr\/wp-json\/wp\/v2\/posts\/315849","targetHints":{"allow":["GET"]}}],"collection":[{"href":"https:\/\/www.europesays.com\/fr\/wp-json\/wp\/v2\/posts"}],"about":[{"href":"https:\/\/www.europesays.com\/fr\/wp-json\/wp\/v2\/types\/post"}],"author":[{"embeddable":true,"href":"https:\/\/www.europesays.com\/fr\/wp-json\/wp\/v2\/users\/2"}],"replies":[{"embeddable":true,"href":"https:\/\/www.europesays.com\/fr\/wp-json\/wp\/v2\/comments?post=315849"}],"version-history":[{"count":0,"href":"https:\/\/www.europesays.com\/fr\/wp-json\/wp\/v2\/posts\/315849\/revisions"}],"wp:featuredmedia":[{"embeddable":true,"href":"https:\/\/www.europesays.com\/fr\/wp-json\/wp\/v2\/media\/315850"}],"wp:attachment":[{"href":"https:\/\/www.europesays.com\/fr\/wp-json\/wp\/v2\/media?parent=315849"}],"wp:term":[{"taxonomy":"category","embeddable":true,"href":"https:\/\/www.europesays.com\/fr\/wp-json\/wp\/v2\/categories?post=315849"},{"taxonomy":"post_tag","embeddable":true,"href":"https:\/\/www.europesays.com\/fr\/wp-json\/wp\/v2\/tags?post=315849"}],"curies":[{"name":"wp","href":"https:\/\/api.w.org\/{rel}","templated":true}]}}