{"id":315859,"date":"2025-08-13T08:36:14","date_gmt":"2025-08-13T08:36:14","guid":{"rendered":"https:\/\/www.europesays.com\/fr\/315859\/"},"modified":"2025-08-13T08:36:14","modified_gmt":"2025-08-13T08:36:14","slug":"etudiants-sfr-vous-reserve-un-pack-box-pc-a-prix-casses-pour-la-rentree-2025","status":"publish","type":"post","link":"https:\/\/www.europesays.com\/fr\/315859\/","title":{"rendered":"\u00c9tudiants ? SFR vous r\u00e9serve un pack box + pc \u00e0 prix cass\u00e9s pour la rentr\u00e9e 2025"},"content":{"rendered":"<p>              <img decoding=\"async\" class=\"article-author__picture webp\" src=\"https:\/\/www.europesays.com\/fr\/wp-content\/uploads\/2025\/08\/Sans titre.png.webp\" alt=\"Floriane Wittner\"\/><\/p>\n<p class=\"article-author__info--name\"> Par<br \/>\n                      <a href=\"https:\/\/www.echosdunet.net\/equipe\/floriane-wittner\" target=\"_blank\" rel=\"noopener author nofollow\"> Floriane Wittner <\/a><\/p>\n<p class=\"article-author__info--description\"> Charg\u00e9e des actualit\u00e9s Telecom <\/p>\n<p>        Ecrit le<\/p>\n<p>                                13\/08\/2025<\/p>\n<p>            min de lecture\n        <\/p>\n<p class=\"intro\">La rentr\u00e9e universitaire approche et, avec elle, son lot de pr\u00e9paratifs. Entre le logement, les fournitures et l\u2019\u00e9quipement informatique, la facture peut rapidement atteindre des sommets. Or, \u00e9tudier ne devrait jamais rimer avec se ruiner. C&rsquo;est justement dans cette optique que SFR propose une offre box + pc \u00e0 prix canon. L&rsquo;occasion de concilier connexion haut d\u00e9bit et mat\u00e9riel adapt\u00e9 pour une ann\u00e9e studieuse couronn\u00e9e de succ\u00e8s !<\/p>\n<p>Box + high tech, la formule SFR qui facilite la rentr\u00e9e<img decoding=\"async\" class=\"u-img--fluid\" src=\"https:\/\/www.europesays.com\/fr\/wp-content\/uploads\/2025\/08\/etudiante-200x280-20.png\" alt=\"etudiante\" loading=\"lazy\"\/><\/p>\n<p>Si vos enfants sont en \u00e2ge d&rsquo;aller \u00e0 l&rsquo;\u00e9cole, vous avez sans doute remarqu\u00e9 \u00e0 quel point <strong>la rentr\u00e9e fait rapidement grimper le nombre de d\u00e9penses<\/strong>. Un constat d&rsquo;autant plus vrai \u00e0 mesure qu&rsquo;ils grandissent, jusqu&rsquo;\u00e0, pour certains, s&rsquo;inscrire \u00e0 l&rsquo;universit\u00e9.<\/p>\n<p>Pourtant, \u00e9tudier, suivre une formation ou un cursus professionnalisant ne devrait jamais \u00eatre synonyme de difficult\u00e9s financi\u00e8res. C&rsquo;est dans ces conditions que <a href=\"https:\/\/www.echosdunet.net\/sfr\" rel=\"nofollow noopener\" target=\"_blank\">SFR<\/a> a lanc\u00e9 l&rsquo;offre box + pc, id\u00e9ale pour <strong>\u00e9quiper les \u00e9tudiants \u00e0 moindres frais<\/strong>.<\/p>\n<p>Le concept de l&rsquo;op\u00e9rateur est simple : permettre aux jeunes apprenants de <strong>souscrire une connexion internet performante<\/strong> et accompagner cette offre d&rsquo;un ordinateur portable \u00e0 prix r\u00e9duit.<\/p>\n<p>Ce pack box + high tech se d\u00e9cline avec <a href=\"https:\/\/www.echosdunet.net\/sfr\/box-internet\" rel=\"nofollow noopener\" target=\"_blank\">plusieurs formules d\u2019abonnement fibre<\/a> et deux mod\u00e8les de PC portables Asus. En fonction de vos besoins et de votre budget, vous avez la possibilit\u00e9 de <strong>cr\u00e9er la combinaison la plus adapt\u00e9e \u00e0 votre situation<\/strong>.<\/p>\n<p class=\"text-box thumbs-up\">Vous cherchez une offre SFR ? D\u00e9couvrez les offres disponibles et laissez-vous guider afin de profiter de l&rsquo;offre partenaire la plus adapt\u00e9e \u00e0 vos besoins.\u00a0<\/p>\n<p><a class=\"btn btn--success btn--md call-block--open nowrap\" href=\"\" data-callcenter=\"france-telecom\" role=\"button\">09 71 07 91 31<\/a><\/p>\n<p>Le v\u00e9ritable point fort de ce bon plan ? Vous n&rsquo;\u00eates pas tenu de souscrire l&rsquo;offre fibre haut de gamme de SFR, la <a href=\"https:\/\/www.echosdunet.net\/sfr\/box-internet\/premium\" rel=\"nofollow noopener\" target=\"_blank\">box Premium<\/a>. Les box Power S et Power sont elles aussi \u00e9ligibles !<\/p>\n<p>La SFR Box Premium : des performances au sommet<\/p>\n<p>Mais pour ceux qui veulent profiter des meilleures performances de la fibre, la formule SFR Box Premium permet d&rsquo;atteindre <strong>jusqu\u2019\u00e0 8 Gbit\/s en d\u00e9bits sym\u00e9triques<\/strong>.<\/p>\n<p>Le modem SFR 8X <a href=\"https:\/\/www.echosdunet.net\/reseau-internet\/wifi\/wifi-6\" rel=\"nofollow noopener\" target=\"_blank\">Wi-Fi 6<\/a> assure une connexion stable et rapide sur tous vos appareils, m\u00eame lorsque plusieurs utilisateurs sont connect\u00e9s en m\u00eame temps. Id\u00e9al pour travailler sur un projet \u00e0 plusieurs, sans latence ou interruption de connexion !<\/p>\n<p>Et parce que tout travail m\u00e9rite r\u00e9compense, cet abonnement fibre s&rsquo;accompagne aussi d&rsquo;un <strong>large \u00e9ventail de divertissements<\/strong>.<\/p>\n<p>Le d\u00e9codeur TV inclus vous donne acc\u00e8s \u00e0 200 cha\u00eenes, et une <a href=\"https:\/\/www.echosdunet.net\/tv\/streaming\" rel=\"nofollow noopener\" target=\"_blank\">plateforme de streaming<\/a> au choix (Disney+, Netflix ou Prime Video) vous est offerte pendant 9 mois.<\/p>\n<p>L\u2019offre comprend aussi 1 To de stockage sur <a href=\"https:\/\/www.echosdunet.net\/sfr\/equipement\/cloud\" rel=\"nofollow noopener\" target=\"_blank\">SFR Cloud<\/a>, un disque dur num\u00e9rique pour enregistrer jusqu\u2019\u00e0 300 heures de programmes. Certes, cette formule est propos\u00e9e \u00e0 54,99 \u20ac\/mois avec un engagement de 24 mois, mais <strong>SFR vous offre les frais d&rsquo;ouverture de service de 49 \u20ac<\/strong>, soit presque un mois d&rsquo;abonnement !<\/p>\n<p>Offres fibre SFR au 12 ao\u00fbt 2025<\/p>\n<tr>Nom de l&rsquo;offreServices et engagementTarif<\/tr>\n<tr>\n<td>\n<p><img decoding=\"async\" src=\"https:\/\/www.europesays.com\/fr\/wp-content\/uploads\/2025\/08\/logo-sfr-100.jpg\" alt=\"SFR\" width=\"100\" height=\"67\" loading=\"lazy\"\/><\/p>\n<p><strong>SFR Power S<\/strong><br \/>Frais de service offerts !<\/p>\n<\/td>\n<td>\n<ul class=\"list--check\">\n<li><strong>Jusqu&rsquo;\u00e0 1 Gbit\/s<\/strong> en d\u00e9bits sym\u00e9triques<\/li>\n<li>Box SFR 8 Wi-Fi 6<\/li>\n<li>D\u00e9codeur Connect TV Android<\/li>\n<li>160 cha\u00eenes TV incluses<\/li>\n<li>Engagement de 12 mois<\/li>\n<\/ul>\n<\/td>\n<td><strong>29,99\u20ac par mois<\/strong>\u00a0<br \/><a class=\"btn btn--primary btn--md call-block--open nowrap\" href=\"https:\/\/www.echosdunet.net\/comparateur-box-internet\/actualites\/tel:+33971079131\" data-callcenter=\"france-telecom\" role=\"button\">09 71 07 91 31<\/a><\/td>\n<\/tr>\n<tr>\n<td>\n<p><img decoding=\"async\" src=\"https:\/\/www.europesays.com\/fr\/wp-content\/uploads\/2025\/08\/logo-sfr-100.jpg\" alt=\"SFR\" width=\"100\" height=\"67\" loading=\"lazy\"\/><\/p>\n<p><strong>SFR Power<\/strong><br \/>Frais de service offerts !<\/p>\n<\/td>\n<td>\n<ul class=\"list--check\">\n<li><strong>Jusqu&rsquo;\u00e0 2 Gbit\/s<\/strong> en d\u00e9bit descendant<\/li>\n<li>1 Gbit\/s en d\u00e9bit montant<\/li>\n<li>Box SFR 8 Wi-Fi 6, internet illimit\u00e9<\/li>\n<li>D\u00e9codeur Connect TV Android<\/li>\n<li>200 cha\u00eenes TV incluses + Netflix, Max &amp; Prime au choix pendant 6 mois<\/li>\n<li>Engagement de 12 mois<\/li>\n<\/ul>\n<\/td>\n<td><strong>36,99\u20ac par mois<\/strong>\u00a0<br \/><a class=\"btn btn--primary btn--md call-block--open nowrap\" href=\"https:\/\/www.echosdunet.net\/comparateur-box-internet\/actualites\/tel:+33971079131\" data-callcenter=\"france-telecom\" role=\"button\">09 71 07 91 31<\/a><\/td>\n<\/tr>\n<tr>\n<td>\n<p><img decoding=\"async\" src=\"https:\/\/www.europesays.com\/fr\/wp-content\/uploads\/2025\/08\/logo-sfr-100.jpg\" alt=\"SFR\" width=\"100\" height=\"67\" loading=\"lazy\"\/><\/p>\n<p><strong>SFR Premium<\/strong><br \/>Frais de service offerts !<\/p>\n<\/td>\n<td>\n<ul class=\"list--check\">\n<li><strong>Jusqu&rsquo;\u00e0 8 Gbit\/s<\/strong> en d\u00e9bits sym\u00e9triques<\/li>\n<li>Box SFR 8 Wi-Fi 6, internet illimit\u00e9<\/li>\n<li>D\u00e9codeur SFR Box 8 TV + 2 r\u00e9p\u00e9teurs Wi-Fi 6<\/li>\n<li>200 cha\u00eenes TV incluses + Netflix, Max &amp; Prime au choix pendant 9 mois<\/li>\n<li>Sans engagement<\/li>\n<\/ul>\n<\/td>\n<td><strong>44,99\u20ac par mois<\/strong>\u00a0<br \/><a class=\"btn btn--primary btn--md call-block--open nowrap\" href=\"https:\/\/www.echosdunet.net\/comparateur-box-internet\/actualites\/tel:+33971079131\" data-callcenter=\"france-telecom\" role=\"button\">09 71 07 91 31<\/a><\/td>\n<\/tr>\n<p class=\"table__legend\">Liste exhaustive des offres fibre SFR, class\u00e9es par ordre de prix croissant. Le r\u00e9f\u00e9rencement de ces offres est gratuit.<\/p>\n<p>Box + pc SFR : quels mod\u00e8les disponibles ?<img decoding=\"async\" class=\"u-img--fluid\" src=\"https:\/\/www.europesays.com\/fr\/wp-content\/uploads\/2025\/08\/femme-ordinateur-20.png\" alt=\"femme ordinateur\" loading=\"lazy\"\/><\/p>\n<p>Le point fort de cette offre, c\u2019est <strong>la possibilit\u00e9 d\u2019acqu\u00e9rir un ordinateur portable Asus \u00e0 prix r\u00e9duit<\/strong>. Quand on m\u00e8ne des \u00e9tudes ou que l&rsquo;on suit une formation, avoir acc\u00e8s \u00e0 Internet sur un <strong>\u00e9quipement de qualit\u00e9<\/strong> est primordial.<\/p>\n<p>Deux mod\u00e8les sont disponibles : <strong>l\u2019Asus Vivobook 14X<\/strong> et <strong>l\u2019Asus E510<\/strong>. Leurs diff\u00e9rentes caract\u00e9ristiques permettent de r\u00e9pondre \u00e0 des besoins diff\u00e9rents.<\/p>\n<p>Asus Vivobook 14X<\/p>\n<p>Ce mod\u00e8le compact de <strong>14 pouces<\/strong> ne p\u00e8se que 1,4 kg, id\u00e9al pour \u00eatre transport\u00e9 dans un sac \u00e0 dos, \u00e0 v\u00e9lo, dans le train ou le m\u00e9tro. Il dispose d\u2019un <strong>\u00e9cran Full HD<\/strong>, de 8 Go de m\u00e9moire vive et d\u2019un SSD de 512 Go, parfait pour stocker documents, cours et logiciels.<\/p>\n<p>C\u00f4t\u00e9 connectivit\u00e9, celle-ci est assur\u00e9e par le Wi-Fi 6, et la recharge se fait via USB-C, un vrai atout pour <strong>plus de praticit\u00e9<\/strong>. Avec l&rsquo;abonnement SFR Premium, par exemple, le prix de ce PC chute \u00e0 <strong>291 \u20ac<\/strong>.<\/p>\n<p>L&rsquo;op\u00e9rateur propose le paiement en une seule fois, ou en 24 mensualit\u00e9s de 8 \u20ac apr\u00e8s un premier versement de 99 \u20ac.<\/p>\n<p class=\"text-box thumbs-up\">Vous cherchez une offre SFR ? D\u00e9couvrez les offres disponibles et laissez-vous guider afin de profiter de l&rsquo;offre partenaire la plus adapt\u00e9e \u00e0 vos besoins.\u00a0<\/p>\n<p><a class=\"btn btn--success btn--md call-block--open nowrap\" href=\"\" data-callcenter=\"france-telecom\" role=\"button\">09 71 07 91 31<\/a><\/p>\n<p>SFR box + pc : Asus E510<\/p>\n<p>Avec son \u00e9cran plus grand de <strong>15,6 pouces<\/strong>, l\u2019Asus E510 est pens\u00e9 pour ceux qui privil\u00e9gient le confort visuel. Plus l\u00e9ger encore que le Vivobook (1,35 kg), il embarque 4 Go de RAM et <strong>128 Go de stockage eMMC<\/strong>.<\/p>\n<p>Sa connexion passe en revanche par le Wi-Fi 5, et il est livr\u00e9 avec un an d\u2019abonnement \u00e0 Microsoft 365 Personnel inclus. Son prix avec l\u2019offre fibre Premium est de <strong>201 \u20ac<\/strong>, ou de 8 \u20ac en 24 mensualit\u00e9s apr\u00e8s un premier paiement de 9 \u20ac.<\/p>\n<p>Et si vous pr\u00e9f\u00e9rez opter pour la <a href=\"https:\/\/www.echosdunet.net\/sfr\/box-internet\/power\" rel=\"nofollow noopener\" target=\"_blank\">box fibre Power S<\/a>, le prix de cet ordinateur est de 241 \u20ac, tandis que celui de l&rsquo;abonnement sera de 39,99 \u20ac par mois, avec un engagement de 24 mois.<\/p>\n<p>Un bon plan pour la rentr\u00e9e 2025<img decoding=\"async\" class=\"u-img--fluid\" src=\"https:\/\/www.europesays.com\/fr\/wp-content\/uploads\/2025\/08\/etudiant-garcon-230x200-20.png\" alt=\"jeune etudiant\" loading=\"lazy\"\/><\/p>\n<p>Avec cette op\u00e9ration promotionnelle, SFR cible clairement les foyers et \u00e9tudiants qui cherchent \u00e0 <strong>allier performance et \u00e9conomie pour la rentr\u00e9e 2025<\/strong>.<\/p>\n<p>Le fait de pouvoir payer le PC en plusieurs fois, <strong>sans frais suppl\u00e9mentaires<\/strong>, rend l\u2019offre accessible m\u00eame aux petits budgets. Les mod\u00e8les propos\u00e9s couvrent des besoins vari\u00e9s, de la bureautique au multim\u00e9dia l\u00e9ger, parfaits pour travailler, mais aussi se d\u00e9tendre.<\/p>\n<p>En combinant un <a href=\"https:\/\/www.echosdunet.net\/comparateur-box-internet\/fibre\" rel=\"nofollow noopener\" target=\"_blank\">abonnement fibre performant<\/a> et un ordinateur portable adapt\u00e9 aux cours en ligne comme au travail collaboratif, cette <strong>offre SFR Box + High Tech<\/strong> constitue un vrai coup de pouce pour bien d\u00e9marrer l\u2019ann\u00e9e universitaire.<\/p>\n<p>Elle peut s\u00e9duire aussi bien les \u00e9tudiants en premi\u00e8re ann\u00e9e que ceux qui souhaitent renouveler leur mat\u00e9riel \u00e0 moindre co\u00fbt. Et constitue un <strong>cadeau id\u00e9al<\/strong> pour votre jeune qui s&rsquo;appr\u00eate, par exemple, \u00e0 quitter le nid familial !<\/p>\n<p>      Avez-vous trouv\u00e9 cette information utile ?<\/p>\n<p>100% des 2 votes trouvent l&rsquo;information utile.<\/p>\n","protected":false},"excerpt":{"rendered":"Par Floriane Wittner Charg\u00e9e des actualit\u00e9s Telecom Ecrit le 13\/08\/2025 min de lecture La rentr\u00e9e universitaire approche et,&hellip;\n","protected":false},"author":2,"featured_media":315860,"comment_status":"","ping_status":"","sticky":false,"template":"","format":"standard","meta":{"footnotes":""},"categories":[7],"tags":[1011,27,43,40,41,39,42,44],"class_list":{"0":"post-315859","1":"post","2":"type-post","3":"status-publish","4":"format-standard","5":"has-post-thumbnail","7":"category-sciences-et-technologies","8":"tag-fr","9":"tag-france","10":"tag-science","11":"tag-science-and-technology","12":"tag-sciences","13":"tag-sciences-et-technologies","14":"tag-technologies","15":"tag-technology"},"share_on_mastodon":{"url":"https:\/\/pubeurope.com\/@fr\/115020548389292339","error":""},"_links":{"self":[{"href":"https:\/\/www.europesays.com\/fr\/wp-json\/wp\/v2\/posts\/315859","targetHints":{"allow":["GET"]}}],"collection":[{"href":"https:\/\/www.europesays.com\/fr\/wp-json\/wp\/v2\/posts"}],"about":[{"href":"https:\/\/www.europesays.com\/fr\/wp-json\/wp\/v2\/types\/post"}],"author":[{"embeddable":true,"href":"https:\/\/www.europesays.com\/fr\/wp-json\/wp\/v2\/users\/2"}],"replies":[{"embeddable":true,"href":"https:\/\/www.europesays.com\/fr\/wp-json\/wp\/v2\/comments?post=315859"}],"version-history":[{"count":0,"href":"https:\/\/www.europesays.com\/fr\/wp-json\/wp\/v2\/posts\/315859\/revisions"}],"wp:featuredmedia":[{"embeddable":true,"href":"https:\/\/www.europesays.com\/fr\/wp-json\/wp\/v2\/media\/315860"}],"wp:attachment":[{"href":"https:\/\/www.europesays.com\/fr\/wp-json\/wp\/v2\/media?parent=315859"}],"wp:term":[{"taxonomy":"category","embeddable":true,"href":"https:\/\/www.europesays.com\/fr\/wp-json\/wp\/v2\/categories?post=315859"},{"taxonomy":"post_tag","embeddable":true,"href":"https:\/\/www.europesays.com\/fr\/wp-json\/wp\/v2\/tags?post=315859"}],"curies":[{"name":"wp","href":"https:\/\/api.w.org\/{rel}","templated":true}]}}