{"id":315863,"date":"2025-08-13T08:38:11","date_gmt":"2025-08-13T08:38:11","guid":{"rendered":"https:\/\/www.europesays.com\/fr\/315863\/"},"modified":"2025-08-13T08:38:11","modified_gmt":"2025-08-13T08:38:11","slug":"jd-vance-nest-pas-le-bienvenu-en-angleterre-pour-ses-vacances-et-les-habitants-lui-font-savoir","status":"publish","type":"post","link":"https:\/\/www.europesays.com\/fr\/315863\/","title":{"rendered":"JD Vance n\u2019est pas le bienvenu en Angleterre pour ses vacances et les habitants lui font savoir"},"content":{"rendered":"<p>        <img decoding=\"async\" loading=\"lazy\" src=\"https:\/\/www.europesays.com\/fr\/wp-content\/uploads\/2025\/08\/317ab41_upload-1-yfshpdhzrtea-000-69d32r2.jpg\"  width=\"728\" height=\"409\" alt=\"Un masque du pr\u00e9sident Trump port\u00e9 lors d\u2019une \u00ab f\u00eate anti-Vance \u00bb organis\u00e9e par des militants et les habitants de Charlbury, \u00e0 l\u2019ouest de Londres, le 12\u00a0ao\u00fbt 2025.\"\/>  <\/p>\n<p>DARREN STAPLES \/ AFP<\/p>\n<p>Un masque du pr\u00e9sident Trump port\u00e9 lors d\u2019une \u00ab f\u00eate anti-Vance \u00bb organis\u00e9e par des militants et les habitants de Charlbury, \u00e0 l\u2019ouest de Londres, le 12\u00a0ao\u00fbt 2025.<\/p>\n<p class=\"asset asset-text\">INTERNATIONAL &#8211; Ce bras droit de<a href=\"https:\/\/www.huffingtonpost.fr\/international\/article\/pourquoi-donald-trump-menace-de-prendre-le-controle-de-la-ville-de-washington_253464.html\" target=\"_blank\" rel=\"noopener\"> Donald Trump<\/a> avait d\u00e9j\u00e0 re\u00e7u un accueil mouvement\u00e9 lors de<a href=\"https:\/\/www.huffingtonpost.fr\/international\/video\/apres-son-clash-avec-zelensky-jd-vance-rattrape-par-des-americains-furieux-lors-de-ses-vacances-au-ski_246901.html\" target=\"_blank\" rel=\"noopener\"> ses vacances au ski <\/a>dans le Vermont. Cette fois-ci, c\u2019est en Angleterre que le vice-pr\u00e9sident am\u00e9ricain JD Vance esp\u00e9rait passer quelques jours de retraite paisible. Mais rien ne s\u2019est pass\u00e9 comme pr\u00e9vu\u00a0: des dizaines de militants et d\u2019habitants ont manifest\u00e9 ce mardi 12\u00a0ao\u00fbt contre sa venue dans une r\u00e9gion rurale du sud-ouest du pays.<\/p>\n<p class=\"asset asset-text\">Au total, une soixantaine de personnes se sont rassembl\u00e9es dans la ville de Charlbury, dans la r\u00e9gion des Cotswolds, brandissant des pancartes sur lesquelles on pouvait lire \u00ab\u00a0Rentrez chez vous\u00a0!\u00a0\u00bb, \u00ab\u00a0Vous n\u2019\u00eates pas les bienvenus\u00a0\u00bb et \u00ab\u00a0Fichez le camp\u00a0!\u00a0\u00bb. D\u2019autres, plus humoristiques, contenaient les messages suivants\u00a0: \u00ab\u00a0le mot de passe de JD Vance sur Netflix est \u201cmot de passe\u201d\u00a0\u00bb ou encore \u00ab\u00a0JD Vance applaudit quand l\u2019avion atterrit\u00a0\u00bb. Des inscriptions visant \u00e9videmment \u00e0 le ridiculiser.<\/p>\n<p class=\"asset asset-text\">Beaucoup de manifestants portaient \u00e9galement des t-shirts floqu\u00e9s \u00ab\u00a0Palestine\u00a0\u00bb, tandis que le soutien des \u00c9tats-Unis \u00e0 Isra\u00ebl dans la guerre \u00e0 Gaza est r\u00e9guli\u00e8rement critiqu\u00e9 sur la sc\u00e8ne internationale. Des pancartes \u00ab\u00a0Stop G\u00e9nocide\u00a0\u00bb \u00e9taient aussi pr\u00e9sentes dans le cort\u00e8ge.<\/p>\n<p> La lecture de ce contenu est susceptible d\u2019entra\u00eener un d\u00e9p\u00f4t de cookies de la part de l\u2019op\u00e9rateur tiers qui l\u2019h\u00e9berge. Compte-tenu des choix que vous avez exprim\u00e9s en mati\u00e8re de d\u00e9p\u00f4t de cookies, nous avons bloqu\u00e9 l\u2019affichage de ce contenu. Si vous souhaitez y acc\u00e9der, vous devez accepter la cat\u00e9gorie de cookies \u201cContenus tiers\u201d en cliquant sur le bouton ci-dessous. <\/p>\n<p> Lire la Vid\u00e9o        <\/p>\n<p class=\"asset asset-text\">\u00ab\u00a0Les habitants des Cotswolds sont ici aujourd\u2019hui pour dire \u00e0\u00a0JD\u00a0Vance\u00a0qu\u2019il n\u2019est pas le bienvenu\u00a0\u00bb, a d\u00e9clar\u00e9 Jake Atkinson, de la coalition Stop Trump, \u00e0 l\u2019AFP lors du rassemblement.<\/p>\n<p class=\"asset asset-text\">Face \u00e0 cette mobilisation inhabituelle, la police britannique et les services de s\u00e9curit\u00e9 am\u00e9ricains \u00e9taient pr\u00e9sents en force sur les routes habituellement tranquilles menant au hameau voisin o\u00f9 s\u00e9journe le vice-pr\u00e9sident, bloquant certaines routes et sentiers.<\/p>\n<p>    Le \u00ab\u00a0m\u00eame\u00a0accueil\u00a0\u00bb que celui de Zelensky \u00e0 la Maison blanche    <\/p>\n<p class=\"asset asset-text\">Plus t\u00f4t dans la journ\u00e9e, une camionnette noire arborant une image du vice-pr\u00e9sident, retouch\u00e9e pour le faire para\u00eetre chauve et bouffi, a parcouru les rues sinueuses de la ville, <strong>comme vous pouvez le voir dans la vid\u00e9o ci-dessous. <\/strong>Cette image humoristique circule depuis des mois sur internet depuis le clash survenu fin f\u00e9vrier entre Donald Trump et Volodymyr Zelensky \u00e0 la Maison Blanche.<\/p>\n<p> La lecture de ce contenu est susceptible d\u2019entra\u00eener un d\u00e9p\u00f4t de cookies de la part de l\u2019op\u00e9rateur tiers qui l\u2019h\u00e9berge. Compte-tenu des choix que vous avez exprim\u00e9s en mati\u00e8re de d\u00e9p\u00f4t de cookies, nous avons bloqu\u00e9 l\u2019affichage de ce contenu. Si vous souhaitez y acc\u00e9der, vous devez accepter la cat\u00e9gorie de cookies \u201cContenus tiers\u201d en cliquant sur le bouton ci-dessous. <\/p>\n<p> Lire la Vid\u00e9o        <\/p>\n<p class=\"asset asset-text\">\u00ab\u00a0Nous voulions lui r\u00e9server le m\u00eame accueil que celui qu\u2019il a r\u00e9serv\u00e9 \u00e0 (Volodymyr) Zelensky \u00e0 la Maison Blanche\u00a0\u00bb, a confirm\u00e9 Lou Johnson, un habitant de Charlbury \u00e2g\u00e9 de 75\u00a0ans. Le vice-pr\u00e9sident est en effet <a href=\"https:\/\/www.huffingtonpost.fr\/international\/article\/si-l-altercation-trump-zelensky-a-degenere-a-cause-de-j-d-vance-ce-n-est-vraiment-pas-un-hasard_246869.html\" target=\"_blank\" rel=\"noopener\">tenu en partie responsable <\/a>de l\u2019altercation historique entre Donald Trump et son homologue ukrainien dans le Bureau ovale. \u00ab\u00a0Dites quelques mots de remerciements aux \u00c9tats-Unis d\u2019Am\u00e9rique et au pr\u00e9sident qui essaie de sauver votre pays\u00a0\u00bb, avait notamment l\u00e2ch\u00e9 JD Vance \u00e0 l\u2019\u00e9gard de Volodymyr Zelensky, apr\u00e8s une s\u00e9rie d\u2019humiliations.<\/p>\n<p class=\"asset asset-text\">JD\u00a0Vance\u00a0a commenc\u00e9 ses vacances en Grande-Bretagne la semaine derni\u00e8re en rencontrant le ministre britannique des Affaires \u00e9trang\u00e8res, David Lammy, qui l\u2019a accueilli dans sa r\u00e9sidence de Chevening, dans le Kent, au sud-est de Londres.<\/p>\n","protected":false},"excerpt":{"rendered":"DARREN STAPLES \/ AFP Un masque du pr\u00e9sident Trump port\u00e9 lors d\u2019une \u00ab f\u00eate anti-Vance \u00bb organis\u00e9e par&hellip;\n","protected":false},"author":2,"featured_media":315864,"comment_status":"","ping_status":"","sticky":false,"template":"","format":"standard","meta":{"footnotes":""},"categories":[5],"tags":[11,4708,73,1011,27,14,591,12,28],"class_list":{"0":"post-315863","1":"post","2":"type-post","3":"status-publish","4":"format-standard","5":"has-post-thumbnail","7":"category-international","8":"tag-actualites","9":"tag-angleterre","10":"tag-etats-unis","11":"tag-fr","12":"tag-france","13":"tag-international","14":"tag-jd-vance","15":"tag-news","16":"tag-world"},"share_on_mastodon":{"url":"https:\/\/pubeurope.com\/@fr\/115020556161105360","error":""},"_links":{"self":[{"href":"https:\/\/www.europesays.com\/fr\/wp-json\/wp\/v2\/posts\/315863","targetHints":{"allow":["GET"]}}],"collection":[{"href":"https:\/\/www.europesays.com\/fr\/wp-json\/wp\/v2\/posts"}],"about":[{"href":"https:\/\/www.europesays.com\/fr\/wp-json\/wp\/v2\/types\/post"}],"author":[{"embeddable":true,"href":"https:\/\/www.europesays.com\/fr\/wp-json\/wp\/v2\/users\/2"}],"replies":[{"embeddable":true,"href":"https:\/\/www.europesays.com\/fr\/wp-json\/wp\/v2\/comments?post=315863"}],"version-history":[{"count":0,"href":"https:\/\/www.europesays.com\/fr\/wp-json\/wp\/v2\/posts\/315863\/revisions"}],"wp:featuredmedia":[{"embeddable":true,"href":"https:\/\/www.europesays.com\/fr\/wp-json\/wp\/v2\/media\/315864"}],"wp:attachment":[{"href":"https:\/\/www.europesays.com\/fr\/wp-json\/wp\/v2\/media?parent=315863"}],"wp:term":[{"taxonomy":"category","embeddable":true,"href":"https:\/\/www.europesays.com\/fr\/wp-json\/wp\/v2\/categories?post=315863"},{"taxonomy":"post_tag","embeddable":true,"href":"https:\/\/www.europesays.com\/fr\/wp-json\/wp\/v2\/tags?post=315863"}],"curies":[{"name":"wp","href":"https:\/\/api.w.org\/{rel}","templated":true}]}}