{"id":315865,"date":"2025-08-13T08:39:10","date_gmt":"2025-08-13T08:39:10","guid":{"rendered":"https:\/\/www.europesays.com\/fr\/315865\/"},"modified":"2025-08-13T08:39:10","modified_gmt":"2025-08-13T08:39:10","slug":"le-chef-etoile-du-georges-v-simone-zanoni-victime-dun-rapt-violent-une-montre-a-150-000-euros-derobee","status":"publish","type":"post","link":"https:\/\/www.europesays.com\/fr\/315865\/","title":{"rendered":"Le chef \u00e9toil\u00e9 du Georges V Simone Zanoni victime d\u2019un rapt violent, une montre \u00e0 150.000 euros d\u00e9rob\u00e9e"},"content":{"rendered":"<p>Le chef \u00e9toil\u00e9 Simone Zanoni a \u00e9t\u00e9 violemment agress\u00e9 devant son domicile dans les Yvelines. Deux agresseurs sont activement recherch\u00e9s.<\/p>\n<p class=\"fig-paragraph\">Il rentrait chez lui au Chesnay, commune cossue des Yvelines, lorsqu\u2019il a \u00e9t\u00e9 pris pour cible. Dans la nuit de mardi \u00e0 mercredi, le c\u00e9l\u00e8bre chef \u00e9toil\u00e9 Simone Zanoni a \u00e9t\u00e9 victime d\u2019<a href=\"http:\/\/www.lefigaro.fr\/actualite-france\/l-inquietant-visage-de-la-delinquance-en-france-sur-les-douze-derniers-mois-20240705\" data-fig-type=\"Article\" data-gtm-custom-categorie=\"navigation\" data-gtm-custom-action=\"crossclick\" data-gtm-custom-label=\"Contextuel\" data-gtm-event=\"customEventSPE\" data-fig-domain=\"LEFIGARO\" target=\"_blank\" rel=\"noopener\">une violente agression<\/a>\u00a0lors de laquelle sa montre a \u00e9t\u00e9 d\u00e9rob\u00e9e, indique une source polici\u00e8re au Figaro, confirmant les informations de\u00a0<a href=\"https:\/\/www.rtl.fr\/actu\/justice-faits-divers\/info-rtl-un-chef-etoile-du-georges-v-violemment-agresse-pour-sa-montre-a-150-000-euros-7900530412\" target=\"_blank\" rel=\"sponsored noopener\" data-gtm-custom-categorie=\"navigation\" data-gtm-custom-action=\"crossclick\" data-gtm-custom-label=\"Contextuel\" data-gtm-event=\"customEventSPE\">RTL<\/a>.<\/p>\n<p class=\"fig-paragraph\">Il est aux alentours de 23 heures lorsque le chef Zanoni quitte les cuisines de l\u2019h\u00f4tel Georges V \u00e0 scooter pour rejoindre son domicile, route de Mantes. En arrivant devant son portail, deux individus cach\u00e9s dans l\u2019obscurit\u00e9 se jettent sur lui et le rouent de coups de pied. Les agresseurs exigent de r\u00e9cup\u00e9rer sa montre, de la marque Richard Mille, estim\u00e9e \u00e0 150.000 euros, puis prennent la fuite \u00e0 bord d\u2019un scooter T-Max en direction de l\u2019autoroute A13.<\/p>\n<p class=\"fig-body-link\">\n            \u00c0 lire aussi<br \/>\n        <a class=\"fig-body-link__link fig-premium-mark\" href=\"http:\/\/www.lefigaro.fr\/actualite-france\/cambriolages-violences-vols-avec-armes-la-delinquance-2024-en-france-ville-par-ville-20250327\" data-fig-type=\"Article\" data-gtm-custom-categorie=\"navigation\" data-gtm-custom-action=\"crossclick\" data-gtm-custom-label=\"Contextuel\" data-gtm-event=\"customEventSPE\" data-fig-domain=\"LEFIGARO\" target=\"_blank\" rel=\"noopener\">Cambriolages, violences, vols avec armes&#8230; Ville par ville, les chiffres de la d\u00e9linquance en France<br \/>\n    <\/a>\n<\/p>\n<p>                                    <a class=\"fig-a11y-skip a11y-hidden\" href=\"#fig-a11y-skip-main-inarticle\"><br \/>\n        Passer la publicit\u00e9<br \/>\n    <\/a><\/p>\n<p class=\"fig-paragraph\">Simone Zanoni se rel\u00e8ve et se rend de lui-m\u00eame au commissariat de Versailles pour porter plainte. Les premi\u00e8res investigations se sont concentr\u00e9es sur les cam\u00e9ras de vid\u00e9osurveillance qui ont captur\u00e9 \u00abla pr\u00e9sence d\u2019un scooter mont\u00e9 par deux individus, avec plaque apparente\u00bb, nous pr\u00e9cise notre source. Des pr\u00e9l\u00e8vements ont \u00e9t\u00e9 effectu\u00e9s sur les lieux de l\u2019agression ainsi que sur les v\u00eatements du chef cuisinier. Une enqu\u00eate a \u00e9t\u00e9 ouverte par le parquet de Versailles, tandis que la pr\u00e9fecture a \u00e9t\u00e9 avis\u00e9e afin de mobiliser des moyens pour identifier et retrouver les agresseurs.<\/p>\n","protected":false},"excerpt":{"rendered":"Le chef \u00e9toil\u00e9 Simone Zanoni a \u00e9t\u00e9 violemment agress\u00e9 devant son domicile dans les Yvelines. Deux agresseurs sont&hellip;\n","protected":false},"author":2,"featured_media":315866,"comment_status":"","ping_status":"","sticky":false,"template":"","format":"standard","meta":{"footnotes":""},"categories":[4],"tags":[11,7818,1011,27,12,25,1938],"class_list":{"0":"post-315865","1":"post","2":"type-post","3":"status-publish","4":"format-standard","5":"has-post-thumbnail","7":"category-france","8":"tag-actualites","9":"tag-chef","10":"tag-fr","11":"tag-france","12":"tag-news","13":"tag-republique-francaise","14":"tag-yvelines"},"share_on_mastodon":{"url":"https:\/\/pubeurope.com\/@fr\/115020560073097709","error":""},"_links":{"self":[{"href":"https:\/\/www.europesays.com\/fr\/wp-json\/wp\/v2\/posts\/315865","targetHints":{"allow":["GET"]}}],"collection":[{"href":"https:\/\/www.europesays.com\/fr\/wp-json\/wp\/v2\/posts"}],"about":[{"href":"https:\/\/www.europesays.com\/fr\/wp-json\/wp\/v2\/types\/post"}],"author":[{"embeddable":true,"href":"https:\/\/www.europesays.com\/fr\/wp-json\/wp\/v2\/users\/2"}],"replies":[{"embeddable":true,"href":"https:\/\/www.europesays.com\/fr\/wp-json\/wp\/v2\/comments?post=315865"}],"version-history":[{"count":0,"href":"https:\/\/www.europesays.com\/fr\/wp-json\/wp\/v2\/posts\/315865\/revisions"}],"wp:featuredmedia":[{"embeddable":true,"href":"https:\/\/www.europesays.com\/fr\/wp-json\/wp\/v2\/media\/315866"}],"wp:attachment":[{"href":"https:\/\/www.europesays.com\/fr\/wp-json\/wp\/v2\/media?parent=315865"}],"wp:term":[{"taxonomy":"category","embeddable":true,"href":"https:\/\/www.europesays.com\/fr\/wp-json\/wp\/v2\/categories?post=315865"},{"taxonomy":"post_tag","embeddable":true,"href":"https:\/\/www.europesays.com\/fr\/wp-json\/wp\/v2\/tags?post=315865"}],"curies":[{"name":"wp","href":"https:\/\/api.w.org\/{rel}","templated":true}]}}