{"id":315870,"date":"2025-08-13T08:45:28","date_gmt":"2025-08-13T08:45:28","guid":{"rendered":"https:\/\/www.europesays.com\/fr\/315870\/"},"modified":"2025-08-13T08:45:28","modified_gmt":"2025-08-13T08:45:28","slug":"vote-as-nancy-lorraine-us-boulogne-quel-est-votre-pronostic","status":"publish","type":"post","link":"https:\/\/www.europesays.com\/fr\/315870\/","title":{"rendered":"Vote. AS Nancy Lorraine &#8211; US Boulogne : quel est votre pronostic ?"},"content":{"rendered":"<p>Une semaine apr\u00e8s avoir r\u00e9ussi son retour en Ligue 2 en ramenant un bon point de Rodez (0-0), l&rsquo;ASNL retrouve son antre de Marcel-Picot, ce vendredi 15 ao\u00fbt \u00e0 20 h, face \u00e0 une formation de Boulogne avec qui elle ferraillait d\u00e9j\u00e0 la saison derni\u00e8re en National. Une rencontre qui se d\u00e9roulera sans spectateur, l&rsquo;ASNL commen\u00e7ant \u00e0 purger\u00a0sa sanction de quatre matchs \u00e0 huis clos. On attend\u00a0votre prono !\u00a0<\/p>\n<p>&#13;<br \/>\n              L&rsquo;Est R\u00e9publicain  &#8211; &#13;<br \/>\n        &#13;<br \/>\n          Aujourd&rsquo;hui \u00e0 07:00&#13;<br \/>\n    &#13;<br \/>\n                  | mis \u00e0 jour aujourd&rsquo;hui \u00e0 10:29&#13;<br \/>\n              &#8211; Temps de lecture : &#13;<br \/>\n  &#13;<\/p>\n","protected":false},"excerpt":{"rendered":"Une semaine apr\u00e8s avoir r\u00e9ussi son retour en Ligue 2 en ramenant un bon point de Rodez (0-0),&hellip;\n","protected":false},"author":2,"featured_media":315871,"comment_status":"","ping_status":"","sticky":false,"template":"","format":"standard","meta":{"footnotes":""},"categories":[9635],"tags":[1111,11,3703,1704,1706,1705,1777,674,107,1701,1795,63,1011,27,775,3457,1702,12,25,517,1700,10606],"class_list":{"0":"post-315870","1":"post","2":"type-post","3":"status-publish","4":"format-standard","5":"has-post-thumbnail","7":"category-nancy","8":"tag-actu","9":"tag-actualites","10":"tag-asnl","11":"tag-edition-nancy-et-agglomeration","12":"tag-edition-pont-a-mousson","13":"tag-edition-toul","14":"tag-eu","15":"tag-europe","16":"tag-fil-info","17":"tag-fil-info-sport","18":"tag-fil-web","19":"tag-football","20":"tag-fr","21":"tag-france","22":"tag-grand-est","23":"tag-meurthe-et-moselle","24":"tag-nancy","25":"tag-news","26":"tag-republique-francaise","27":"tag-sport","28":"tag-sport-lorrain","29":"tag-vote-sport-lorrain"},"share_on_mastodon":{"url":"https:\/\/pubeurope.com\/@fr\/115020583654172334","error":""},"_links":{"self":[{"href":"https:\/\/www.europesays.com\/fr\/wp-json\/wp\/v2\/posts\/315870","targetHints":{"allow":["GET"]}}],"collection":[{"href":"https:\/\/www.europesays.com\/fr\/wp-json\/wp\/v2\/posts"}],"about":[{"href":"https:\/\/www.europesays.com\/fr\/wp-json\/wp\/v2\/types\/post"}],"author":[{"embeddable":true,"href":"https:\/\/www.europesays.com\/fr\/wp-json\/wp\/v2\/users\/2"}],"replies":[{"embeddable":true,"href":"https:\/\/www.europesays.com\/fr\/wp-json\/wp\/v2\/comments?post=315870"}],"version-history":[{"count":0,"href":"https:\/\/www.europesays.com\/fr\/wp-json\/wp\/v2\/posts\/315870\/revisions"}],"wp:featuredmedia":[{"embeddable":true,"href":"https:\/\/www.europesays.com\/fr\/wp-json\/wp\/v2\/media\/315871"}],"wp:attachment":[{"href":"https:\/\/www.europesays.com\/fr\/wp-json\/wp\/v2\/media?parent=315870"}],"wp:term":[{"taxonomy":"category","embeddable":true,"href":"https:\/\/www.europesays.com\/fr\/wp-json\/wp\/v2\/categories?post=315870"},{"taxonomy":"post_tag","embeddable":true,"href":"https:\/\/www.europesays.com\/fr\/wp-json\/wp\/v2\/tags?post=315870"}],"curies":[{"name":"wp","href":"https:\/\/api.w.org\/{rel}","templated":true}]}}