{"id":315872,"date":"2025-08-13T08:46:13","date_gmt":"2025-08-13T08:46:13","guid":{"rendered":"https:\/\/www.europesays.com\/fr\/315872\/"},"modified":"2025-08-13T08:46:13","modified_gmt":"2025-08-13T08:46:13","slug":"cest-arsene-lupin-il-vole-tout-le-monde-meme-des-enfants-eddie-goujit-ex-candidat-a-la-mairie-de-toulon-en-garde-a-vue-2","status":"publish","type":"post","link":"https:\/\/www.europesays.com\/fr\/315872\/","title":{"rendered":"\u00ab\u00a0C\u2019est Ars\u00e8ne Lupin, il vole tout le monde, m\u00eame des enfants\u00a0\u00bb: Eddie Goujit, ex-candidat \u00e0 la mairie de Toulon, en garde \u00e0 vue"},"content":{"rendered":"<p>Eddie Goujit est actuellement en garde \u00e0 vue au commissariat central de Toulon, selon une information de nos confr\u00e8res de BFM Toulon Var. Ancien membre du Parlement r\u00e9gional de la jeunesse et candidat aux municipales \u00e0 Toulon, le jeune homme de 18 ans est accus\u00e9 d\u2019<a href=\"https:\/\/www.varmatin.com\/faits-divers\/le-jeune-faux-elu-de-la-region-rattrape-par-d-anciennes-arnaques-974446\" rel=\"nofollow noopener\" target=\"_blank\">usurpation de fonction, de faux et usage de faux et d\u2019escroqueries par la R\u00e9gion Sud<\/a>.<b> <\/b><\/p>\n<p>              <img ci-src=\"https:\/\/www.nicematin.com\/justice\/protec\/DATA_ART_16068980-9RWDAlTz.jpg?vh=49fe4c&amp;ci_seal=add6c397c6\" alt=\"\"\/><br \/>\n        Photo DR <strong>Photo DR.<\/strong> <\/p>\n<p>Eddie Goujit \u00e9tait recherch\u00e9 par la police depuis plusieurs mois pour des faits d\u2019escroquerie dans la r\u00e9gion et dans l\u2019ensemble de la France. En effet, il n\u2019a r\u00e9pondu a aucune des convocations adress\u00e9es par la justice.<\/p>\n<p>Eddie Goujit avait fait l\u2019objet d\u2019une premi\u00e8re plainte avant les proc\u00e9dures lanc\u00e9es par la R\u00e9gion. Nuits d\u2019h\u00f4tel, consommations au minibar, restaurations: autant de prestations rest\u00e9es&#8230; impay\u00e9es! La liste de ses arnaques s\u2019\u00e9tait agrandie en f\u00e9vrier dernier lorsqu\u2019un h\u00f4telier de Saint-Rapha\u00ebl en a \u00e9galement \u00e9t\u00e9 victime.<\/p>\n<p>Et il ne s\u2019est pas arr\u00eat\u00e9 l\u00e0. Apr\u00e8s s\u2019\u00eatre fait passer pour un \u00e9lu de la R\u00e9gion, un collaborateur de la maire de Toulon Jos\u00e9e Massi, le fils de Michel Bonnus ou encore le petit-fils d\u2019Hubert Falco. Eddie Goujit avait \u00e9galement arnaqu\u00e9 un autre h\u00f4telier, dans les Pyr\u00e9n\u00e9es-Atlantiques, en pr\u00e9tendant cette fois-ci <a href=\"https:\/\/www.varmatin.com\/faits-divers\/le-faux-elu-de-la-region-s-est-aussi-fait-passer-pour-un-ministre-de-francois-bayrou-982047\" rel=\"nofollow noopener\" target=\"_blank\">\u00eatre un ministre de Fran\u00e7ois Bayrou.<\/a><\/p>\n<p>Il a \u00e9t\u00e9 appr\u00e9hend\u00e9 par les forces de l\u2019ordre ce lundi par les gendarmes en Ard\u00e8che. Il se rendait \u00e0 la gare quand les gendarmes l\u2019ont arr\u00eat\u00e9.<\/p>\n<p>\u00ab\u00a0J\u2019avais le pire escroc de France chez moi\u00a0\u00bb<\/p>\n<p>Avant son interpellation, Eddie Goujit travaillait depuis un mois en tant qu\u2019animateur au camping du Lion \u00e0 Bourg-Saint-And\u00e9ol. Un \u00e9tablissement o\u00f9 le jeune affabulateur a encore s\u00e9vi derni\u00e8rement\u2026 \u00ab\u00a0Il a fait payer 5 euros le city sport \u00e0 des enfants, une activit\u00e9 qui est pourtant gratuite\u00a0\u00bb, raconte Patricia Curiere, la g\u00e9rante du camping, jointe par Var-matin.<\/p>\n<p>Autre arnaque, racont\u00e9e par une cliente de l\u2019\u00e9tablissement: \u00ab\u00a0Eddie nous a sauv\u00e9 les fesses lorsqu\u2019on a \u00e9t\u00e9 flash\u00e9 dans le camping par la gendarmerie. On lui a donn\u00e9 100 euros et il nous a sauv\u00e9 un point sur le permis de conduire!\u00a0\u00bb Sauf que dans un camping priv\u00e9, la gendarmerie pose rarement des radars&#8230;<\/p>\n<p>\u00ab\u00a0Des histoires comme \u00e7a, il y en a plein\u00a0\u00bb, t\u00e9moigne Patricia Curiere. Exc\u00e9d\u00e9e par ces agissements qui lui remontent, la propri\u00e9taire du camping le sermonne: \u00ab\u00a0Je l\u2019ai chop\u00e9 mais il m\u2019a soutenu mordicus, avec son aplomb ph\u00e9nom\u00e9nal, que sa m\u00e8re \u00e9tait procureure et son p\u00e8re actionnaire d\u2019une grande entreprise.\u00a0\u00bb<\/p>\n<p>Un jour, le personnel du camping s\u2019aper\u00e7oit qu\u2019il \u00ab\u00a0avait pris des num\u00e9ros de t\u00e9l\u00e9phone d\u2019enfants pour faire un groupe Whatsapp\u00a0\u00bb. La directrice prend alors les choses tr\u00e8s au s\u00e9rieux: \u00ab\u00a0Il m\u2019a dit qu\u2019il avait supprim\u00e9 les num\u00e9ros, c\u2019\u00e9tait faux. Donc j\u2019ai cass\u00e9 le t\u00e9l\u00e9phone mais il en avait cinq ou six autres!\u00a0\u00bb<\/p>\n<p>Jug\u00e9 \u00ab\u00a0incomp\u00e9tent\u00a0\u00bb dans ses qualit\u00e9s d\u2019animateur pour adultes, la direction doit d\u2019ailleurs faire appel aux services d\u2019un prestataire ext\u00e9rieur. \u00ab\u00a0Il n\u2019animait rien du tout et il \u00e9tait saoul tous les soirs!\u00a0\u00bb<\/p>\n<p>\u00ab\u00a0C\u2019est un gros nounours tr\u00e8s gentil mais il est baratineur, menteur, voleur et manipulateur&#8230; et il n\u2019a que 18 ans!\u00a0\u00bb Les autres salari\u00e9s sont sur le qui-vive en permanence. La g\u00e9rante se renseigne alors sur l\u2019ex candidat \u00e0 la mairie de Toulon: \u00ab\u00a0On m\u2019a dit: t\u2019as du lourd. Il faut pr\u00e9venir la gendarmerie.\u00a0\u00bb<\/p>\n<p>Dimanche matin, sentant le vent tourner, le jeune homme d\u00e9cide de partir. \u00ab\u00a0Impossible de le retenir, raconte son ex patronne. Il a traumatis\u00e9 beaucoup de personnes ici. On est dans la descente du stress. Il faut l\u2019enfermer pour qu\u2019il ne fasse plus de mal \u00e0 personne. Il a le vice.\u00a0\u00bb<\/p>\n<p>Encore sous le choc, Patricia Curirere estime qu\u2019Eddie Goujit est \u00ab\u00a0un Ars\u00e8ne Lupin, il vole tout le monde, m\u00eame des enfants. J\u2019avais le pire escroc de France chez moi.\u00a0\u00bb Et la g\u00e9rante de promettre: \u00ab\u00a0La prochaine fois que j\u2019embauche un salari\u00e9, je taperai son nom sur internet pour savoir \u00e0 qui j\u2019ai \u00e0 faire. Si j\u2019avais lu tous ces articles sur lui&#8230;\u00a0\u00bb<\/p>\n","protected":false},"excerpt":{"rendered":"Eddie Goujit est actuellement en garde \u00e0 vue au commissariat central de Toulon, selon une information de nos&hellip;\n","protected":false},"author":2,"featured_media":315424,"comment_status":"","ping_status":"","sticky":false,"template":"","format":"standard","meta":{"footnotes":""},"categories":[9619],"tags":[1111,11,1777,674,118,1011,27,303,12,882,25,2310],"class_list":{"0":"post-315872","1":"post","2":"type-post","3":"status-publish","4":"format-standard","5":"has-post-thumbnail","7":"category-toulon","8":"tag-actu","9":"tag-actualites","10":"tag-eu","11":"tag-europe","12":"tag-faits-divers","13":"tag-fr","14":"tag-france","15":"tag-justice","16":"tag-news","17":"tag-provence-alpes-cote-dazur","18":"tag-republique-francaise","19":"tag-toulon"},"share_on_mastodon":{"url":"https:\/\/pubeurope.com\/@fr\/115020587660299404","error":""},"_links":{"self":[{"href":"https:\/\/www.europesays.com\/fr\/wp-json\/wp\/v2\/posts\/315872","targetHints":{"allow":["GET"]}}],"collection":[{"href":"https:\/\/www.europesays.com\/fr\/wp-json\/wp\/v2\/posts"}],"about":[{"href":"https:\/\/www.europesays.com\/fr\/wp-json\/wp\/v2\/types\/post"}],"author":[{"embeddable":true,"href":"https:\/\/www.europesays.com\/fr\/wp-json\/wp\/v2\/users\/2"}],"replies":[{"embeddable":true,"href":"https:\/\/www.europesays.com\/fr\/wp-json\/wp\/v2\/comments?post=315872"}],"version-history":[{"count":0,"href":"https:\/\/www.europesays.com\/fr\/wp-json\/wp\/v2\/posts\/315872\/revisions"}],"wp:featuredmedia":[{"embeddable":true,"href":"https:\/\/www.europesays.com\/fr\/wp-json\/wp\/v2\/media\/315424"}],"wp:attachment":[{"href":"https:\/\/www.europesays.com\/fr\/wp-json\/wp\/v2\/media?parent=315872"}],"wp:term":[{"taxonomy":"category","embeddable":true,"href":"https:\/\/www.europesays.com\/fr\/wp-json\/wp\/v2\/categories?post=315872"},{"taxonomy":"post_tag","embeddable":true,"href":"https:\/\/www.europesays.com\/fr\/wp-json\/wp\/v2\/tags?post=315872"}],"curies":[{"name":"wp","href":"https:\/\/api.w.org\/{rel}","templated":true}]}}