{"id":315873,"date":"2025-08-13T08:47:10","date_gmt":"2025-08-13T08:47:10","guid":{"rendered":"https:\/\/www.europesays.com\/fr\/315873\/"},"modified":"2025-08-13T08:47:10","modified_gmt":"2025-08-13T08:47:10","slug":"eddie-goujit-est-en-garde-a-vue","status":"publish","type":"post","link":"https:\/\/www.europesays.com\/fr\/315873\/","title":{"rendered":"Eddie Goujit est en garde \u00e0 vue"},"content":{"rendered":"<p class=\"article__intro\">Eddie Goujit, 18 ans et candidat d\u00e9clar\u00e9 aux municipales de Toulon en 2026, a \u00e9t\u00e9 interpell\u00e9 en Ard\u00e8che et plac\u00e9 en garde \u00e0 vue apr\u00e8s plusieurs plaintes l\u2019accusant d\u2019usurpation d\u2019identit\u00e9 et d\u2019escroqueries. Il est notamment soup\u00e7onn\u00e9 d\u2019avoir tromp\u00e9 la R\u00e9gion Sud, des associations, des professionnels et particuliers.<\/p>\n<p>\n      La Quotidienne Soci\u00e9t\u00e9\n    <\/p>\n<p>\n      De la vie quotidienne aux grands enjeux, recevez tous les jours les sujets qui font la soci\u00e9t\u00e9 locale, comme la justice, l\u2019\u00e9ducation, la sant\u00e9 et la famille.\n    <\/p>\n<p>    France T\u00e9l\u00e9visions utilise votre adresse e-mail afin de vous envoyer la newsletter \u00ab\u00a0La Quotidienne Soci\u00e9t\u00e9\u00a0\u00bb. Vous pouvez vous d\u00e9sinscrire \u00e0 tout moment via le lien en bas de cette newsletter. <a target=\"_blank\" href=\"https:\/\/www.francetelevisions.fr\/groupe\/confidentialite\/politique-de-confidentialite\/politique-de-confidentialite-de-france-televisions-6503\" rel=\"nofollow noopener\">Notre politique de confidentialit\u00e9<\/a><\/p>\n<p>Lundi 11 ao\u00fbt, Eddie Goujit, 18 ans, a \u00e9t\u00e9 plac\u00e9 en garde \u00e0 vue, confirme \u00e0 France 3 C\u00f4te d&rsquo;Azur le Parquet de Toulon. Il \u00e9tait recherch\u00e9 depuis plusieurs mois, notamment \u00e0 la suite de plusieurs plaintes d\u00e9pos\u00e9es par le conseil r\u00e9gional de Provence-Alpes C\u00f4te d&rsquo;Azur et d&rsquo;autres institutions ou victimes.<\/p>\n<p>Pendant l&rsquo;\u00e9t\u00e9, il occupait un poste d&rsquo;animateur dans un camping en Ard\u00e8che en tant que saisonnier. D&rsquo;apr\u00e8s nos informations, c&rsquo;est gr\u00e2ce \u00e0 l&rsquo;alerte de la directrice de l&rsquo;\u00e9tablissement que ce dernier a pu \u00eatre arr\u00eat\u00e9 alors qu&rsquo;il se rendait \u00e0 la gare.<\/p>\n<p>Les autorit\u00e9s judiciaires nous pr\u00e9cisent \u00e9galement qu&rsquo;il sera pr\u00e9sent\u00e9 dans la journ\u00e9e au juge d&rsquo;instruction.<\/p>\n<blockquote class=\"ftvi_content_quote\">\n<p class=\"ftvi_citation_quote\">L&rsquo;int\u00e9ress\u00e9 a \u00e9t\u00e9 interpell\u00e9 sur commission rogatoire d&rsquo;un juge d&rsquo;instruction toulonnais alors qu&rsquo;il se trouvait en Ard\u00e8che.<\/p>\n<p>Parquet de Toulon<\/p>\n<p class=\"ftvi_citation_source\">\u00e0 France 3 C\u00f4te d&rsquo;Azur<\/p>\n<\/blockquote>\n<p>Plusieurs plaintes avaient d\u00e9j\u00e0 \u00e9t\u00e9 d\u00e9pos\u00e9es \u00e0 l&rsquo;encontre d&rsquo;Eddie Goujit, qui s&rsquo;\u00e9tait notamment fait passer pour le vice-pr\u00e9sident de la R\u00e9gion Sud, proche de ministres, ou encore responsable d\u2019une structure pr\u00e9sent\u00e9e comme gouvernementale.<\/p>\n<p>Parmi les \u00e9pisodes les plus marquants : la remise d\u2019un faux ch\u00e8que g\u00e9ant de 175 000 euros et d\u2019une fausse m\u00e9daille de l\u2019Ordre national du M\u00e9rite \u00e0 l\u2019organisateur d\u2019un concours de beaut\u00e9, en laissant croire \u00e0 un financement officiel de la R\u00e9gion Sud.\u00a0<\/p>\n<p><a data-article-figure=\"\" href=\"https:\/\/france3-regions.franceinfo.fr\/image\/N8q28mKnbYZMHEUkqh2FtAyvyUk\/525x441\/regions\/2025\/02\/20\/eddie-67b75d4d8b580840148740.png\" data-pswp-width=\"525\" data-pswp-height=\"441\" target=\"_blank\" rel=\"nofollow noopener\"><\/p>\n<p>          <img width=\"600\" height=\"400\" class=\"article-image lazy\" data-src=\"https:\/\/www.europesays.com\/fr\/wp-content\/uploads\/2025\/08\/eddie-67b75d4d8b580840148740.png\" alt=\"Eddie Goujit fait l'objets de plusieurs plaintes du Conseil R\u00e9gional.\" fetchpriority=\"high\" as=\"image\"\/><\/p>\n<p>\n            Eddie Goujit fait l&rsquo;objets de plusieurs plaintes du Conseil R\u00e9gional.<br \/>\n                           \u2022<br \/>\n                                      \u00a9 Eddie Goujit\n                      <\/p>\n<p><\/a><\/p>\n<p>Selon plusieurs victimes, les diff\u00e9rentes identit\u00e9s fictives qu&rsquo;il a utilis\u00e9es auraient servi \u00e0 tromper associations, professionnels et particuliers.<\/p>\n","protected":false},"excerpt":{"rendered":"Eddie Goujit, 18 ans et candidat d\u00e9clar\u00e9 aux municipales de Toulon en 2026, a \u00e9t\u00e9 interpell\u00e9 en Ard\u00e8che&hellip;\n","protected":false},"author":2,"featured_media":315874,"comment_status":"","ping_status":"","sticky":false,"template":"","format":"standard","meta":{"footnotes":""},"categories":[9619],"tags":[1111,11,1777,674,1011,27,12,882,25,2310],"class_list":{"0":"post-315873","1":"post","2":"type-post","3":"status-publish","4":"format-standard","5":"has-post-thumbnail","7":"category-toulon","8":"tag-actu","9":"tag-actualites","10":"tag-eu","11":"tag-europe","12":"tag-fr","13":"tag-france","14":"tag-news","15":"tag-provence-alpes-cote-dazur","16":"tag-republique-francaise","17":"tag-toulon"},"share_on_mastodon":{"url":"https:\/\/pubeurope.com\/@fr\/115020591524512499","error":""},"_links":{"self":[{"href":"https:\/\/www.europesays.com\/fr\/wp-json\/wp\/v2\/posts\/315873","targetHints":{"allow":["GET"]}}],"collection":[{"href":"https:\/\/www.europesays.com\/fr\/wp-json\/wp\/v2\/posts"}],"about":[{"href":"https:\/\/www.europesays.com\/fr\/wp-json\/wp\/v2\/types\/post"}],"author":[{"embeddable":true,"href":"https:\/\/www.europesays.com\/fr\/wp-json\/wp\/v2\/users\/2"}],"replies":[{"embeddable":true,"href":"https:\/\/www.europesays.com\/fr\/wp-json\/wp\/v2\/comments?post=315873"}],"version-history":[{"count":0,"href":"https:\/\/www.europesays.com\/fr\/wp-json\/wp\/v2\/posts\/315873\/revisions"}],"wp:featuredmedia":[{"embeddable":true,"href":"https:\/\/www.europesays.com\/fr\/wp-json\/wp\/v2\/media\/315874"}],"wp:attachment":[{"href":"https:\/\/www.europesays.com\/fr\/wp-json\/wp\/v2\/media?parent=315873"}],"wp:term":[{"taxonomy":"category","embeddable":true,"href":"https:\/\/www.europesays.com\/fr\/wp-json\/wp\/v2\/categories?post=315873"},{"taxonomy":"post_tag","embeddable":true,"href":"https:\/\/www.europesays.com\/fr\/wp-json\/wp\/v2\/tags?post=315873"}],"curies":[{"name":"wp","href":"https:\/\/api.w.org\/{rel}","templated":true}]}}