{"id":315875,"date":"2025-08-13T08:48:11","date_gmt":"2025-08-13T08:48:11","guid":{"rendered":"https:\/\/www.europesays.com\/fr\/315875\/"},"modified":"2025-08-13T08:48:11","modified_gmt":"2025-08-13T08:48:11","slug":"pourquoi-quatre-epiciers-de-la-cite-saint-martin-et-un-complice-sont-ils-juges","status":"publish","type":"post","link":"https:\/\/www.europesays.com\/fr\/315875\/","title":{"rendered":"pourquoi quatre \u00e9piciers de la cit\u00e9 Saint-Martin et un complice sont-ils jug\u00e9s\u00a0?"},"content":{"rendered":"<p>            Par<br \/>\n        <strong><br \/>\n            <a href=\"https:\/\/actu.fr\/auteur\/jm-aubert\" title=\"Consulter tous les articles de Jean-Marc Aubert\" rel=\"nofollow noopener\" target=\"_blank\">Jean-Marc Aubert<\/a><br \/>\n        <\/strong><\/p>\n<p>        Publi\u00e9 le<\/p>\n<p>            13 ao\u00fbt 2025 \u00e0 10h36<br \/>\n        ; mis \u00e0 jour le 13 ao\u00fbt 2025 \u00e0 10h39    <\/p>\n<p>L\u2019heure du proc\u00e8s est arriv\u00e9e : cinq <strong>trafiquants pr\u00e9sum\u00e9s de tabac, <\/strong>dont quatre \u00e9piciers\u00a0interpell\u00e9s le 25 juin 2025, apr\u00e8s quatre mois d\u2019enqu\u00eate minutieuse du<strong> Service local de police judiciaire de Montpellier,\u00a0<\/strong>soup\u00e7onn\u00e9s d\u2019appartenir \u00e0 un r\u00e9seau de contrebande de cigarettes import\u00e9es\u00a0ill\u00e9galement\u00a0principalement d\u2019Espagne, mais \u00e9galement de la Principaut\u00e9 d\u2019Andorre et revendues dans des <strong>\u00e9piceries de nuit de la cit\u00e9 Saint-Martin<\/strong> sont jug\u00e9s ce mercredi apr\u00e8s-midi au tribunal correctionnel.<\/p>\n<p>    <a href=\"https:\/\/www.google.com\/maps\/embed?pb=!1m18!1m12!1m3!1d15625.676106754076!2d3.873928429162294!3d43.595009305500106!2m3!1f0!2f0!3f0!3m2!1i1024!2i768!4f13.1!3m3!1m2!1s0x12b6afbe7fa23087%3A0xbc938f9e547ae88f!2sSaint-Martin%2C%2034000%20Montpellier!5e0!3m2!1sfr!2sfr!4v1755069777492!5m2!1sfr!2sfr\" title=\"Ouvrie le lien\" rel=\"nofollow noopener\" target=\"_blank\">Cliquez ici pour visualiser le contenu<\/a><\/p>\n<p class=\" wall-content\">Ils sont pr\u00e9venus de d\u00e9tention et de vente de cigarettes de contrebande, ainsi que d\u2019acquisition et de vente de produits psychotropes. <a href=\"https:\/\/actu.fr\/occitanie\/montpellier_34172\/montpellier-545-bonbonnes-et-une-arme-chargee-au-coeur-d-un-trafic-dissimule-dans-des-epiceries_62837872.html\" rel=\"nofollow noopener\" target=\"_blank\">Tous avaient\u00a0\u00e9t\u00e9 arr\u00eat\u00e9s apr\u00e8s un coup de filet<\/a> et des perquisitions men\u00e9es dans des \u00e9piceries de nuit et des box o\u00f9 les cargaisons \u00e9taient dissimul\u00e9es permettant la saisie de\u00a0120 cartouches de Philip Morris,\u00a0<strong>545 bonbonnes de protoxyde d\u2019azote<\/strong> qui procurent du gaz hilarant dangereux pour la sant\u00e9 de ceux qui inhalent ce produit avec des ballons de baudruche<strong>,\u00a0<\/strong>une arme\u00a0de poing et 17 000 \u20ac, comme <strong>M\u00e9tropolitain<\/strong> l\u2019avait \u00e9voqu\u00e9.<\/p>\n<p>D\u00e9j\u00e0 connus de la justice\u00a0<\/p>\n<p class=\" wall-content\">Tous les mis en cause sont d\u00e9j\u00e0 connus de la justice pour avoir \u00e9t\u00e9 condamn\u00e9s pour trafic de cigarettes et les quatre \u00e9piceries impliqu\u00e9es ont r\u00e9cemment fait\u00a0l\u2019objet de <strong>fermetures administratives<\/strong> ordonn\u00e9es par le pr\u00e9fet de l\u2019H\u00e9rault. C\u2019est \u00e0 la suite d\u2019un pr\u00e9cieux renseignement concernant des activit\u00e9s suspectes dans diff\u00e9rentes\u00a0\u00e9piceries du quartier Saint-Martin que les enqu\u00eateurs avaient pu d\u00e9couvrir l\u2019existence de ce trafic et interpeller les cinq principaux membres du r\u00e9seau.<\/p>\n<p class=\" wall-content\">Le mode op\u00e9ratoire utilis\u00e9 consistait \u00e0 acheter r\u00e9guli\u00e8rement de petites quantit\u00e9s de cigarettes \u00e0 la fronti\u00e8re, puis d\u2019agr\u00e9ger les volumes dans les box perquisitionn\u00e9s pour ensuite alimenter les \u00e9piceries pour la vente au d\u00e9tail. L\u2019audience de ce mercredi devrait durer plusieurs heures, les auteurs pr\u00e9sum\u00e9s ayant r\u00e9clam\u00e9 un d\u00e9lai pour pr\u00e9parer leur d\u00e9fense, lors de leur comparution imm\u00e9diate, en juin dernier.<\/p>\n<p>Vid\u00e9os : en ce moment sur ActuConcurrence d\u00e9loyale<\/p>\n<p class=\" wall-content\">Les buralistes ne cessent de d\u00e9noncer ces trafics juteux, avec une concurrence d\u00e9loyale. En 2024, \u00e0 Montpellier,\u00a0on estimait \u00e0 47,5% la consommation de cigarettes ne provenant pas du r\u00e9seau l\u00e9gal des commerces habilit\u00e9s \u00e0 les vendre. Pr\u00e8s de la moiti\u00e9 -19%- est constitu\u00e9e de cigarettes de contrefa\u00e7on, soit une hausse de 18 points en 5 ans.<\/p>\n<p class=\" wall-content\">Sollicit\u00e9 par <strong>M\u00e9tropolitain<\/strong>, Daniel Bruquel, chef du service pr\u00e9vention\u00a0du\u00a0commerce illicite chez Philip Morris France et partie civile pour ce proc\u00e8s \u00ab\u00a0cette affaire est symptomatique de l\u2019\u00e9volution du trafic et de la normalisation de la vente ill\u00e9gale de cigarettes dans les \u00e9piceries de quartier. <strong>Montpellier est une ville particuli\u00e8rement touch\u00e9e<\/strong> par le d\u00e9veloppement de ces march\u00e9s parall\u00e8les. Une enqu\u00eate men\u00e9e par le cabinet EY-Parth\u00e9non\u00a0en 2024 \u00e9tablit ainsi qu\u2019environ 80% des commerces de proximit\u00e9 de la ville vendent ill\u00e9galement des cigarettes de contrefa\u00e7on ou de contrebande. \u00c0\u00a0cela, s\u2019ajoute la vente ill\u00e9gale dans ces \u00e9tablissements de\u00a0cigarettes \u00e9lectroniques jetables\u00a0\u00ab\u00a0puffs\u00a0\u00bb pourtant\u00a0interdites en France depuis f\u00e9vrier 2025\u2033.<\/p>\n<p class=\" wall-content\">Il rel\u00e8ve que, \u00ab\u00a0ces trafics \u00a0\u00e0 Montpellier, comme partout en France, sont la d\u00e9monstration que la politique de sant\u00e9 publique men\u00e9e en France, bas\u00e9e sur la seule augmentation des taxes sur le tabac et l\u2019interdiction de produits de la nicotine est inefficace, car le nombre de fumeurs aujourd\u2019hui est le m\u00eame qu\u2019il y a 25 ans ! Et il est \u00e0 craindre que ce trafic s\u2019\u00e9tende \u00e9galement aux sachets de nicotine, cette nouvelle alternative \u00e0 la cigarette que le gouvernement souhaite interdire\u00a0ajoutant ainsi de nouveaux revenus aux r\u00e9seaux criminels\u00a0\u00bb. Les parties civiles esp\u00e8rent que de s\u00e9v\u00e8res condamnations seront prononc\u00e9es ce mercredi pour dissuader les trafiquants de tabac de contrebande de poursuivre leurs activit\u00e9s.<\/p>\n<p class=\" wall-content\">Suivez toute l\u2019actualit\u00e9 de vos villes et m\u00e9dias favoris en vous inscrivant \u00e0 <a href=\"https:\/\/moncompte.actu.fr\" title=\"D\u00e9couvez Mon Actu\" rel=\"nofollow noopener\" data-trk=\"{&quot;cta&quot;:{&quot;action&quot;:&quot;https:\\\/\\\/moncompte.actu.fr&quot;,&quot;category&quot;:&quot;mon compte&quot;,&quot;from&quot;:&quot;article footer&quot;,&quot;name&quot;:&quot;Mon actu&quot;,&quot;type&quot;:&quot;cta&quot;}}\" target=\"_blank\">Mon Actu<\/a>.<\/p>\n","protected":false},"excerpt":{"rendered":"Par Jean-Marc Aubert Publi\u00e9 le 13 ao\u00fbt 2025 \u00e0 10h36 ; mis \u00e0 jour le 13 ao\u00fbt 2025&hellip;\n","protected":false},"author":2,"featured_media":117389,"comment_status":"","ping_status":"","sticky":false,"template":"","format":"standard","meta":{"footnotes":""},"categories":[9599],"tags":[1111,11,1777,674,118,1011,27,303,2208,12,2680,1072,25,6582],"class_list":{"0":"post-315875","1":"post","2":"type-post","3":"status-publish","4":"format-standard","5":"has-post-thumbnail","7":"category-montpellier","8":"tag-actu","9":"tag-actualites","10":"tag-eu","11":"tag-europe","12":"tag-faits-divers","13":"tag-fr","14":"tag-france","15":"tag-justice","16":"tag-montpellier","17":"tag-news","18":"tag-occitanie","19":"tag-police","20":"tag-republique-francaise","21":"tag-tabac"},"share_on_mastodon":{"url":"https:\/\/pubeurope.com\/@fr\/115020595450842176","error":""},"_links":{"self":[{"href":"https:\/\/www.europesays.com\/fr\/wp-json\/wp\/v2\/posts\/315875","targetHints":{"allow":["GET"]}}],"collection":[{"href":"https:\/\/www.europesays.com\/fr\/wp-json\/wp\/v2\/posts"}],"about":[{"href":"https:\/\/www.europesays.com\/fr\/wp-json\/wp\/v2\/types\/post"}],"author":[{"embeddable":true,"href":"https:\/\/www.europesays.com\/fr\/wp-json\/wp\/v2\/users\/2"}],"replies":[{"embeddable":true,"href":"https:\/\/www.europesays.com\/fr\/wp-json\/wp\/v2\/comments?post=315875"}],"version-history":[{"count":0,"href":"https:\/\/www.europesays.com\/fr\/wp-json\/wp\/v2\/posts\/315875\/revisions"}],"wp:featuredmedia":[{"embeddable":true,"href":"https:\/\/www.europesays.com\/fr\/wp-json\/wp\/v2\/media\/117389"}],"wp:attachment":[{"href":"https:\/\/www.europesays.com\/fr\/wp-json\/wp\/v2\/media?parent=315875"}],"wp:term":[{"taxonomy":"category","embeddable":true,"href":"https:\/\/www.europesays.com\/fr\/wp-json\/wp\/v2\/categories?post=315875"},{"taxonomy":"post_tag","embeddable":true,"href":"https:\/\/www.europesays.com\/fr\/wp-json\/wp\/v2\/tags?post=315875"}],"curies":[{"name":"wp","href":"https:\/\/api.w.org\/{rel}","templated":true}]}}