{"id":315878,"date":"2025-08-13T08:54:09","date_gmt":"2025-08-13T08:54:09","guid":{"rendered":"https:\/\/www.europesays.com\/fr\/315878\/"},"modified":"2025-08-13T08:54:09","modified_gmt":"2025-08-13T08:54:09","slug":"en-pleine-canicule-des-orages-arrivent-sur-grenoble-et-en-isere-meteo-france-active-sa-vigilance","status":"publish","type":"post","link":"https:\/\/www.europesays.com\/fr\/315878\/","title":{"rendered":"En pleine canicule, des orages arrivent sur Grenoble et en Is\u00e8re : M\u00e9t\u00e9o-France active sa vigilance"},"content":{"rendered":"<p>            Par<br \/>\n        <strong><br \/>\n            <a href=\"https:\/\/actu.fr\/auteur\/redaction-grenoble\" title=\"Consulter tous les articles de R\u00e9daction Grenoble\" target=\"_blank\" rel=\"noopener\">R\u00e9daction Grenoble<\/a><br \/>\n        <\/strong><\/p>\n<p>        Publi\u00e9 le<\/p>\n<p>            13 ao\u00fbt 2025 \u00e0 10h42        <\/p>\n<p>Alors que l\u2019Is\u00e8re entame sa <a href=\"https:\/\/actu.fr\/meteo\/l-isere-et-grenoble-toujours-en-vigilance-rouge-canicule-des-records-de-chaleur-battus_63028432.html\" target=\"_blank\" rel=\"noopener\">deuxi\u00e8me journ\u00e9e sous vigilance rouge canicule<\/a>, avec des <strong>maximales \u00e0 42\u00b0C<\/strong> attendues par endroit, la perturbation orageuse annonc\u00e9e par M\u00e9t\u00e9o-France depuis l\u2019Auvergne arrive sur une partie du d\u00e9partement, notamment en altitude.<\/p>\n<p class=\" wall-content\">\n<p class=\" wall-content\">Cette \u00ab\u00a0d\u00e9gradation orageuse d\u2019\u00e9t\u00e9\u00a0\u00bb peut notamment s\u2019accompagner de vents violents et devrait frapper l\u2019<a href=\"https:\/\/actu.fr\/auvergne-rhone-alpes\/isere_38\" target=\"_blank\" rel=\"noopener\">Is\u00e8re<\/a> d\u00e8s mercredi apr\u00e8s-midi : le d\u00e9partement est d\u2019ailleurs plac\u00e9 en <strong>vigilance jaune orages<\/strong> de 17 heures \u00e0 22 heures.<\/p>\n<p>Des vents jusqu\u2019\u00e0 80km\/h<\/p>\n<p class=\" wall-content\">C\u2019est notamment en altitude et dans la cuvette grenobloise que les \u00e9clairs pourraient \u00eatre les plus visibles ce mercredi : les orages pourraient frapper de <a href=\"https:\/\/actu.fr\/auvergne-rhone-alpes\/villard-de-lans_38548\" target=\"_blank\" rel=\"noopener\">Villard-de-Lans<\/a> \u00e0 La Mure, en passant par <a href=\"https:\/\/actu.fr\/auvergne-rhone-alpes\/grenoble_38185\" target=\"_blank\" rel=\"noopener\">Grenoble<\/a> et le Gr\u00e9sivaudan.<\/p>\n<p class=\" wall-content\">C\u00f4t\u00e9 rafales de vent, des <strong>pointes \u00e0 plus de 80km\/h<\/strong> sont annonc\u00e9es par endroits, autour de 60km\/h en montagne.<\/p>\n<p class=\" wall-content\">Les perturbations devraient se poursuivre une partie de la soir\u00e9e et se d\u00e9caler l\u00e9g\u00e8rement vers le nord de l\u2019Is\u00e8re et le long du <a href=\"https:\/\/actu.fr\/meteo\/alerte-rouge-canicule-des-orages-forts-arrivent-dans-le-rhone-voici-ou-et-quand_63030289.html\" target=\"_blank\" rel=\"noopener\">Rh\u00f4ne<\/a>, avant de <strong>s\u2019\u00e9vacuer dans la nuit<\/strong>, o\u00f9 les temp\u00e9ratures devraient rester au-dessus des 20\u00b0C en plaine.<\/p>\n<p>Baisse des temp\u00e9ratures pas avant la fin de semaine<\/p>\n<p class=\" wall-content\">Attention toutefois, cette \u00ab\u00a0tendance orageuse (localement marqu\u00e9e)\u00a0\u00bb devrait \u00eatre \u00ab\u00a0sans incidence significative sur <strong>l\u2019\u00e9volution des temp\u00e9ratures en plaine avant jeudi<\/strong> en journ\u00e9e\u00a0\u00bb, pr\u00e9vient M\u00e9t\u00e9o-France.<\/p>\n<p class=\" wall-content\">Entre 30\u00b0C (en altitude) et jusqu\u2019\u00e0 40\u00b0C \u00e0 Grenoble sont annonc\u00e9s mercredi, m\u00eame sous le ciel orageux. La l\u00e9g\u00e8re baisse du mercure esp\u00e9r\u00e9e n\u2019arriverait que jeudi, avec des maximales <strong>entre 35\u00b0C et 38\u00b0C<\/strong> en Is\u00e8re, accompagn\u00e9 d\u2019une nouvelle vague d\u2019orages et de pluies dans l\u2019apr\u00e8s-midi.<\/p>\n<p class=\" wall-content\">Le long week-end du 15 ao\u00fbt devrait, lui, rester ensoleill\u00e9, avec des temp\u00e9ratures toujours tr\u00e8s \u00e9lev\u00e9es, avant une journ\u00e9e de dimanche plus \u00ab\u00a0fra\u00eeche\u00a0\u00bb : 34\u00b0C au maximum en plaine, selon les pr\u00e9visions publi\u00e9es en milieu de semaine par M\u00e9t\u00e9o-France.\u00a0<\/p>\n<p class=\" wall-content\">Suivez toute l\u2019actualit\u00e9 de vos villes et m\u00e9dias favoris en vous inscrivant \u00e0 <a href=\"https:\/\/moncompte.actu.fr\" title=\"D\u00e9couvez Mon Actu\" rel=\"nofollow noopener\" data-trk=\"{&quot;cta&quot;:{&quot;action&quot;:&quot;https:\\\/\\\/moncompte.actu.fr&quot;,&quot;category&quot;:&quot;mon compte&quot;,&quot;from&quot;:&quot;article footer&quot;,&quot;name&quot;:&quot;Mon actu&quot;,&quot;type&quot;:&quot;cta&quot;}}\" target=\"_blank\">Mon Actu<\/a>.<\/p>\n","protected":false},"excerpt":{"rendered":"Par R\u00e9daction Grenoble Publi\u00e9 le 13 ao\u00fbt 2025 \u00e0 10h42 Alors que l\u2019Is\u00e8re entame sa deuxi\u00e8me journ\u00e9e sous&hellip;\n","protected":false},"author":2,"featured_media":315879,"comment_status":"","ping_status":"","sticky":false,"template":"","format":"standard","meta":{"footnotes":""},"categories":[9566],"tags":[1111,11,2430,6698,1777,674,1011,27,2731,2487,2357,12,4594,25],"class_list":{"0":"post-315878","1":"post","2":"type-post","3":"status-publish","4":"format-standard","5":"has-post-thumbnail","7":"category-grenoble","8":"tag-actu","9":"tag-actualites","10":"tag-auvergne-rhone-alpes","11":"tag-canicule","12":"tag-eu","13":"tag-europe","14":"tag-fr","15":"tag-france","16":"tag-grenoble","17":"tag-meteo","18":"tag-meteo-france","19":"tag-news","20":"tag-orages","21":"tag-republique-francaise"},"share_on_mastodon":{"url":"https:\/\/pubeurope.com\/@fr\/115020619103661576","error":""},"_links":{"self":[{"href":"https:\/\/www.europesays.com\/fr\/wp-json\/wp\/v2\/posts\/315878","targetHints":{"allow":["GET"]}}],"collection":[{"href":"https:\/\/www.europesays.com\/fr\/wp-json\/wp\/v2\/posts"}],"about":[{"href":"https:\/\/www.europesays.com\/fr\/wp-json\/wp\/v2\/types\/post"}],"author":[{"embeddable":true,"href":"https:\/\/www.europesays.com\/fr\/wp-json\/wp\/v2\/users\/2"}],"replies":[{"embeddable":true,"href":"https:\/\/www.europesays.com\/fr\/wp-json\/wp\/v2\/comments?post=315878"}],"version-history":[{"count":0,"href":"https:\/\/www.europesays.com\/fr\/wp-json\/wp\/v2\/posts\/315878\/revisions"}],"wp:featuredmedia":[{"embeddable":true,"href":"https:\/\/www.europesays.com\/fr\/wp-json\/wp\/v2\/media\/315879"}],"wp:attachment":[{"href":"https:\/\/www.europesays.com\/fr\/wp-json\/wp\/v2\/media?parent=315878"}],"wp:term":[{"taxonomy":"category","embeddable":true,"href":"https:\/\/www.europesays.com\/fr\/wp-json\/wp\/v2\/categories?post=315878"},{"taxonomy":"post_tag","embeddable":true,"href":"https:\/\/www.europesays.com\/fr\/wp-json\/wp\/v2\/tags?post=315878"}],"curies":[{"name":"wp","href":"https:\/\/api.w.org\/{rel}","templated":true}]}}