{"id":315882,"date":"2025-08-13T08:56:10","date_gmt":"2025-08-13T08:56:10","guid":{"rendered":"https:\/\/www.europesays.com\/fr\/315882\/"},"modified":"2025-08-13T08:56:10","modified_gmt":"2025-08-13T08:56:10","slug":"veronique-solere-nommee-nouvelle-directrice-de-lars-bretagne","status":"publish","type":"post","link":"https:\/\/www.europesays.com\/fr\/315882\/","title":{"rendered":"V\u00e9ronique Sol\u00e8re nomm\u00e9e nouvelle directrice de l\u2019ARS Bretagne"},"content":{"rendered":"<p>L\u2019Agence R\u00e9gionale de Sant\u00e9 Bretagne change \u00e0 nouveau de t\u00eate. Le 25 ao\u00fbt prochain, V\u00e9ronique Sol\u00e8re deviendra la nouvelle directrice de l\u2019agence, en remplacement d\u2019Elise Nogu\u00e9ra, qui occupait le poste depuis le 1er f\u00e9vrier 2023. Le nouveau poste d\u2019Elise Nogu\u00e9ra n\u2019a pas \u00e9t\u00e9 pr\u00e9cis\u00e9.<\/p>\n<p>V\u00e9ronique Sol\u00e8re conna\u00eet bien la Bretagne. Outre des attaches familiales, cette inspectrice g\u00e9n\u00e9rale de la sant\u00e9 publique v\u00e9t\u00e9rinaire a notamment \u00e9t\u00e9 <a href=\"https:\/\/www.letelegramme.fr\/morbihan\/spanprefecturespan-veronique-solere-nouvelle-directrice-de-cabinet-du-prefet-3236839.php\" target=\"_blank\" rel=\"nofollow noopener\">sous-pr\u00e9f\u00e8te et directrice du cabinet du pr\u00e9fet du Morbihan de 2018 \u00e0 2020<\/a>, avant d\u2019\u00eatre nomm\u00e9e directrice de la protection des populations de 2023 \u00e0 2024. Elle est ensuite partie sur Paris, au Minist\u00e8re de l\u2019Agriculture, en tant que D\u00e9l\u00e9gu\u00e9e interminist\u00e9riel \u00e0 la souverainet\u00e9 agricole des outre-mer. Au cours de sa carri\u00e8re, elle est d\u2019ailleurs pass\u00e9e dans plusieurs minist\u00e8res (Agriculture, Transition \u00e9cologique, Int\u00e9rieur) et \u00e0 la Cour des comptes, comme magistrat financier \u00e0 la chambre r\u00e9gionale des comptes Hauts-de-France.<\/p>\n<p>Les chantiers qui l\u2019attendent \u00e0 l\u2019ARS sont nombreux : consolider et <a href=\"https:\/\/www.letelegramme.fr\/finistere\/carhaix-29270\/a-carhaix-lhopital-amorce-sa-mue-un-cap-franchi-dans-la-mise-en-oeuvre-du-protocole-de-sortie-de-crise-6856552.php\" target=\"_blank\" rel=\"nofollow noopener\">d\u00e9velopper l\u2019offre de soins \u00e0 Carhaix<\/a>, r\u00e9pondre au manque d\u2019effectif m\u00e9dical dans les services d\u2019urgences, suivre le <a href=\"https:\/\/www.letelegramme.fr\/finistere\/quimperle-29300\/nouvel-hopital-de-quimperle-cest-parti-pour-trois-ans-et-demi-de-travaux-6737686.php\" target=\"_blank\" rel=\"nofollow noopener\">projet du nouvel h\u00f4pital de Quimperl\u00e9<\/a>\u2026<\/p>\n","protected":false},"excerpt":{"rendered":"L\u2019Agence R\u00e9gionale de Sant\u00e9 Bretagne change \u00e0 nouveau de t\u00eate. Le 25 ao\u00fbt prochain, V\u00e9ronique Sol\u00e8re deviendra la&hellip;\n","protected":false},"author":2,"featured_media":315883,"comment_status":"","ping_status":"","sticky":false,"template":"","format":"standard","meta":{"footnotes":""},"categories":[2821],"tags":[1111,11,829,765,1777,674,1011,27,12,584,25],"class_list":{"0":"post-315882","1":"post","2":"type-post","3":"status-publish","4":"format-standard","5":"has-post-thumbnail","7":"category-rennes","8":"tag-actu","9":"tag-actualites","10":"tag-bretagne","11":"tag-en-continu","12":"tag-eu","13":"tag-europe","14":"tag-fr","15":"tag-france","16":"tag-news","17":"tag-rennes","18":"tag-republique-francaise"},"share_on_mastodon":{"url":"https:\/\/pubeurope.com\/@fr\/115020626950955527","error":""},"_links":{"self":[{"href":"https:\/\/www.europesays.com\/fr\/wp-json\/wp\/v2\/posts\/315882","targetHints":{"allow":["GET"]}}],"collection":[{"href":"https:\/\/www.europesays.com\/fr\/wp-json\/wp\/v2\/posts"}],"about":[{"href":"https:\/\/www.europesays.com\/fr\/wp-json\/wp\/v2\/types\/post"}],"author":[{"embeddable":true,"href":"https:\/\/www.europesays.com\/fr\/wp-json\/wp\/v2\/users\/2"}],"replies":[{"embeddable":true,"href":"https:\/\/www.europesays.com\/fr\/wp-json\/wp\/v2\/comments?post=315882"}],"version-history":[{"count":0,"href":"https:\/\/www.europesays.com\/fr\/wp-json\/wp\/v2\/posts\/315882\/revisions"}],"wp:featuredmedia":[{"embeddable":true,"href":"https:\/\/www.europesays.com\/fr\/wp-json\/wp\/v2\/media\/315883"}],"wp:attachment":[{"href":"https:\/\/www.europesays.com\/fr\/wp-json\/wp\/v2\/media?parent=315882"}],"wp:term":[{"taxonomy":"category","embeddable":true,"href":"https:\/\/www.europesays.com\/fr\/wp-json\/wp\/v2\/categories?post=315882"},{"taxonomy":"post_tag","embeddable":true,"href":"https:\/\/www.europesays.com\/fr\/wp-json\/wp\/v2\/tags?post=315882"}],"curies":[{"name":"wp","href":"https:\/\/api.w.org\/{rel}","templated":true}]}}