{"id":315884,"date":"2025-08-13T08:57:09","date_gmt":"2025-08-13T08:57:09","guid":{"rendered":"https:\/\/www.europesays.com\/fr\/315884\/"},"modified":"2025-08-13T08:57:09","modified_gmt":"2025-08-13T08:57:09","slug":"om-jeremy-pignard-premier-arbitre-de-la-saison-pour-les-olympiens-a-rennes-vendredi","status":"publish","type":"post","link":"https:\/\/www.europesays.com\/fr\/315884\/","title":{"rendered":"OM. J\u00e9r\u00e9my Pignard premier arbitre de la saison pour les Olympiens, \u00e0 Rennes vendredi"},"content":{"rendered":"<p>L&rsquo;OM, Rennes, et J\u00e9r\u00e9my Pignard \u00e9taient \u00e0 l&rsquo;affiche de la derni\u00e8re journ\u00e9e de Ligue 1 2024-2025, <a href=\"https:\/\/www.laprovence.com\/article\/om\/1122105152273214\/om-jeremie-pignard-au-sifflet-du-dernier-match-de-la-saison-contre-rennes\" target=\"_blank\" rel=\"noopener\">le 17 mai dernier au V\u00e9lodrome<\/a>. Les deux \u00e9quipes se retrouvent d\u00e9j\u00e0 pour lancer l&rsquo;exercice 2025-2026 mais cette fois au Roazhon Park, vendredi (21h), et elles seront encore arbitr\u00e9es par l&rsquo;arbitre rhodanien (38 ans), selon\u00a0<a href=\"https:\/\/ligue1.com\/fr\/articles\/l1_article_2961-les-arbitres-de-la-1ere-journee-de-ligue-1-mc-donald-s-2526\" target=\"_blank\" rel=\"noopener\">les d\u00e9signations arbitrales de cette 1re journ\u00e9e<\/a>, qui datent du d\u00e9but du mois d&rsquo;ao\u00fbt.<\/p>\n<p>Contrairement aux deux \u00e9quipes, l&rsquo;officiel beaujolais a d\u00e9j\u00e0 effectu\u00e9 sa rentr\u00e9e\u00a0: c&rsquo;\u00e9tait pour le 2e tour de qualification aller de la Ligue des champions entre le Slovan Bratislava (Slovaquie) et le Zrinjski Mostar (Bosnie-Herz\u00e9govine) le 22 juillet.<\/p>\n<p>J\u00e9r\u00e9my Pignard arbitrera l&rsquo;OM pour la 16e fois de sa carri\u00e8re. Fait notable, la plupart de ses apparitions face au club olympien se sont faites au V\u00e9lodrome (12 fois).<\/p>\n<p>Il s&rsquo;agira de son 4e duel entre Bretons et Phoc\u00e9ens, apr\u00e8s ceux de <a href=\"https:\/\/www.laprovence.com\/actu\/en-direct\/6289282\/lom-simpose-1-0-face-a-rennes-grace-a-un-but-tardif-de-cuisance-pour-le-premier-match-de-sampaoli.html\" target=\"_blank\" rel=\"noopener\">mars 2021<\/a> (au V\u00e9l&rsquo;, 1-0, but de Cuisance), <a href=\"https:\/\/www.laprovence.com\/article\/om\/53583021113260\/rennes-om-la-malediction-continue-en-coupe-de-france\" target=\"_blank\" rel=\"noopener\">janvier 2024<\/a> (au Roazhon Park, pour une \u00e9limination de l&rsquo;OM en coupe de France 1-1, 10-9 aux tirs au but) et donc <a href=\"https:\/\/www.laprovence.com\/article\/om\/48848677294051\/om-rennes-4-2-une-victoire-comme-cerise-sur-le-gateau-pour-la-derniere-de-la-saison\" target=\"_blank\" rel=\"noopener\">mai 2025<\/a>.<\/p>\n","protected":false},"excerpt":{"rendered":"L&rsquo;OM, Rennes, et J\u00e9r\u00e9my Pignard \u00e9taient \u00e0 l&rsquo;affiche de la derni\u00e8re journ\u00e9e de Ligue 1 2024-2025, le 17&hellip;\n","protected":false},"author":2,"featured_media":315885,"comment_status":"","ping_status":"","sticky":false,"template":"","format":"standard","meta":{"footnotes":""},"categories":[2821],"tags":[17,1111,11,7699,829,1777,674,1011,27,31593,12,149,21019,471,7910,584,25,3242],"class_list":{"0":"post-315884","1":"post","2":"type-post","3":"status-publish","4":"format-standard","5":"has-post-thumbnail","7":"category-rennes","8":"tag-17","9":"tag-actu","10":"tag-actualites","11":"tag-arbitre","12":"tag-bretagne","13":"tag-eu","14":"tag-europe","15":"tag-fr","16":"tag-france","17":"tag-jeremy","18":"tag-news","19":"tag-om","20":"tag-pignard","21":"tag-pour","22":"tag-premier","23":"tag-rennes","24":"tag-republique-francaise","25":"tag-saison"},"share_on_mastodon":{"url":"https:\/\/pubeurope.com\/@fr\/115020630740828872","error":""},"_links":{"self":[{"href":"https:\/\/www.europesays.com\/fr\/wp-json\/wp\/v2\/posts\/315884","targetHints":{"allow":["GET"]}}],"collection":[{"href":"https:\/\/www.europesays.com\/fr\/wp-json\/wp\/v2\/posts"}],"about":[{"href":"https:\/\/www.europesays.com\/fr\/wp-json\/wp\/v2\/types\/post"}],"author":[{"embeddable":true,"href":"https:\/\/www.europesays.com\/fr\/wp-json\/wp\/v2\/users\/2"}],"replies":[{"embeddable":true,"href":"https:\/\/www.europesays.com\/fr\/wp-json\/wp\/v2\/comments?post=315884"}],"version-history":[{"count":0,"href":"https:\/\/www.europesays.com\/fr\/wp-json\/wp\/v2\/posts\/315884\/revisions"}],"wp:featuredmedia":[{"embeddable":true,"href":"https:\/\/www.europesays.com\/fr\/wp-json\/wp\/v2\/media\/315885"}],"wp:attachment":[{"href":"https:\/\/www.europesays.com\/fr\/wp-json\/wp\/v2\/media?parent=315884"}],"wp:term":[{"taxonomy":"category","embeddable":true,"href":"https:\/\/www.europesays.com\/fr\/wp-json\/wp\/v2\/categories?post=315884"},{"taxonomy":"post_tag","embeddable":true,"href":"https:\/\/www.europesays.com\/fr\/wp-json\/wp\/v2\/tags?post=315884"}],"curies":[{"name":"wp","href":"https:\/\/api.w.org\/{rel}","templated":true}]}}