{"id":315888,"date":"2025-08-13T09:00:14","date_gmt":"2025-08-13T09:00:14","guid":{"rendered":"https:\/\/www.europesays.com\/fr\/315888\/"},"modified":"2025-08-13T09:00:14","modified_gmt":"2025-08-13T09:00:14","slug":"pres-de-nice-violent-accident-sur-cette-route-du-bord-de-mer-entre-des-deux-roues","status":"publish","type":"post","link":"https:\/\/www.europesays.com\/fr\/315888\/","title":{"rendered":"Pr\u00e8s de Nice. Violent accident sur cette route du bord de mer entre des deux-roues"},"content":{"rendered":"<p>            Par<br \/>\n        <strong><br \/>\n            <a href=\"https:\/\/actu.fr\/auteur\/ugo-maillard\" title=\"Consulter tous les articles de Ugo Maillard\" rel=\"nofollow noopener\" target=\"_blank\">Ugo Maillard<\/a><br \/>\n        <\/strong><\/p>\n<p>        Publi\u00e9 le<\/p>\n<p>            13 ao\u00fbt 2025 \u00e0 9h46        <\/p>\n<p>Le choc a eu lieu sur la route du Bord de Mer \u00e0 Antibes. Aux alentours de 1\u2009h\u200930, dans la nuit du mardi\u00a012 au mercredi 13\u00a0ao\u00fbt 2025, les sapeurs-pompiers des <a href=\"https:\/\/actu.fr\/provence-alpes-cote-d-azur\/alpes-maritimes_06\" rel=\"nofollow noopener\" target=\"_blank\">Alpes-Maritimes<\/a> sont intervenus pour prendre en charge <strong>plusieurs victimes d\u2019un accident de la route<\/strong>.<\/p>\n<p>    <a href=\"https:\/\/www.google.com\/maps\/embed?pb=!1m18!1m12!1m3!1d39998.453123743995!2d7.143226206657158!3d43.62173773579398!2m3!1f0!2f0!3f0!3m2!1i1024!2i768!4f13.1!3m3!1m2!1s0x12cdd4f7cb2f7277%3A0xe5fdb45da993aa7f!2sRte%20du%20Bord%20de%20Mer!5e0!3m2!1sfr!2sfr!4v1755069192688!5m2!1sfr!2sfr\" title=\"Ouvrie le lien\" rel=\"nofollow noopener\" target=\"_blank\">Cliquez ici pour visualiser le contenu<\/a><\/p>\n<p class=\" wall-content\">Selon les informations transmises \u00e0<a href=\"https:\/\/actu.fr\/nice\/\" rel=\"nofollow noopener\" target=\"_blank\"> actu Nice<\/a> par les secours, un homme d\u2019une vingtaine d\u2019ann\u00e9es ainsi qu\u2019un homme d\u2019une quarantaine d\u2019ann\u00e9es ont \u00e9t\u00e9 gravement bless\u00e9s.<\/p>\n<p class=\" wall-content\">Ils ont tous deux \u00e9t\u00e9 transport\u00e9s vers le CHU Pasteur de Nice.<\/p>\n<p>Un troisi\u00e8me bless\u00e9<\/p>\n<p class=\" wall-content\">La vingtaine de sapeurs-pompiers pr\u00e9sente sur les lieux de l\u2019accident a \u00e9galement pris en charge un jeune homme d\u2019une vingtaine d\u2019ann\u00e9es, l\u00e9g\u00e8rement bless\u00e9.<\/p>\n<p class=\" wall-content\">Suivez toute l\u2019actualit\u00e9 de vos villes et m\u00e9dias favoris en vous inscrivant \u00e0 <a href=\"https:\/\/moncompte.actu.fr\" title=\"D\u00e9couvez Mon Actu\" rel=\"nofollow noopener\" data-trk=\"{&quot;cta&quot;:{&quot;action&quot;:&quot;https:\\\/\\\/moncompte.actu.fr&quot;,&quot;category&quot;:&quot;mon compte&quot;,&quot;from&quot;:&quot;article footer&quot;,&quot;name&quot;:&quot;Mon actu&quot;,&quot;type&quot;:&quot;cta&quot;}}\" target=\"_blank\">Mon Actu<\/a>.<\/p>\n","protected":false},"excerpt":{"rendered":"Par Ugo Maillard Publi\u00e9 le 13 ao\u00fbt 2025 \u00e0 9h46 Le choc a eu lieu sur la route&hellip;\n","protected":false},"author":2,"featured_media":315889,"comment_status":"","ping_status":"","sticky":false,"template":"","format":"standard","meta":{"footnotes":""},"categories":[2819],"tags":[119,1111,11,1777,674,118,1011,27,12,2401,1311,882,25],"class_list":{"0":"post-315888","1":"post","2":"type-post","3":"status-publish","4":"format-standard","5":"has-post-thumbnail","7":"category-nice","8":"tag-accident","9":"tag-actu","10":"tag-actualites","11":"tag-eu","12":"tag-europe","13":"tag-faits-divers","14":"tag-fr","15":"tag-france","16":"tag-news","17":"tag-nice","18":"tag-pompiers","19":"tag-provence-alpes-cote-dazur","20":"tag-republique-francaise"},"share_on_mastodon":{"url":"https:\/\/pubeurope.com\/@fr\/115020642689205572","error":""},"_links":{"self":[{"href":"https:\/\/www.europesays.com\/fr\/wp-json\/wp\/v2\/posts\/315888","targetHints":{"allow":["GET"]}}],"collection":[{"href":"https:\/\/www.europesays.com\/fr\/wp-json\/wp\/v2\/posts"}],"about":[{"href":"https:\/\/www.europesays.com\/fr\/wp-json\/wp\/v2\/types\/post"}],"author":[{"embeddable":true,"href":"https:\/\/www.europesays.com\/fr\/wp-json\/wp\/v2\/users\/2"}],"replies":[{"embeddable":true,"href":"https:\/\/www.europesays.com\/fr\/wp-json\/wp\/v2\/comments?post=315888"}],"version-history":[{"count":0,"href":"https:\/\/www.europesays.com\/fr\/wp-json\/wp\/v2\/posts\/315888\/revisions"}],"wp:featuredmedia":[{"embeddable":true,"href":"https:\/\/www.europesays.com\/fr\/wp-json\/wp\/v2\/media\/315889"}],"wp:attachment":[{"href":"https:\/\/www.europesays.com\/fr\/wp-json\/wp\/v2\/media?parent=315888"}],"wp:term":[{"taxonomy":"category","embeddable":true,"href":"https:\/\/www.europesays.com\/fr\/wp-json\/wp\/v2\/categories?post=315888"},{"taxonomy":"post_tag","embeddable":true,"href":"https:\/\/www.europesays.com\/fr\/wp-json\/wp\/v2\/tags?post=315888"}],"curies":[{"name":"wp","href":"https:\/\/api.w.org\/{rel}","templated":true}]}}