{"id":315893,"date":"2025-08-13T09:03:09","date_gmt":"2025-08-13T09:03:09","guid":{"rendered":"https:\/\/www.europesays.com\/fr\/315893\/"},"modified":"2025-08-13T09:03:09","modified_gmt":"2025-08-13T09:03:09","slug":"des-supporters-du-fc-nantes-pres-de-pornic-en-soutien-pour-le-premier-match-de-la-saison-contre-le-psg","status":"publish","type":"post","link":"https:\/\/www.europesays.com\/fr\/315893\/","title":{"rendered":"des supporters du FC Nantes pr\u00e8s de Pornic en soutien pour le premier match de la saison contre le PSG"},"content":{"rendered":"<p>            Par<br \/>\n        <strong><br \/>\n            <a href=\"https:\/\/actu.fr\/auteur\/journaliste-cp\" title=\"Consulter tous les articles de R\u00e9daction Courrier du Pays de Retz\" rel=\"nofollow noopener\" target=\"_blank\">R\u00e9daction Courrier du Pays de Retz<\/a><br \/>\n        <\/strong><\/p>\n<p>        Publi\u00e9 le<\/p>\n<p>            13 ao\u00fbt 2025 \u00e0 10h51        <\/p>\n<p>Depuis la cr\u00e9ation de l\u2019association Les<b> Canaris Retz<\/b>, bas\u00e9e \u00e0<b> La Plaine sur Mer (Loire-Atlantique), <\/b>ce sont 12 joueurs qui ont \u00e9t\u00e9 parrain\u00e9s, avec notamment <b>Micka\u00ebl Landreau<\/b> et<b> Quentin Merlin<\/b>.<\/p>\n<p>Contre le PSG<\/p>\n<p class=\" wall-content\">Pour<b> les 25 ans de l\u2019association,<\/b> c\u2019est au tour de <b>Nathan Z\u00e9z\u00e9<\/b> d\u2019\u00eatre soutenu par les <b>Canaris Retz<\/b>, l\u2019occasion pour <b>G\u00e9rald Chauvin<\/b>, son pr\u00e9sident et g\u00e9rant du PMU Le Pronostic, \u00e0 La Plaine sur Mer, d\u2019organiser des <b>d\u00e9placements<\/b> pour le <b>fan club.<\/b><\/p>\n<p class=\" wall-content\">Le prochain est pour la <b>reprise de la saison 2025-2026<\/b> du FC Nantes,<b> le 17 ao\u00fbt 2025<\/b>, \u00e0 20h 45, au <b>stade de la Beaujoire<\/b> contre le <b>PSG, champion d\u2019Europe en titre<\/b>.<\/p>\n<p>55\u20ac le tout<\/p>\n<p class=\" wall-content\">Le pack de 55 \u20ac comprend le trajet en car, une place assise au stade (en tribune Erdre) avec boisson et sandwich et les traditionnelles animations dans le car avec lots \u00e0 la cl\u00e9. Premier lot : un maillot d\u00e9dicac\u00e9 Z\u00e9z\u00e9.<\/p>\n<p>Vid\u00e9os : en ce moment sur Actu<\/p>\n<p>Dimanche 17 ao\u00fbt, d\u00e9part 17h 45 (match \u00e0 20h 45). 55\u20ac. Inscriptions au si\u00e8ge social de l\u2019association, bar PMU le Pronostic, \u00e0 <b>La Plaine sur Mer<\/b>, au 02 40 21 50 37.<\/p>\n<p class=\" wall-content\">Suivez toute l\u2019actualit\u00e9 de vos villes et m\u00e9dias favoris en vous inscrivant \u00e0 <a href=\"https:\/\/moncompte.actu.fr\" title=\"D\u00e9couvez Mon Actu\" rel=\"nofollow noopener\" data-trk=\"{&quot;cta&quot;:{&quot;action&quot;:&quot;https:\\\/\\\/moncompte.actu.fr&quot;,&quot;category&quot;:&quot;mon compte&quot;,&quot;from&quot;:&quot;article footer&quot;,&quot;name&quot;:&quot;Mon actu&quot;,&quot;type&quot;:&quot;cta&quot;}}\" target=\"_blank\">Mon Actu<\/a>.<\/p>\n","protected":false},"excerpt":{"rendered":"Par R\u00e9daction Courrier du Pays de Retz Publi\u00e9 le 13 ao\u00fbt 2025 \u00e0 10h51 Depuis la cr\u00e9ation de&hellip;\n","protected":false},"author":2,"featured_media":315894,"comment_status":"","ping_status":"","sticky":false,"template":"","format":"standard","meta":{"footnotes":""},"categories":[2818],"tags":[1111,11,1777,674,462,63,1011,27,766,12,2636,25,60],"class_list":{"0":"post-315893","1":"post","2":"type-post","3":"status-publish","4":"format-standard","5":"has-post-thumbnail","7":"category-nantes","8":"tag-actu","9":"tag-actualites","10":"tag-eu","11":"tag-europe","12":"tag-fc-nantes","13":"tag-football","14":"tag-fr","15":"tag-france","16":"tag-nantes","17":"tag-news","18":"tag-pays-de-la-loire","19":"tag-republique-francaise","20":"tag-sports"},"share_on_mastodon":{"url":"https:\/\/pubeurope.com\/@fr\/115020654444157718","error":""},"_links":{"self":[{"href":"https:\/\/www.europesays.com\/fr\/wp-json\/wp\/v2\/posts\/315893","targetHints":{"allow":["GET"]}}],"collection":[{"href":"https:\/\/www.europesays.com\/fr\/wp-json\/wp\/v2\/posts"}],"about":[{"href":"https:\/\/www.europesays.com\/fr\/wp-json\/wp\/v2\/types\/post"}],"author":[{"embeddable":true,"href":"https:\/\/www.europesays.com\/fr\/wp-json\/wp\/v2\/users\/2"}],"replies":[{"embeddable":true,"href":"https:\/\/www.europesays.com\/fr\/wp-json\/wp\/v2\/comments?post=315893"}],"version-history":[{"count":0,"href":"https:\/\/www.europesays.com\/fr\/wp-json\/wp\/v2\/posts\/315893\/revisions"}],"wp:featuredmedia":[{"embeddable":true,"href":"https:\/\/www.europesays.com\/fr\/wp-json\/wp\/v2\/media\/315894"}],"wp:attachment":[{"href":"https:\/\/www.europesays.com\/fr\/wp-json\/wp\/v2\/media?parent=315893"}],"wp:term":[{"taxonomy":"category","embeddable":true,"href":"https:\/\/www.europesays.com\/fr\/wp-json\/wp\/v2\/categories?post=315893"},{"taxonomy":"post_tag","embeddable":true,"href":"https:\/\/www.europesays.com\/fr\/wp-json\/wp\/v2\/tags?post=315893"}],"curies":[{"name":"wp","href":"https:\/\/api.w.org\/{rel}","templated":true}]}}