{"id":315911,"date":"2025-08-13T09:13:20","date_gmt":"2025-08-13T09:13:20","guid":{"rendered":"https:\/\/www.europesays.com\/fr\/315911\/"},"modified":"2025-08-13T09:13:20","modified_gmt":"2025-08-13T09:13:20","slug":"metropole-de-lyon-a-sainte-foy-les-lyon-des-mesures-exceptionnelles-face-a-la-canicule","status":"publish","type":"post","link":"https:\/\/www.europesays.com\/fr\/315911\/","title":{"rendered":"M\u00e9tropole de Lyon. \u00c0 Sainte-Foy-l\u00e8s-Lyon, des mesures exceptionnelles face \u00e0 la canicule"},"content":{"rendered":"<p>A l\u2019instar de nombreuses communes du d\u00e9partement, plac\u00e9 en vigilance rouge canicule, la ville de Sainte-Foy-l\u00e8s-Lyon met en place plusieurs dispositifs pour aider ses habitants \u00e0 se rafra\u00eechir.<\/p>\n<p><a href=\"https:\/\/cinemourguet.com\/\" target=\"_blank\" rel=\"noopener\">Le cin\u00e9ma Mourguet<\/a> propose, en partenariat avec la commune, toutes ses s\u00e9ances \u00e0 1\u00a0\u20ac pour les Fid\u00e9siens sur pr\u00e9sentation d\u2019un justificatif de domicile, jusqu\u2019\u00e0 la fin de l\u2019alerte.<\/p>\n<p>La piscine municipale Le Kubdo \u00e9tend ses horaires et accueillera le public tous les jours de 11\u00a0h \u00e0 20\u00a0h.<\/p>\n<p>  Une salle climatis\u00e9e sur demande<\/p>\n<p>Une salle climatis\u00e9e, l\u2019espace culturel Jean-Salles (biblioth\u00e8que Senghor, 20 rue Ch\u00e2telain), est ouverte sur demande chaque apr\u00e8s-midi, avec inscription pr\u00e9alable au 04\u00a072\u00a032\u00a059\u00a030.<\/p>\n<p>Par ailleurs, les habitants de plus de 65 ans ou en situation de handicap peuvent s\u2019inscrire sur le registre des personnes vuln\u00e9rables du CCAS (04\u00a072\u00a032\u00a058\u00a027), afin d\u2019\u00eatre contact\u00e9s et accompagn\u00e9s en cas de besoin.<\/p>\n","protected":false},"excerpt":{"rendered":"A l\u2019instar de nombreuses communes du d\u00e9partement, plac\u00e9 en vigilance rouge canicule, la ville de Sainte-Foy-l\u00e8s-Lyon met en&hellip;\n","protected":false},"author":2,"featured_media":315912,"comment_status":"","ping_status":"","sticky":false,"template":"","format":"standard","meta":{"footnotes":""},"categories":[1889],"tags":[1111,11,2430,6698,3154,436,1777,674,1011,27,2428,12,25,15673,15674],"class_list":{"0":"post-315911","1":"post","2":"type-post","3":"status-publish","4":"format-standard","5":"has-post-thumbnail","7":"category-lyon","8":"tag-actu","9":"tag-actualites","10":"tag-auvergne-rhone-alpes","11":"tag-canicule","12":"tag-edition-sud-lyonnais","13":"tag-environnement","14":"tag-eu","15":"tag-europe","16":"tag-fr","17":"tag-france","18":"tag-lyon","19":"tag-news","20":"tag-republique-francaise","21":"tag-sainte-foy-les-lyon","22":"tag-sainte-foy-les-lyon-bassin"},"share_on_mastodon":{"url":"https:\/\/pubeurope.com\/@fr\/115020693664815908","error":""},"_links":{"self":[{"href":"https:\/\/www.europesays.com\/fr\/wp-json\/wp\/v2\/posts\/315911","targetHints":{"allow":["GET"]}}],"collection":[{"href":"https:\/\/www.europesays.com\/fr\/wp-json\/wp\/v2\/posts"}],"about":[{"href":"https:\/\/www.europesays.com\/fr\/wp-json\/wp\/v2\/types\/post"}],"author":[{"embeddable":true,"href":"https:\/\/www.europesays.com\/fr\/wp-json\/wp\/v2\/users\/2"}],"replies":[{"embeddable":true,"href":"https:\/\/www.europesays.com\/fr\/wp-json\/wp\/v2\/comments?post=315911"}],"version-history":[{"count":0,"href":"https:\/\/www.europesays.com\/fr\/wp-json\/wp\/v2\/posts\/315911\/revisions"}],"wp:featuredmedia":[{"embeddable":true,"href":"https:\/\/www.europesays.com\/fr\/wp-json\/wp\/v2\/media\/315912"}],"wp:attachment":[{"href":"https:\/\/www.europesays.com\/fr\/wp-json\/wp\/v2\/media?parent=315911"}],"wp:term":[{"taxonomy":"category","embeddable":true,"href":"https:\/\/www.europesays.com\/fr\/wp-json\/wp\/v2\/categories?post=315911"},{"taxonomy":"post_tag","embeddable":true,"href":"https:\/\/www.europesays.com\/fr\/wp-json\/wp\/v2\/tags?post=315911"}],"curies":[{"name":"wp","href":"https:\/\/api.w.org\/{rel}","templated":true}]}}