{"id":315915,"date":"2025-08-13T09:16:19","date_gmt":"2025-08-13T09:16:19","guid":{"rendered":"https:\/\/www.europesays.com\/fr\/315915\/"},"modified":"2025-08-13T09:16:19","modified_gmt":"2025-08-13T09:16:19","slug":"pourquoi-entend-on-des-bruits-de-cigale-a-paris","status":"publish","type":"post","link":"https:\/\/www.europesays.com\/fr\/315915\/","title":{"rendered":"Pourquoi entend-on des bruits de cigale \u00e0 Paris ?"},"content":{"rendered":"<ul class=\"jsx-862013697 ArticleChapo__List\">\n<li class=\"jsx-862013697 ArticleChapo__List_Item flex\">Le chant des cigales est caract\u00e9ristique de la Provence.<\/li>\n<li class=\"jsx-862013697 ArticleChapo__List_Item flex\">Depuis une dizaine d&rsquo;ann\u00e9es, il est \u00e9galement possible de les entendre en plein c\u0153ur de Paris.<\/li>\n<li class=\"jsx-862013697 ArticleChapo__List_Item flex\">Une cons\u00e9quence du r\u00e9chauffement climatique.<\/li>\n<\/ul>\n<p data-module=\"article-paragraph\" class=\"jsx-3046738180 Paragraph\">C&rsquo;est un incontournable des vacances. Il rappelle le sud et le soleil. D\u00e9sormais, le chant des <a href=\"https:\/\/www.tf1info.fr\/environnement-ecologie\/du-jamais-vu-en-17-ans-que-sont-les-cigales-periodiques-qui-reapparaissent-aux-etats-unis-2368413.html\" target=\"_blank\" rel=\"noopener\">cigales <\/a>s&rsquo;invite aussi dans les rues de la capitale. Elles ont \u00e9t\u00e9 apport\u00e9es via des transports de v\u00e9g\u00e9tation du sud vers Paris, alors qu&rsquo;elles \u00e9taient encore sous forme de larves. Avec le <a href=\"https:\/\/www.tf1info.fr\/environnement-ecologie\/video-verif-non-32-000-chercheurs-n-ont-pas-nie-la-realite-du-rechauffement-climatique-2376410.html\" target=\"_blank\" rel=\"noopener\">r\u00e9chauffement climatique<\/a>, leur adaptation dans les arbres parisiens est facilit\u00e9e.\u00a0<\/p>\n<p data-module=\"article-paragraph\" class=\"jsx-3046738180 Paragraph Paragraph__End\">\u00ab\u00a0D&rsquo;ici 2100, on estime qu&rsquo;on risquerait d&rsquo;avoir le climat de Montpellier en plein c\u0153ur de Paris. Et du coup, avec ce <a href=\"https:\/\/www.tf1info.fr\/traditions-et-patrimoine\/video-on-est-face-a-des-defis-le-dereglement-climatique-pese-de-plus-en-plus-sur-le-patrimoine-national-chenonceau-azay-le-rideau-2386924.html\" target=\"_blank\" rel=\"noopener\">climat<\/a>-l\u00e0, oui, les cigales seront en mesure de survivre et de faire leur cycle complet et donc de prosp\u00e9rer dans Paris\u00a0\u00bb, explique Hemminki Johan, charg\u00e9 d&rsquo;\u00e9tudes naturalistes \u00e0 l&rsquo;Agence r\u00e9gionale de la biodiversit\u00e9 d&rsquo;\u00cele-de-France (ARB), dans \u00ab\u00a0Bonjour ! La Matinale\u00a0\u00bb, mercredi 13 ao\u00fbt.<\/p>\n<p><a href=\"https:\/\/www.tf1info.fr\/conso\/reportage-video-bruits-de-vagues-de-cigales-ou-d-oiseaux-quand-les-sons-apaisants-de-la-nature-deviennent-un-vrai-business-2305218.html\" rel=\"noopener\" class=\"jsx-3308031228 Link flex\" target=\"_blank\"><img decoding=\"async\" src=\"https:\/\/www.europesays.com\/fr\/wp-content\/uploads\/2025\/08\/relaxation-1-142378-0@1x.jpeg\" alt=\"TF1\" loading=\"lazy\" importance=\"low\" fetchpriority=\"low\" class=\"\" aria-hidden=\"true\"\/><\/p>\n<p class=\"jsx-3657663356 ReadMoreArticle__Title\">Lire aussi<\/p>\n<p class=\"jsx-3657663356\">Bruits de vagues, de cigales ou d&rsquo;oiseaux : quand les sons apaisants de la nature deviennent un vrai business<\/p>\n<p><\/a><\/p>\n<p data-module=\"article-paragraph\" class=\"jsx-3046738180 Paragraph Paragraph__End\">Selon l&rsquo;ARB, des cigales sont observ\u00e9es depuis une dizaine d&rsquo;ann\u00e9es \u00e0 Paris. \u00ab\u00a0J&rsquo;\u00e9tais en train de me dire que c&rsquo;est moi qui r\u00eavais parce que j&rsquo;avais tr\u00e8s envie de les r\u00e9entendre. Et donc j&rsquo;\u00e9tais en train de m&rsquo;extasier sur le fait que nous avons des cigales \u00e0 Paris, boulevard Richard Lenoir\u00a0\u00bb, sourit une Parisienne. Pour d&rsquo;autres, cette compagnie peu banale interroge : \u00ab\u00a0C&rsquo;est quand m\u00eame un peu surprenant de les entendre \u00e0 ce niveau de la France\u00a0\u00bb, pointe un passant.\u00a0<\/p>\n<p>Emma ALLAMAND<\/p>\n","protected":false},"excerpt":{"rendered":"Le chant des cigales est caract\u00e9ristique de la Provence. Depuis une dizaine d&rsquo;ann\u00e9es, il est \u00e9galement possible de&hellip;\n","protected":false},"author":2,"featured_media":315916,"comment_status":"","ping_status":"","sticky":false,"template":"","format":"standard","meta":{"footnotes":""},"categories":[1888],"tags":[1111,1928,11,1927,1921,6778,6698,4734,1777,674,1011,27,1922,45357,12,1926,626,1925,5735,25,133,5737],"class_list":{"0":"post-315915","1":"post","2":"type-post","3":"status-publish","4":"format-standard","5":"has-post-thumbnail","7":"category-paris","8":"tag-actu","9":"tag-actu-paris","10":"tag-actualites","11":"tag-actualites-paris","12":"tag-article-video","13":"tag-bonjour-la-matinale-tf1","14":"tag-canicule","15":"tag-changement-climatique","16":"tag-eu","17":"tag-europe","18":"tag-fr","19":"tag-france","20":"tag-info","21":"tag-la-france-touchee-par-une-nouvelle-canicule-exceptionnelle-en-2025","22":"tag-news","23":"tag-news-paris","24":"tag-paris","25":"tag-paris-news","26":"tag-protection-de-lenvironnement","27":"tag-republique-francaise","28":"tag-video","29":"tag-video-environnement"},"share_on_mastodon":{"url":"https:\/\/pubeurope.com\/@fr\/115020705695896607","error":""},"_links":{"self":[{"href":"https:\/\/www.europesays.com\/fr\/wp-json\/wp\/v2\/posts\/315915","targetHints":{"allow":["GET"]}}],"collection":[{"href":"https:\/\/www.europesays.com\/fr\/wp-json\/wp\/v2\/posts"}],"about":[{"href":"https:\/\/www.europesays.com\/fr\/wp-json\/wp\/v2\/types\/post"}],"author":[{"embeddable":true,"href":"https:\/\/www.europesays.com\/fr\/wp-json\/wp\/v2\/users\/2"}],"replies":[{"embeddable":true,"href":"https:\/\/www.europesays.com\/fr\/wp-json\/wp\/v2\/comments?post=315915"}],"version-history":[{"count":0,"href":"https:\/\/www.europesays.com\/fr\/wp-json\/wp\/v2\/posts\/315915\/revisions"}],"wp:featuredmedia":[{"embeddable":true,"href":"https:\/\/www.europesays.com\/fr\/wp-json\/wp\/v2\/media\/315916"}],"wp:attachment":[{"href":"https:\/\/www.europesays.com\/fr\/wp-json\/wp\/v2\/media?parent=315915"}],"wp:term":[{"taxonomy":"category","embeddable":true,"href":"https:\/\/www.europesays.com\/fr\/wp-json\/wp\/v2\/categories?post=315915"},{"taxonomy":"post_tag","embeddable":true,"href":"https:\/\/www.europesays.com\/fr\/wp-json\/wp\/v2\/tags?post=315915"}],"curies":[{"name":"wp","href":"https:\/\/api.w.org\/{rel}","templated":true}]}}