{"id":315927,"date":"2025-08-13T09:22:13","date_gmt":"2025-08-13T09:22:13","guid":{"rendered":"https:\/\/www.europesays.com\/fr\/315927\/"},"modified":"2025-08-13T09:22:13","modified_gmt":"2025-08-13T09:22:13","slug":"gaza-legypte-qatar-et-les-usa-retravaillent-sur-la-relance-dun-plan-de-treve-de-60-jours","status":"publish","type":"post","link":"https:\/\/www.europesays.com\/fr\/315927\/","title":{"rendered":"Gaza: L\u2019&rsquo;Egypte, Qatar et les USA retravaillent sur la relance d\u2019un plan de tr\u00eave de 60 jours\u00a0"},"content":{"rendered":"<p>Le ministre \u00e9gyptien des Affaires \u00e9trang\u00e8res a annonc\u00e9 mardi que son pays l\u2019\u00c9gypte travaillait \u00ab en pleine coop\u00e9ration avec les Qataris et les Am\u00e9ricains \u00bb pour parvenir \u00e0 un cessez-le-feu de 60 jours dans la bande de Gaza. Lors d\u2019une conf\u00e9rence de presse au Caire, il a pr\u00e9cis\u00e9 que l\u2019initiative visait \u00e0 \u00ab revenir \u00e0 la proposition initiale \u00bb : une tr\u00eave de deux mois accompagn\u00e9e de la lib\u00e9ration de certains otages isra\u00e9liens et de prisonniers palestiniens. Le plan inclut \u00e9galement l\u2019acheminement \u00ab sans conditions et sans restrictions \u00bb de l\u2019aide humanitaire et m\u00e9dicale vers le territoire palestinien.<br \/>Le ministre a insist\u00e9 sur l\u2019urgence d\u2019un accord pour \u00e9viter une aggravation de la crise humanitaire., L\u2019ouverture de couloirs humanitaires et la lev\u00e9e des obstacles logistiques sont des conditions indispensables au succ\u00e8s de cette tr\u00eave, a-t-il dit.<br \/>\u2013<\/p>\n<p>&#8211; Publicit\u00e9-<\/p>\n","protected":false},"excerpt":{"rendered":"Le ministre \u00e9gyptien des Affaires \u00e9trang\u00e8res a annonc\u00e9 mardi que son pays l\u2019\u00c9gypte travaillait \u00ab en pleine coop\u00e9ration&hellip;\n","protected":false},"author":2,"featured_media":315928,"comment_status":"","ping_status":"","sticky":false,"template":"","format":"standard","meta":{"footnotes":""},"categories":[1589],"tags":[11,73,1866,12,1864,1865,1863,308],"class_list":{"0":"post-315927","1":"post","2":"type-post","3":"status-publish","4":"format-standard","5":"has-post-thumbnail","7":"category-etats-unis","8":"tag-actualites","9":"tag-etats-unis","10":"tag-etats-unis-damerique","11":"tag-news","12":"tag-united-states","13":"tag-united-states-of-america","14":"tag-us","15":"tag-usa"},"share_on_mastodon":{"url":"https:\/\/pubeurope.com\/@fr\/115020729157184731","error":""},"_links":{"self":[{"href":"https:\/\/www.europesays.com\/fr\/wp-json\/wp\/v2\/posts\/315927","targetHints":{"allow":["GET"]}}],"collection":[{"href":"https:\/\/www.europesays.com\/fr\/wp-json\/wp\/v2\/posts"}],"about":[{"href":"https:\/\/www.europesays.com\/fr\/wp-json\/wp\/v2\/types\/post"}],"author":[{"embeddable":true,"href":"https:\/\/www.europesays.com\/fr\/wp-json\/wp\/v2\/users\/2"}],"replies":[{"embeddable":true,"href":"https:\/\/www.europesays.com\/fr\/wp-json\/wp\/v2\/comments?post=315927"}],"version-history":[{"count":0,"href":"https:\/\/www.europesays.com\/fr\/wp-json\/wp\/v2\/posts\/315927\/revisions"}],"wp:featuredmedia":[{"embeddable":true,"href":"https:\/\/www.europesays.com\/fr\/wp-json\/wp\/v2\/media\/315928"}],"wp:attachment":[{"href":"https:\/\/www.europesays.com\/fr\/wp-json\/wp\/v2\/media?parent=315927"}],"wp:term":[{"taxonomy":"category","embeddable":true,"href":"https:\/\/www.europesays.com\/fr\/wp-json\/wp\/v2\/categories?post=315927"},{"taxonomy":"post_tag","embeddable":true,"href":"https:\/\/www.europesays.com\/fr\/wp-json\/wp\/v2\/tags?post=315927"}],"curies":[{"name":"wp","href":"https:\/\/api.w.org\/{rel}","templated":true}]}}