{"id":315931,"date":"2025-08-13T09:24:16","date_gmt":"2025-08-13T09:24:16","guid":{"rendered":"https:\/\/www.europesays.com\/fr\/315931\/"},"modified":"2025-08-13T09:24:16","modified_gmt":"2025-08-13T09:24:16","slug":"jusqua-40-centrales-a-gaz-en-5-ans-le-virage-energetique-prevu-en-allemagne-provoque-le-malaise-jusque-dans-la-coalition-au-pouvoir-13-08-2025-a-1105","status":"publish","type":"post","link":"https:\/\/www.europesays.com\/fr\/315931\/","title":{"rendered":"Jusqu&rsquo;\u00e0 40 centrales \u00e0 gaz en 5 ans : le virage \u00e9nerg\u00e9tique pr\u00e9vu en Allemagne provoque le malaise jusque dans la coalition au pouvoir &#8211; 13\/08\/2025 \u00e0 11:05"},"content":{"rendered":"<p> La ministre conservatrice de l&rsquo;\u00c9conomie Katherina Reiche r\u00e9clame la construction d&rsquo;ici 2030 de nouvelles centrales \u00e0 gaz d&rsquo;une capacit\u00e9 de production d&rsquo;environ 20 gigawatts.<\/p>\n<p>        <img fetchpriority=\"high\" decoding=\"async\" src=\"https:\/\/www.europesays.com\/fr\/wp-content\/uploads\/2025\/08\/d67a7bfca499c9d221cd306bae26d160-760x507.jpg\" alt=\"( AFP \/ JODY AMIET )\" loading=\"eager\" width=\"760\" height=\"507\" style=\"max-width: 100%!important; height: auto;\"\/><\/p>\n<p class=\"c-image-news__legend\">( AFP \/ JODY AMIET )<\/p>\n<p>\n Objectif : garantir l&rsquo;approvisionnement \u00e9lectrique d&rsquo;un secteur industriel en crise. Les conservateurs allemands au pouvoir sont est en train d&rsquo;op\u00e9rer un virage \u00e9ngerg\u00e9tique qui pourrait voir fleurir une multitude de centrales \u00e0 gaz dans le pays. Un projet qui s\u00e8me le malaise jusque dans la coalition et qui repr\u00e9sente un \u00ab\u00a0recul dramatique\u00a0\u00bb selon l&rsquo;opposition.\n<\/p>\n<p>\n <strong><br \/>\n  Garantir un approvisionnement \u00e9nerg\u00e9tique fiable et abordable<br \/>\n <\/strong><br \/>\n pour le secteur manufacturier est une promesse phare de la coalition du chancelier Friedrich Merz, alors que les d\u00e9boires de l&rsquo;industrie ont maintenu la premi\u00e8re \u00e9conomie europ\u00e9enne en r\u00e9cession deux ann\u00e9es de suite. Mais pour l&rsquo;opposition de gauche, cette initiative, qui stimulerait les \u00e9missions de CO2, illustre le retour en arri\u00e8re sur le plan climatique de la coalition qui allie conservateurs et sociaux-d\u00e9mocrates.\n<\/p>\n<p>\n La ministre conservatrice de l&rsquo;\u00c9conomie Katherina Reiche r\u00e9clame la construction d&rsquo;ici 2030 de nouvelles centrales \u00e0 gaz d&rsquo;<br \/>\n <strong><br \/>\n  une capacit\u00e9 de production d&rsquo;environ 20 gigawatts, soit l&rsquo;\u00e9quivalent de 40 centrales.<br \/>\n <\/strong><br \/>\n Il faut \u00ab\u00a0agir tr\u00e8s rapidement\u00a0\u00bb afin de \u00ab\u00a0maintenir une s\u00e9curit\u00e9 \u00e9lev\u00e9e d&rsquo;approvisionnement dans notre pays\u00a0\u00bb, mart\u00e8le cette ancienne directrice d&rsquo;une filiale du fournisseur d&rsquo;\u00e9nergie E.ON.\n<\/p>\n<p>\n L&rsquo;objectif serait de disposer d&rsquo;une source d&rsquo;\u00e9nergie de secours<br \/>\n <strong><br \/>\n  en cas de p\u00e9nurie d&rsquo;\u00e9nergies renouvelables, en l&rsquo;absence de soleil et de vent<br \/>\n <\/strong><br \/>\n , un probl\u00e8me de plus en plus important sur le march\u00e9 de l&rsquo;\u00e9lectricit\u00e9 puisque leur part augmente dans le mix \u00e9nerg\u00e9tique allemand. Moins polluant que le charbon, le gaz naturel peut combler les trous jusqu&rsquo;\u00e0 ce que les \u00e9nergies renouvelables soient suffisamment d\u00e9velopp\u00e9es, assurent ses partisans.\n<\/p>\n<p> Les objectifs nationaux remis en question ?<\/p>\n<p>\n D&rsquo;autant que<br \/>\n <strong><br \/>\n  l&rsquo;Allemagne s&rsquo;est sevr\u00e9e d\u00e9finitivement du nucl\u00e9aire en 2023<br \/>\n <\/strong><br \/>\n et doit renoncer \u00e0 ses centrales \u00e0 charbon d&rsquo;ici 2038. Berlin s&rsquo;est aussi engag\u00e9 \u00e0 augmenter sa part de renouvelable dans la consommation d&rsquo;\u00e9lectricit\u00e9 \u00e0 80 % d&rsquo;ici 2030, contre 55 % en 2024 selon l&rsquo;agence f\u00e9d\u00e9rale pour l&rsquo;environnement.\n<\/p>\n<p>\n D\u00e9but ao\u00fbt, le gouvernement a donn\u00e9 son feu vert \u00e0 un projet controvers\u00e9 de forage de gaz naturel au large d&rsquo;une \u00eele de la mer du Nord, dans une zone \u00e0 cheval sur la fronti\u00e8re n\u00e9erlandaise, provoquant le courroux des Verts.\n<\/p>\n<p>\n Robert Habeck, le pr\u00e9d\u00e9cesseur \u00e9cologiste de Katherina Reiche, souhaitait \u00e9galement augmenter la capacit\u00e9 des centrales \u00e0 gaz, mais deux fois moins que la nouvelle ministre, et voulait les faire fonctionner avec de l&rsquo;hydrog\u00e8ne d\u00e8s que possible.\n<\/p>\n<p>\n Symbole du changement d&rsquo;\u00e9poque, le minist\u00e8re de Reiche est d\u00e9sormais celui de \u00ab\u00a0l&rsquo;\u00c9conomie et de l&rsquo;\u00c9nergie\u00a0\u00bb, perdant son \u00e9tiquette d'\u00a0\u00bbAction climatique\u00a0\u00bb quand il \u00e9tait dirig\u00e9 par Robert Habeck.<br \/>\n <strong><br \/>\n  La conservatrice a aussi questionn\u00e9 \u00e0 demi-mot les objectifs nationaux<br \/>\n <\/strong><br \/>\n , juridiquement contraignants, d&rsquo;atteindre la neutralit\u00e9 climatique d&rsquo;ici 2045, ce qui a suscit\u00e9 un conflit avec le ministre social-d\u00e9mocrate de l&rsquo;Environnement Carsten Schneider.\n<\/p>\n<p>\n Interrog\u00e9 par l&rsquo;<\/p>\n<p>  AFP<\/p>\n<p> , un porte-parole du minist\u00e8re assure que Katherina Reiche \u00ab\u00a0soutient\u00a0\u00bb les objectifs climatiques actuels.<br \/>\n <strong><br \/>\n  \u00ab\u00a0Le gouvernement s&rsquo;engage \u00e0 atteindre ces objectifs avec les mesures politiques \u00e0 sa disposition<br \/>\n <\/strong><br \/>\n , tout en pr\u00e9servant la comp\u00e9titivit\u00e9 de l&rsquo;industrie allemande\u00a0\u00bb, ajoute-t-il.\n<\/p>\n<p> \u00ab\u00a0Recul dramatique\u00a0\u00bb<\/p>\n<p>\n Depuis son entr\u00e9e en fonction, Katherina Reiche essuie les attaques des Verts et des militants \u00e9cologistes, qui d\u00e9noncent ses liens avec l&rsquo;industrie gazi\u00e8re et \u00e9nerg\u00e9tique. Plus de 380.000 personnes ont sign\u00e9 une p\u00e9tition de l&rsquo;alliance citoyenne Campact contre son agenda politique, qui risque d&rsquo;entra\u00eener \u00ab\u00a0un recul dramatique des politiques climatiques\u00a0\u00bb selon le texte.\n<\/p>\n<p>\n <strong><br \/>\n  M\u00eame au sein des conservateurs, les critiques \u00e9mergent<br \/>\n <\/strong><br \/>\n de la part de l&rsquo;Union pour le climat, une fraction du parti d\u00e9di\u00e9e aux questions \u00e9cologistes. Dans le quotidien financier<\/p>\n<p>  Handelsblatt<\/p>\n<p> , celle-ci pr\u00e9vient que les subventions des futures centrales \u00e0 gaz pourraient faire augmenter les co\u00fbts de l&rsquo;\u00e9lectricit\u00e9.\n<\/p>\n<p>\n Toutefois, pour le groupe d&rsquo;experts Agora Energiewende, 10 gigawatts suppl\u00e9mentaires d&rsquo;ici 2030 seraient suffisants pour pallier les manques des autres sources d&rsquo;\u00e9nergie. \u00ab\u00a0Cela garantirait la s\u00e9curit\u00e9 de l&rsquo;approvisionnement, m\u00eame si les centrales \u00e0 charbon sont d\u00e9connect\u00e9es du r\u00e9seau comme pr\u00e9vu\u00a0\u00bb, a d\u00e9clar\u00e9 Philipp Godron, responsable du programme \u00e9nerg\u00e9tique du groupe, \u00e0 l&rsquo;<\/p>\n<p>  AFP<\/p>\n<p> .\n<\/p>\n<p>\n Mais quand seront construites ces centrales ? Le feu vert de la Commission europ\u00e9enne se fait toujours attendre, ce qui prolonge les incertitudes. Les discussions avec l&rsquo;UE concernant les appels d&rsquo;offres pour une \u00ab\u00a0partie importante\u00a0\u00bb des centrales \u00e9taient \u00ab\u00a0bien avanc\u00e9es\u00a0\u00bb, r\u00e9torque le porte-parole du minist\u00e8re de l&rsquo;\u00c9conomie. Il souligne \u00e9galement que toute nouvelle centrale au gaz devra \u00eatre \u00ab\u00a0d\u00e9carbon\u00e9e \u00e0 long terme\u00a0\u00bb, conform\u00e9ment \u00e0 la \u00ab\u00a0l\u00e9gislation europ\u00e9enne\u00a0\u00bb.<\/p>\n","protected":false},"excerpt":{"rendered":"La ministre conservatrice de l&rsquo;\u00c9conomie Katherina Reiche r\u00e9clame la construction d&rsquo;ici 2030 de nouvelles centrales \u00e0 gaz d&rsquo;une&hellip;\n","protected":false},"author":2,"featured_media":315932,"comment_status":"","ping_status":"","sticky":false,"template":"","format":"standard","meta":{"footnotes":""},"categories":[1587],"tags":[400,11,672,398,408,1804,405,1805,1803,1777,674,1801,403,402,399,404,12,1802,401,406,407],"class_list":{"0":"post-315931","1":"post","2":"type-post","3":"status-publish","4":"format-standard","5":"has-post-thumbnail","7":"category-allemagne","8":"tag-action-cac-40","9":"tag-actualites","10":"tag-allemagne","11":"tag-bourse-de-paris","12":"tag-boursorama","13":"tag-bundesrepublik-deutschland","14":"tag-cotations","15":"tag-de","16":"tag-deutschland","17":"tag-eu","18":"tag-europe","19":"tag-germany","20":"tag-indices-devises","21":"tag-investir","22":"tag-investissement","23":"tag-marche-boursier","24":"tag-news","25":"tag-republique-federale-dallemagne","26":"tag-sicav","27":"tag-trackers","28":"tag-warrants"},"share_on_mastodon":{"url":"https:\/\/pubeurope.com\/@fr\/115020737153595016","error":""},"_links":{"self":[{"href":"https:\/\/www.europesays.com\/fr\/wp-json\/wp\/v2\/posts\/315931","targetHints":{"allow":["GET"]}}],"collection":[{"href":"https:\/\/www.europesays.com\/fr\/wp-json\/wp\/v2\/posts"}],"about":[{"href":"https:\/\/www.europesays.com\/fr\/wp-json\/wp\/v2\/types\/post"}],"author":[{"embeddable":true,"href":"https:\/\/www.europesays.com\/fr\/wp-json\/wp\/v2\/users\/2"}],"replies":[{"embeddable":true,"href":"https:\/\/www.europesays.com\/fr\/wp-json\/wp\/v2\/comments?post=315931"}],"version-history":[{"count":0,"href":"https:\/\/www.europesays.com\/fr\/wp-json\/wp\/v2\/posts\/315931\/revisions"}],"wp:featuredmedia":[{"embeddable":true,"href":"https:\/\/www.europesays.com\/fr\/wp-json\/wp\/v2\/media\/315932"}],"wp:attachment":[{"href":"https:\/\/www.europesays.com\/fr\/wp-json\/wp\/v2\/media?parent=315931"}],"wp:term":[{"taxonomy":"category","embeddable":true,"href":"https:\/\/www.europesays.com\/fr\/wp-json\/wp\/v2\/categories?post=315931"},{"taxonomy":"post_tag","embeddable":true,"href":"https:\/\/www.europesays.com\/fr\/wp-json\/wp\/v2\/tags?post=315931"}],"curies":[{"name":"wp","href":"https:\/\/api.w.org\/{rel}","templated":true}]}}