{"id":315939,"date":"2025-08-13T09:28:12","date_gmt":"2025-08-13T09:28:12","guid":{"rendered":"https:\/\/www.europesays.com\/fr\/315939\/"},"modified":"2025-08-13T09:28:12","modified_gmt":"2025-08-13T09:28:12","slug":"info-rtl-un-chef-etoile-du-georges-v-violemment-agresse-pour-sa-montre-a-150-000-euros","status":"publish","type":"post","link":"https:\/\/www.europesays.com\/fr\/315939\/","title":{"rendered":"INFO RTL &#8211; Un chef \u00e9toil\u00e9 du Georges V violemment agress\u00e9 pour sa montre \u00e0 150.000 euros"},"content":{"rendered":"<p class=\"article-p mdl\">Simone Zanoni rentrait chez lui \u00e0 moto dans les Yvelines, mardi 12 ao\u00fbt, vers 23h00, quand deux hommes arriv\u00e9s sur un puissant scooter TMAX l&rsquo;ont projet\u00e9 au sol avant de lui <strong>d\u00e9rober sa montre de luxe Richard Mille<\/strong>, d&rsquo;apr\u00e8s les informations de RTL. Le chef \u00e9toil\u00e9, qui officie dans le restaurant \u00ab\u00a0Le Georges\u00a0\u00bb au sein du palace parisien Four Seasons h\u00f4tel Georges V, a tent\u00e9 de se d\u00e9battre d&rsquo;apr\u00e8s une source polici\u00e8re, mais il a <strong>re\u00e7u plusieurs coups de pied sur le torse et dans les c\u00f4tes.<\/strong>\u00a0<\/p>\n<p class=\"article-p mdl\">Apr\u00e8s s&rsquo;\u00eatre empar\u00e9 de sa montre, les deux malfaiteurs ont pris la fuite en deux-roues en direction de l&rsquo;<a class=\"link\" href=\"https:\/\/www.rtl.fr\/actu\/justice-faits-divers\/carambolage-sur-l-a13-c-est-le-plus-gros-accident-que-j-ai-vu-raconte-un-temoin-7900485300\" title=\"Carambolage sur l&#039;A13 : &quot;C&#039;est le plus gros accident que j&#039;ai vu&quot;, raconte un t\u00e9moin sur RTL\" target=\"_blank\" rel=\"noopener\">A13<\/a>\u00a0avant de dispara\u00eetre. Le chef italien n&rsquo;a \u00e9t\u00e9 que l\u00e9g\u00e8rement bless\u00e9 et a d\u00e9clin\u00e9 l&rsquo;intervention des sapeurs-pompiers. Il a fait constater les ecchymoses par l&rsquo;Unit\u00e9 m\u00e9dico-judiciaire avant de d\u00e9poser plainte au commissariat de Versailles pour vol aggrav\u00e9.\u00a0<\/p>\n<p class=\"article-p mdl\">La montre de luxe est estim\u00e9e \u00e0 150.000 euros par son propri\u00e9taire. Simone Zanoni a pr\u00e9cis\u00e9 aux policiers que la lutte avec ses agresseurs ne lui avait pas permis de bien voir leur visage et que son domicile n&rsquo;est pas\u00a0<a class=\"link\" href=\"https:\/\/www.rtl.fr\/actu\/debats-societe\/cameras-alarmes-detecteurs-comment-les-francais-se-protegent-des-cambriolages-avant-les-vacances-d-ete-7900521538\" title=\"Cam\u00e9ras, alarmes, d\u00e9tecteurs... comment les Fran\u00e7ais se prot\u00e8gent des cambriolages avant les vacances d&#039;\u00e9t\u00e9\" target=\"_blank\" rel=\"noopener\">dot\u00e9 de vid\u00e9o-surveillance.\u00a0 \u00a0 \u00a0<\/a><\/p>\n<p class=\"article-p mdl\">C&rsquo;est la deuxi\u00e8me fois que le chef italien est victime de malfrats. En 2022 Simone Zanoni avait \u00e9t\u00e9 victime d&rsquo;un home-jacking encore plus violent, braqu\u00e9 au sein m\u00eame de son domicile par quatre individus masqu\u00e9s et arm\u00e9s. Sa femme avait \u00e9t\u00e9 menac\u00e9e avec une arme blanche \u00e0 quelques m\u00e8tres de la chambre des enfants.\u00a0<\/p>\n<p class=\"article-p mdl\">Des montres de luxe et des bijoux avaient \u00e9t\u00e9 d\u00e9rob\u00e9s par les malfrats repartis au volant du SUV du grand cuisinier. Jug\u00e9 en 2024 par la cour d&rsquo;assises des mineurs des Yvelines, six hommes, dont cinq \u00e2g\u00e9 de 17 ans au moment des faits, <strong>avaient \u00e9t\u00e9 condamn\u00e9s \u00e0 des peines de 5 \u00e0 9 ans de prison.\u00a0 <\/strong>\u00a0 \u00a0 \u00a0 \u00a0\u00a0<\/p>\n<p>    La r\u00e9daction vous recommande<\/p>\n<p class=\"s-newsletter__title\">\n                L\u2019actualit\u00e9 par la r\u00e9daction de RTL dans votre bo\u00eete mail.\n            <\/p>\n<p class=\"s-newsletter__subtitle\">\n                Gr\u00e2ce \u00e0 votre compte RTL abonnez-vous \u00e0 la newsletter RTL info pour suivre toute l&rsquo;actualit\u00e9 au quotidien\n            <\/p>\n<p>\n                                    Lire la suite\n                                <\/p>\n","protected":false},"excerpt":{"rendered":"Simone Zanoni rentrait chez lui \u00e0 moto dans les Yvelines, mardi 12 ao\u00fbt, vers 23h00, quand deux hommes&hellip;\n","protected":false},"author":2,"featured_media":315940,"comment_status":"","ping_status":"","sticky":false,"template":"","format":"standard","meta":{"footnotes":""},"categories":[2],"tags":[11,9462,118,107,1011,27,12,25,809],"class_list":{"0":"post-315939","1":"post","2":"type-post","3":"status-publish","4":"format-standard","5":"has-post-thumbnail","7":"category-actualites","8":"tag-actualites","9":"tag-cambriolages","10":"tag-faits-divers","11":"tag-fil-info","12":"tag-fr","13":"tag-france","14":"tag-news","15":"tag-republique-francaise","16":"tag-violence"},"share_on_mastodon":{"url":"https:\/\/pubeurope.com\/@fr\/115020752754746961","error":""},"_links":{"self":[{"href":"https:\/\/www.europesays.com\/fr\/wp-json\/wp\/v2\/posts\/315939","targetHints":{"allow":["GET"]}}],"collection":[{"href":"https:\/\/www.europesays.com\/fr\/wp-json\/wp\/v2\/posts"}],"about":[{"href":"https:\/\/www.europesays.com\/fr\/wp-json\/wp\/v2\/types\/post"}],"author":[{"embeddable":true,"href":"https:\/\/www.europesays.com\/fr\/wp-json\/wp\/v2\/users\/2"}],"replies":[{"embeddable":true,"href":"https:\/\/www.europesays.com\/fr\/wp-json\/wp\/v2\/comments?post=315939"}],"version-history":[{"count":0,"href":"https:\/\/www.europesays.com\/fr\/wp-json\/wp\/v2\/posts\/315939\/revisions"}],"wp:featuredmedia":[{"embeddable":true,"href":"https:\/\/www.europesays.com\/fr\/wp-json\/wp\/v2\/media\/315940"}],"wp:attachment":[{"href":"https:\/\/www.europesays.com\/fr\/wp-json\/wp\/v2\/media?parent=315939"}],"wp:term":[{"taxonomy":"category","embeddable":true,"href":"https:\/\/www.europesays.com\/fr\/wp-json\/wp\/v2\/categories?post=315939"},{"taxonomy":"post_tag","embeddable":true,"href":"https:\/\/www.europesays.com\/fr\/wp-json\/wp\/v2\/tags?post=315939"}],"curies":[{"name":"wp","href":"https:\/\/api.w.org\/{rel}","templated":true}]}}