{"id":315945,"date":"2025-08-13T09:32:12","date_gmt":"2025-08-13T09:32:12","guid":{"rendered":"https:\/\/www.europesays.com\/fr\/315945\/"},"modified":"2025-08-13T09:32:12","modified_gmt":"2025-08-13T09:32:12","slug":"six-bleues-parmi-les-joueuses-a-suivre-au-mondial-feminin-2025","status":"publish","type":"post","link":"https:\/\/www.europesays.com\/fr\/315945\/","title":{"rendered":"Six Bleues parmi les joueuses \u00e0 suivre au Mondial f\u00e9minin 2025"},"content":{"rendered":"<p>Il ne faut pas descendre bien bas pour retrouver la premi\u00e8re fran\u00e7aise. Il s&rsquo;agit de Pauline Bourdon-Sansus, 2e de ce classement Top 50. La demie de m\u00eal\u00e9e \u00e2g\u00e9e de 29 ans a un impact sur le jeu des Bleues depuis son arriv\u00e9e en s\u00e9lection. Avec 66 capes, elle est consid\u00e9r\u00e9e comme l&rsquo;alter ego f\u00e9minin d&rsquo;Antoine Dupont. Pauline Bourdon-Sansus se distingue par sa capacit\u00e9 \u00e0 alterner le jeu et \u00e0 claquer des drops de 50m. C&rsquo;est une leader chez les Bleues.<\/p>\n<p>\u00a0<\/p>\n<p>Morgane Bourgeois, l&rsquo;autre membre du Top 10<\/p>\n<p>\u00a0<\/p>\n<p>Morgane Bourgeois (14 s\u00e9lections) est une h\u00e9riti\u00e8re du rugby et s&rsquo;est lanc\u00e9e assez t\u00f4t. L&rsquo;arri\u00e8re de 22 ans arrive 9e du Top 50, gr\u00e2ce notamment \u00e0 son jeu au pied qui la distingue. M\u00eame si sa capacit\u00e9 d&rsquo;acc\u00e9l\u00e9ration est remarquable, c&rsquo;est sa pr\u00e9cision qui la caract\u00e9rise le plus. Pour preuve, elle a \u00e9t\u00e9 la meilleure r\u00e9alisatrice du Tournoi des Six Nations 2025 avec ses 73 points inscrits. Elle aura sans doute son mot \u00e0 dire au Mondial.<\/p>\n<p>\u00a0<\/p>\n<blockquote class=\"twitter-tweet\">\n<p dir=\"ltr\" lang=\"fr\">Thomas Ramos \ud83e\udd1d Morgane Bourgeois<\/p>\n<p>Les artilleurs fran\u00e7ais en grande forme lors du Tournoi 2025 \ud83c\udfaf<a href=\"https:\/\/twitter.com\/hashtag\/SixNationsRugby?src=hash&amp;ref_src=twsrc%5Etfw\" rel=\"nofollow noopener\" target=\"_blank\">#SixNationsRugby<\/a> <a href=\"https:\/\/t.co\/pzMBr12FQO\" rel=\"nofollow\">pic.twitter.com\/pzMBr12FQO<\/a><\/p>\n<p>\u2014 Six Nations (FR) (@SixNations_FR) <a href=\"https:\/\/twitter.com\/SixNations_FR\/status\/1918628011261206988?ref_src=twsrc%5Etfw\" rel=\"nofollow noopener\" target=\"_blank\">May 3, 2025<\/a><\/p>\n<\/blockquote>\n<p>\u00a0<\/p>\n<p>Fall-Raclot et Gabrielle Vernier tiennent toujours leurs rangs<\/p>\n<p>\u00a0<\/p>\n<p>Plus bas, \u00e0 la 16e place, on retrouve Madoussou Fall-Raclot (40 s\u00e9lections). La deuxi\u00e8me-ligne de 27 ans ne se n\u00e9glige pas non plus. Sa place de titulaire ne souffre pas de contestations au sein de l&rsquo;\u00e9quipe. Elle avait d\u00e9j\u00e0 fait sensation quelques ann\u00e9es en arri\u00e8re lorsqu&rsquo;elle a \u00e9t\u00e9 class\u00e9e dans la Dream Team f\u00e9minine aux World Rugby awards de 2022. Gr\u00e2ce \u00e0 son physique imposant, elle est g\u00e9n\u00e9reuse dans l&rsquo;effort et est consid\u00e9r\u00e9e comme la reine des plaquages chez les Bleues.<\/p>\n<p>\u00a0<\/p>\n<p>Pas trop loin de Madoussou Fall-Raclot, RugbyPass positionne Gabrielle Vernier \u00e0 la 18e place. C&rsquo;est la 4e Fran\u00e7aise du classement et elle \u00e9volue poste de Trois-quarts centre. A 28 ans, elle compte d\u00e9j\u00e0 52 capes en \u00e9quipe nationale. Si ses courses tranchantes sont remarquables sur le terrain, c&rsquo;est surtout sa lecture du jeu et son sens de l&rsquo;anticipation qui sont pr\u00e9cieuses. Elle offre un certain avantage \u00e0 son \u00e9quipe en phase d\u00e9fensive. En 2023, Gabrielle Vernier a \u00e9t\u00e9 d\u00e9sign\u00e9e meilleure internationale fran\u00e7aise et s&rsquo;est trouv\u00e9e une place dans le XV de r\u00eave aux World Rugby awards.<\/p>\n<p>\u00a0<\/p>\n<p>Manae Feleu et Rose Bernadou pour boucler<\/p>\n<p>\u00a0<\/p>\n<p>Capable de jouer deuxi\u00e8me-ligne ou troisi\u00e8me-ligne, Manae Feleu (27 s\u00e9lections) vient \u00e0 la 23e position. Son importance dans le vestiaire est surtout soulign\u00e9e. Elle sait \u00eatre une v\u00e9ritable leader, sait guider et sait orienter sur le terrain quand \u00e7a temp\u00eate. Pas surprenant de la voir obtenir le r\u00f4le de capitaine en amical samedi dernier contre l&rsquo;Angleterre. Son r\u00f4le en d\u00e9fense est ind\u00e9niable et la joueuse de 25 ans est attendue pour faire mieux au Mondial.<\/p>\n<p>\u00a0<\/p>\n<p>Evoluant au poste de pilier droit, Rose Bernadou (21 s\u00e9lections) arrive \u00e0 la 48e place et est la derni\u00e8re Fran\u00e7aise du lot. Elle ne vole pas sa place dans le classement. Sa solidit\u00e9 en m\u00eal\u00e9e ferm\u00e9e la conforte comme un atout dans l&rsquo;\u00e9quipe des Bleues. D\u00e9blayages, plaquages, rucks, la joueuse de 25 ans aime tout simplement les t\u00e2ches de l&rsquo;ombre. Il faut avoir du cran pour rivaliser contre elle au poste de pilier droit au sein de l&rsquo;\u00e9quipe.<\/p>\n<blockquote class=\"twitter-tweet\">\n<p dir=\"ltr\" lang=\"en\">Was delighted to prove some background and insights on some of the Irish stars that made the <a href=\"https:\/\/twitter.com\/RugbyPass?ref_src=twsrc%5Etfw\" rel=\"nofollow noopener\" target=\"_blank\">@RugbyPass<\/a> &lsquo;Top 50 Women&rsquo;s Rugby Players&rsquo; list for 2025<\/p>\n<p>Aoife Wafer the highest ranked <a href=\"https:\/\/twitter.com\/IrishRugby?ref_src=twsrc%5Etfw\" rel=\"nofollow noopener\" target=\"_blank\">@IrishRugby<\/a> player, at No.5 \u2618\ufe0f<a href=\"https:\/\/t.co\/hlJjYMjYlb\" rel=\"nofollow\">https:\/\/t.co\/hlJjYMjYlb<\/a><\/p>\n<p>\u2014 Pat McCarry (@patmccarry) <a href=\"https:\/\/twitter.com\/patmccarry\/status\/1954874241792282946?ref_src=twsrc%5Etfw\" rel=\"nofollow noopener\" target=\"_blank\">August 11, 2025<\/a><\/p>\n<\/blockquote>\n<p>Partagez cette info avec vos amis et vos proches en cliquant ici<br \/>Pour r\u00e9sumer<\/p>\n<p>Six Bleues figurent dans le Top 50 RugbyPass : Bourdon-Sansus (2e), Bourgeois (9e), Fall-Raclot (16e), Vernier (18e), Feleu (23e) et Bernadou (48e). Toutes brillent par leur leadership, leur impact d\u00e9fensif ou leur pr\u00e9cision technique.<\/p>\n<p> <img decoding=\"async\" width=\"76\" height=\"76\" loading=\"lazy\" src=\"https:\/\/www.europesays.com\/fr\/wp-content\/uploads\/2025\/04\/avatar-quinze.png\" alt=\"Voldi Fr\u00e9jus\u00a0Hounvio\"\/><script async src=\"https:\/\/platform.twitter.com\/widgets.js\" charset=\"utf-8\"><\/script><\/p>\n","protected":false},"excerpt":{"rendered":"Il ne faut pas descendre bien bas pour retrouver la premi\u00e8re fran\u00e7aise. Il s&rsquo;agit de Pauline Bourdon-Sansus, 2e&hellip;\n","protected":false},"author":2,"featured_media":315946,"comment_status":"","ping_status":"","sticky":false,"template":"","format":"standard","meta":{"footnotes":""},"categories":[1416],"tags":[1011,27,479,1468,60],"class_list":{"0":"post-315945","1":"post","2":"type-post","3":"status-publish","4":"format-standard","5":"has-post-thumbnail","7":"category-rugby","8":"tag-fr","9":"tag-france","10":"tag-rugby","11":"tag-rugby-football","12":"tag-sports"},"share_on_mastodon":{"url":"https:\/\/pubeurope.com\/@fr\/115020768517947793","error":""},"_links":{"self":[{"href":"https:\/\/www.europesays.com\/fr\/wp-json\/wp\/v2\/posts\/315945","targetHints":{"allow":["GET"]}}],"collection":[{"href":"https:\/\/www.europesays.com\/fr\/wp-json\/wp\/v2\/posts"}],"about":[{"href":"https:\/\/www.europesays.com\/fr\/wp-json\/wp\/v2\/types\/post"}],"author":[{"embeddable":true,"href":"https:\/\/www.europesays.com\/fr\/wp-json\/wp\/v2\/users\/2"}],"replies":[{"embeddable":true,"href":"https:\/\/www.europesays.com\/fr\/wp-json\/wp\/v2\/comments?post=315945"}],"version-history":[{"count":0,"href":"https:\/\/www.europesays.com\/fr\/wp-json\/wp\/v2\/posts\/315945\/revisions"}],"wp:featuredmedia":[{"embeddable":true,"href":"https:\/\/www.europesays.com\/fr\/wp-json\/wp\/v2\/media\/315946"}],"wp:attachment":[{"href":"https:\/\/www.europesays.com\/fr\/wp-json\/wp\/v2\/media?parent=315945"}],"wp:term":[{"taxonomy":"category","embeddable":true,"href":"https:\/\/www.europesays.com\/fr\/wp-json\/wp\/v2\/categories?post=315945"},{"taxonomy":"post_tag","embeddable":true,"href":"https:\/\/www.europesays.com\/fr\/wp-json\/wp\/v2\/tags?post=315945"}],"curies":[{"name":"wp","href":"https:\/\/api.w.org\/{rel}","templated":true}]}}