{"id":315949,"date":"2025-08-13T09:34:12","date_gmt":"2025-08-13T09:34:12","guid":{"rendered":"https:\/\/www.europesays.com\/fr\/315949\/"},"modified":"2025-08-13T09:34:12","modified_gmt":"2025-08-13T09:34:12","slug":"france-espagne-soiree-de-legendes","status":"publish","type":"post","link":"https:\/\/www.europesays.com\/fr\/315949\/","title":{"rendered":"France-Espagne : soir\u00e9e de l\u00e9gendes"},"content":{"rendered":"<p>Ils en ont v\u00e9cu une quinzaine chacun. France-Espagne. Une rivalit\u00e9 qui ne se d\u00e9mode jamais malgr\u00e9 les ann\u00e9es qui passent, et les g\u00e9n\u00e9rations de joueurs qui se succ\u00e8dent. Face \u00e0 nos voisins, Nando De Colo et Nicolas Batum ont connu d\u2019immenses joie (demi-finale EuroBasket 2013, quart de finale Coupe du Monde 2014) et de terribles d\u00e9sillusions (quart de finale Jeux Olympiques 2012 et 2016, demi-finale EuroBasket 2015\u2026). Samedi soir, sur le parquet de l\u2019Accor Arena, ils seront en civil afin d\u2019\u00eatre f\u00eat\u00e9s par le public fran\u00e7ais, un an apr\u00e8s leur retraite internationale, au lendemain de la conqu\u00eate de la m\u00e9daille d\u2019argent olympique.<\/p>\n<p>Un retour sur le terrain qui les a vus \u00e9crire la derni\u00e8re page d\u2019une carri\u00e8re exceptionnelle avec les Bleus, commenc\u00e9e \u00e0 un an d\u2019\u00e9cart : en 2009 pour Nando De Colo, en 2010 pour Nicolas Batum. Le premier a remport\u00e9 six m\u00e9dailles internationales avec l\u2019\u00c9quipe de France, le second en a glan\u00e9 sept, le record absolu en s\u00e9lection.<\/p>\n<p>Et \u00e0 Paris, ils ne seront pas les seules l\u00e9gendes honor\u00e9es. \u00c0 l\u2019issue des Jeux Olympiques, Nando De Colo a int\u00e9gr\u00e9 le club tr\u00e8s s\u00e9lect des internationaux ayant port\u00e9 \u00e0 plus de 200 reprises le maillot bleu. Ils sont d\u00e9sormais huit dans ce cas avec Herv\u00e9 Dubuisson, Jacques Cachemire, Boris Diaw, Florent Pietrus, Eric Beugnot, Jean-Michel S\u00e9n\u00e9gal et Jacques Monclar. Sept d\u2019entre-eux assisteront \u00e0 France-Espagne pour finir de faire de ce match une soir\u00e9e exceptionnelle.<\/p>\n<p>Pour acheter vos places, cliquez <a href=\"https:\/\/billetterie.ffbb.com\/fr?gad_source=1&amp;gad_campaignid=22807217705&amp;gbraid=0AAAAABv7nU6IJuzi2J20mj2uCX_H6FHza&amp;gclid=Cj0KCQjwzOvEBhDVARIsADHfJJTO9dmKIaZUQJs3SQ8APolFjebKdVTG2_UlIPqjf7i4hXI9cmLDBl0aAnkcEALw_wcB\" target=\"_blank\" rel=\"noopener nofollow\">ici<\/a><\/p>\n<p><img decoding=\"async\" title=\"\u00a9\" src=\"https:\/\/www.europesays.com\/fr\/wp-content\/uploads\/2025\/08\/896bd817-0fd5-43cc-a39e-15c8726d52fd.jpg\" alt=\"\u00a9\" data-asset-id=\"896bd817-0fd5-43cc-a39e-15c8726d52fd\"\/><\/p>\n<p>\u00a9<\/p>\n<p>\u00a0<\/p>\n","protected":false},"excerpt":{"rendered":"Ils en ont v\u00e9cu une quinzaine chacun. France-Espagne. Une rivalit\u00e9 qui ne se d\u00e9mode jamais malgr\u00e9 les ann\u00e9es&hellip;\n","protected":false},"author":2,"featured_media":315950,"comment_status":"","ping_status":"","sticky":false,"template":"","format":"standard","meta":{"footnotes":""},"categories":[1414],"tags":[1465,1464,1011,27,60],"class_list":{"0":"post-315949","1":"post","2":"type-post","3":"status-publish","4":"format-standard","5":"has-post-thumbnail","7":"category-basket","8":"tag-basket","9":"tag-basketball","10":"tag-fr","11":"tag-france","12":"tag-sports"},"share_on_mastodon":{"url":"https:\/\/pubeurope.com\/@fr\/115020776656500487","error":""},"_links":{"self":[{"href":"https:\/\/www.europesays.com\/fr\/wp-json\/wp\/v2\/posts\/315949","targetHints":{"allow":["GET"]}}],"collection":[{"href":"https:\/\/www.europesays.com\/fr\/wp-json\/wp\/v2\/posts"}],"about":[{"href":"https:\/\/www.europesays.com\/fr\/wp-json\/wp\/v2\/types\/post"}],"author":[{"embeddable":true,"href":"https:\/\/www.europesays.com\/fr\/wp-json\/wp\/v2\/users\/2"}],"replies":[{"embeddable":true,"href":"https:\/\/www.europesays.com\/fr\/wp-json\/wp\/v2\/comments?post=315949"}],"version-history":[{"count":0,"href":"https:\/\/www.europesays.com\/fr\/wp-json\/wp\/v2\/posts\/315949\/revisions"}],"wp:featuredmedia":[{"embeddable":true,"href":"https:\/\/www.europesays.com\/fr\/wp-json\/wp\/v2\/media\/315950"}],"wp:attachment":[{"href":"https:\/\/www.europesays.com\/fr\/wp-json\/wp\/v2\/media?parent=315949"}],"wp:term":[{"taxonomy":"category","embeddable":true,"href":"https:\/\/www.europesays.com\/fr\/wp-json\/wp\/v2\/categories?post=315949"},{"taxonomy":"post_tag","embeddable":true,"href":"https:\/\/www.europesays.com\/fr\/wp-json\/wp\/v2\/tags?post=315949"}],"curies":[{"name":"wp","href":"https:\/\/api.w.org\/{rel}","templated":true}]}}