{"id":315953,"date":"2025-08-13T09:36:11","date_gmt":"2025-08-13T09:36:11","guid":{"rendered":"https:\/\/www.europesays.com\/fr\/315953\/"},"modified":"2025-08-13T09:36:11","modified_gmt":"2025-08-13T09:36:11","slug":"champion-ditalie-alors-quil-evoluait-a-un-niveau-amateur-filippo-conca-rejoint-lequipe-jayco-alula","status":"publish","type":"post","link":"https:\/\/www.europesays.com\/fr\/315953\/","title":{"rendered":"champion d\u2019Italie alors qu\u2019il \u00e9voluait \u00e0 un niveau amateur, Filippo Conca rejoint l\u2019\u00e9quipe Jayco-AlUla"},"content":{"rendered":"<p>Champion d\u2019Italie de cyclisme, Filippo Conca (26 ans) rejoint la formation Jayco-AlUla avec effet imm\u00e9diat.<\/p>\n<p class=\"fig-paragraph\">Champion d\u2019Italie de cyclisme \u00e0 la surprise g\u00e9n\u00e9rale, Filippo Conca (26 ans) rejoint l\u2019\u00e9quipe\u00a0<a href=\"http:\/\/www.lefigaro.fr\/sports\/cyclisme\/cyclisme-un-jeune-espoir-italien-de-la-formation-jayco-alula-decede-apres-une-chute-en-course-20250717\" data-fig-type=\"NewsFlash\" data-gtm-custom-categorie=\"navigation\" data-gtm-custom-action=\"crossclick\" data-gtm-custom-label=\"Contextuel\" data-gtm-event=\"customEventSPE\" data-fig-domain=\"LEFIGARO\" rel=\"nofollow noopener\" target=\"_blank\">Jayco-AlUla<\/a>. En effet, c\u2019est une information qui a \u00e9t\u00e9 annonc\u00e9e par la formation elle-m\u00eame sur ses r\u00e9seaux sociaux. De son c\u00f4t\u00e9, celui qui \u00e9voluait encore dans une \u00e9quipe amateur il y a quelques mois a pris le temps de revenir sur cette belle opportunit\u00e9 qui s\u2019est offerte \u00e0 lui.<\/p>\n<p class=\"fig-paragraph\">\u00abJ\u2019ai choisi cette \u00e9quipe parce que je suis convaincu que j\u2019y trouverai l\u2019environnement id\u00e9al pour travailler dur, s\u2019est-il justifi\u00e9. Mon r\u00eave est de participer au Giro, et de le faire en portant le maillot national italien. Je pense que c\u2019est une occasion unique dans une vie.\u00a0\u00bb Le grimpeur effectuera ses d\u00e9buts d\u00e8s vendredi \u00e0 l\u2019occasion du Circuit Franco-Belge.<\/p>\n","protected":false},"excerpt":{"rendered":"Champion d\u2019Italie de cyclisme, Filippo Conca (26 ans) rejoint la formation Jayco-AlUla avec effet imm\u00e9diat. Champion d\u2019Italie de&hellip;\n","protected":false},"author":2,"featured_media":315954,"comment_status":"","ping_status":"","sticky":false,"template":"","format":"standard","meta":{"footnotes":""},"categories":[1412],"tags":[1451,1452,1453,1454,1455,1011,27,452,60],"class_list":{"0":"post-315953","1":"post","2":"type-post","3":"status-publish","4":"format-standard","5":"has-post-thumbnail","7":"category-f1","8":"tag-f1","9":"tag-formula-1","10":"tag-formula1","11":"tag-formule-1","12":"tag-formule1","13":"tag-fr","14":"tag-france","15":"tag-italie","16":"tag-sports"},"share_on_mastodon":{"url":"https:\/\/pubeurope.com\/@fr\/115020784209409098","error":""},"_links":{"self":[{"href":"https:\/\/www.europesays.com\/fr\/wp-json\/wp\/v2\/posts\/315953","targetHints":{"allow":["GET"]}}],"collection":[{"href":"https:\/\/www.europesays.com\/fr\/wp-json\/wp\/v2\/posts"}],"about":[{"href":"https:\/\/www.europesays.com\/fr\/wp-json\/wp\/v2\/types\/post"}],"author":[{"embeddable":true,"href":"https:\/\/www.europesays.com\/fr\/wp-json\/wp\/v2\/users\/2"}],"replies":[{"embeddable":true,"href":"https:\/\/www.europesays.com\/fr\/wp-json\/wp\/v2\/comments?post=315953"}],"version-history":[{"count":0,"href":"https:\/\/www.europesays.com\/fr\/wp-json\/wp\/v2\/posts\/315953\/revisions"}],"wp:featuredmedia":[{"embeddable":true,"href":"https:\/\/www.europesays.com\/fr\/wp-json\/wp\/v2\/media\/315954"}],"wp:attachment":[{"href":"https:\/\/www.europesays.com\/fr\/wp-json\/wp\/v2\/media?parent=315953"}],"wp:term":[{"taxonomy":"category","embeddable":true,"href":"https:\/\/www.europesays.com\/fr\/wp-json\/wp\/v2\/categories?post=315953"},{"taxonomy":"post_tag","embeddable":true,"href":"https:\/\/www.europesays.com\/fr\/wp-json\/wp\/v2\/tags?post=315953"}],"curies":[{"name":"wp","href":"https:\/\/api.w.org\/{rel}","templated":true}]}}