{"id":315961,"date":"2025-08-13T09:40:27","date_gmt":"2025-08-13T09:40:27","guid":{"rendered":"https:\/\/www.europesays.com\/fr\/315961\/"},"modified":"2025-08-13T09:40:27","modified_gmt":"2025-08-13T09:40:27","slug":"expo-georges-mathieu-a-la-monnaie-de-paris-reservation-de-billet","status":"publish","type":"post","link":"https:\/\/www.europesays.com\/fr\/315961\/","title":{"rendered":"Expo Georges Mathieu \u00e0 la Monnaie de Paris | R\u00e9servation de Billet"},"content":{"rendered":"<p class=\"section-heading\">L&rsquo;EXPOSITION<\/p>\n<p class=\"highlight\">La Monnaie de Paris s&rsquo;associe au Centre Pompidou pour pr\u00e9senter \u00ab Georges Mathieu. Geste, Vitesse, Mouvement \u00bb, une r\u00e9trospective majeure consacr\u00e9e \u00e0 l&rsquo;un des artistes fran\u00e7ais les plus singuliers du XXe si\u00e8cle. Du 11 avril au 7 septembre 2025, cette exposition exceptionnelle r\u00e9unit une quarantaine de peintures issues principalement des collections du Centre Pompidou, accompagn\u00e9es de m\u00e9dailles et monnaies embl\u00e9matiques cr\u00e9\u00e9es par l&rsquo;artiste pour l&rsquo;institution mon\u00e9taire. Plus de cinquante ans apr\u00e8s sa derni\u00e8re exposition \u00e0 la Monnaie de Paris, cet \u00e9v\u00e9nement offre l&rsquo;occasion unique de red\u00e9couvrir l&rsquo;\u0153uvre visionnaire du p\u00e8re de l&rsquo;abstraction lyrique.<\/p>\n<p>        <img decoding=\"async\" src=\"https:\/\/www.europesays.com\/fr\/wp-content\/uploads\/2025\/08\/5eadb6aa90897ee57d7e662cb8983fa0.jpg\" width=\"1280\" height=\"720\" alt=\"\" loading=\"lazy\" fetchpriority=\"low\"\/><\/p>\n<p class=\"caption\">Exposition Georges Mathieu \u00a9 Les Inrockuptibles<\/p>\n<p class=\"section-heading\">L&rsquo;INVENTEUR DE L&rsquo;ABSTRACTION LYRIQUE EN R\u00c9TROSPECTIVE<\/p>\n<p class=\"main-text\">Georges Mathieu (1921-2012) demeure une figure incontournable de l&rsquo;art moderne, dont l&rsquo;influence d\u00e9passe largement les fronti\u00e8res de la peinture. D\u00e8s 1945, il rejette \u00e0 la fois l&rsquo;art figuratif et l&rsquo;abstraction g\u00e9om\u00e9trique pour d\u00e9velopper un langage pictural radicalement nouveau : l&rsquo;abstraction lyrique. Cette r\u00e9volution artistique se caract\u00e9rise par une gestuelle spontan\u00e9e, une vitesse d&rsquo;ex\u00e9cution fulgurante et une \u00e9motion brute capt\u00e9e dans l&rsquo;instant cr\u00e9atif. L&rsquo;exposition \u00ab Georges Mathieu. Geste, Vitesse, Mouvement \u00bb retrace de mani\u00e8re chronologique et th\u00e9matique l&rsquo;\u00e9volution de ce cr\u00e9ateur prolifique, depuis ses premi\u00e8res exp\u00e9rimentations des ann\u00e9es 1940 jusqu&rsquo;\u00e0 ses cr\u00e9ations des ann\u00e9es 1980.<\/p>\n<p><img decoding=\"async\" class=\"img-fluid\" src=\"https:\/\/www.europesays.com\/fr\/wp-content\/uploads\/2025\/08\/exposition-georges-mathieu-monnaie-de-paris-2025-1.jpg\" alt=\"Georges Mathieu - Les Cap\u00e9tiens partout !\" loading=\"lazy\" fetchpriority=\"low\"\/><\/p>\n<p class=\"caption\">Georges Mathieu, <strong>Les Cap\u00e9tiens partout !<\/strong>, 1954, huile sur toile, 295 \u00d7 600 cm<br \/>\n\u00a9 Centre Pompidou, MNAM-CCI\/ Bertrand Pr\u00e9vost\/Dist. Grand Palais RMN \/ Adagp, Paris, 2025<\/p>\n<p class=\"main-text\">Le parcours d\u00e9voile huit sections th\u00e9matiques qui \u00e9clairent les diff\u00e9rentes facettes de son univers artistique. Les visiteurs d\u00e9couvriront notamment les spectaculaires peintures de grands formats qui ont fait la renomm\u00e9e de Mathieu, telles que \u00ab Les Cap\u00e9tiens partout ! \u00bb (1954), \u00ab La Bataille de Bouvines \u00bb (1954) ou encore \u00ab La Victoire de Denain \u00bb (1963), pr\u00e9sent\u00e9e pour la premi\u00e8re fois depuis son entr\u00e9e r\u00e9cente dans les collections nationales. Ces toiles monumentales, ex\u00e9cut\u00e9es dans une gestuelle explosive et une prise de risque constante, illustrent parfaitement la philosophie de l&rsquo;artiste : chaque \u0153uvre devient un acte d&rsquo;affirmation de soi, une performance o\u00f9 la vitesse d&rsquo;ex\u00e9cution rivalise avec l&rsquo;intensit\u00e9 \u00e9motionnelle.<\/p>\n<p>Restez inform\u00e9 !<\/p>\n<p>Recevez en avant-premi\u00e8re l&rsquo;actualit\u00e9 sur les nouvelles expositions<\/p>\n<p class=\"section-heading\">DIALOGUE ENTRE PEINTURE ET ART MON\u00c9TAIRE<\/p>\n<p class=\"main-text\">L&rsquo;exposition \u00ab Georges Mathieu \u00bb \u00e0 la Monnaie de Paris \u00e9tablit un dialogue fascinant entre deux aspects compl\u00e9mentaires de la cr\u00e9ation de l&rsquo;artiste. D&rsquo;un c\u00f4t\u00e9, ses peintures vibrantes o\u00f9 la couleur se d\u00e9ploie en larges calligraphies abstraites ; de l&rsquo;autre, ses r\u00e9alisations pour l&rsquo;institution mon\u00e9taire, d\u00e9montrant sa capacit\u00e9 \u00e0 transposer son langage artistique sur des supports aussi vari\u00e9s que les m\u00e9dailles et les pi\u00e8ces de monnaie. Cette confrontation in\u00e9dite r\u00e9v\u00e8le l&rsquo;extraordinaire coh\u00e9rence de son approche cr\u00e9ative, quel que soit le medium utilis\u00e9.<\/p>\n<p><img decoding=\"async\" class=\"img-fluid\" src=\"https:\/\/www.europesays.com\/fr\/wp-content\/uploads\/2025\/08\/exposition-georges-mathieu-monnaie-de-paris-2025-2.jpg\" alt=\"Georges Mathieu - La Bataille de Bouvines\" loading=\"lazy\" fetchpriority=\"low\"\/><\/p>\n<p class=\"caption\">Georges Mathieu, <strong>La Bataille de Bouvines<\/strong>, 25 avril 1954, huile sur toile, 250 \u00d7 600 cm<br \/>\n\u00a9 Centre Pompidou, MNAM-CCI\/Service de la documentation photographique du MNAM\/Dist. Grand Palais RMN \/ Adagp, Paris, 2025<\/p>\n<p class=\"main-text\">La collaboration entre Georges Mathieu et la Monnaie de Paris d\u00e9buta en 1967, nourrie par une amiti\u00e9 profonde avec Pierre Dehaye, alors directeur des monnaies et m\u00e9dailles. Cette relation privil\u00e9gi\u00e9e donna naissance \u00e0 des \u0153uvres exceptionnelles, dont la c\u00e9l\u00e8bre s\u00e9rie des \u00ab Dix-huit moments de la conscience occidentale \u00bb et la fameuse pi\u00e8ce de 10 francs cr\u00e9\u00e9e en 1974. Diffus\u00e9e \u00e0 pr\u00e8s de 674 millions d&rsquo;exemplaires entre 1974 et 1987, cette pi\u00e8ce reste aujourd&rsquo;hui un symbole fort des ann\u00e9es 1970 et un t\u00e9moignage \u00e9loquent de la capacit\u00e9 de Mathieu \u00e0 r\u00e9volutionner les codes traditionnels de l&rsquo;art mon\u00e9taire. L&rsquo;exposition met \u00e9galement en lumi\u00e8re les innovations techniques introduites par l&rsquo;artiste, qui osa s&rsquo;affranchir des formats circulaires conventionnels pour cr\u00e9er des formes originales en parfaite harmonie avec son esth\u00e9tique abstraite.<\/p>\n<p class=\"section-heading\">UN ARTISTE AUX MULTIPLES FACETTES<\/p>\n<p class=\"main-text\">Au-del\u00e0 de ses peintures et cr\u00e9ations mon\u00e9taires, l&rsquo;exposition \u00ab Georges Mathieu. Geste, Vitesse, Mouvement \u00bb explore l&rsquo;\u00e9tendue remarquable du talent de cet artiste complet. Le parcours r\u00e9v\u00e8le comment Mathieu a marqu\u00e9 l&rsquo;environnement visuel de ses contemporains \u00e0 travers des supports aussi divers que les affiches pour Air France, le logo de la cha\u00eene Antenne 2, ou encore ses collaborations avec la Manufacture de S\u00e8vres. Cette polyvalence t\u00e9moigne de sa volont\u00e9 constante d&rsquo;investir tous les domaines de la cr\u00e9ation et de renouveler le paysage visuel de son \u00e9poque.<\/p>\n<p><img decoding=\"async\" class=\"img-fluid\" src=\"https:\/\/www.europesays.com\/fr\/wp-content\/uploads\/2025\/08\/exposition-georges-mathieu-monnaie-de-paris-2025-3.jpg\" alt=\"Georges Mathieu - La Victoire de Denain\" loading=\"lazy\" fetchpriority=\"low\"\/><\/p>\n<p class=\"caption\">Georges Mathieu, <strong>La Victoire de Denain<\/strong>, 26 mars 1963, huile sur toile, 275,5 \u00d7 700 \u00d7 5 cm<br \/>\n\u00a9 Centre Pompidou, MNAM-CCI\/Audrey Laurans\/Dist. Grand Palais RMN \/ Adagp, Paris, 2025<\/p>\n<p class=\"main-text\">La sc\u00e9nographie sign\u00e9e Corinne Marchand met en valeur non seulement les \u0153uvres elles-m\u00eames, mais aussi le processus cr\u00e9atif de l&rsquo;artiste. Des archives photographiques et des films documentaires, dont le c\u00e9l\u00e8bre \u00ab Georges Mathieu ou la fureur d&rsquo;\u00eatre \u00bb r\u00e9alis\u00e9 par Fr\u00e9d\u00e9ric Rossif en 1971, permettent aux visiteurs d&rsquo;assister virtuellement aux performances picturales de Mathieu. Ces documents pr\u00e9cieux capturent l&rsquo;\u00e9nergie brute et la th\u00e9\u00e2tralit\u00e9 qui caract\u00e9risaient sa mani\u00e8re de peindre, souvent en public et dans des conditions spectaculaires. L&rsquo;exposition \u00e9tablit \u00e9galement des rapprochements stimulants avec d&rsquo;autres figures majeures de l&rsquo;expressionnisme abstrait, pr\u00e9sentant des \u0153uvres de Wols et Jackson Pollock qui permettent de mesurer \u00e0 la fois les affinit\u00e9s et les sp\u00e9cificit\u00e9s de l&rsquo;approche de Mathieu.<\/p>\n<p class=\"section-heading\">POURQUOI ALLER VOIR L&rsquo;EXPO \u00ab\u00a0GEORGES MATHIEU\u00a0\u00bb ?<\/p>\n<p class=\"main-text\">L&rsquo;exposition \u00ab Georges Mathieu. Geste, Vitesse, Mouvement \u00bb repr\u00e9sente une occasion exceptionnelle de red\u00e9couvrir un artiste majeur dont l&rsquo;importance historique n&rsquo;a cess\u00e9 d&rsquo;\u00eatre r\u00e9\u00e9valu\u00e9e ces derni\u00e8res ann\u00e9es. Cette r\u00e9trospective, fruit d&rsquo;une collaboration in\u00e9dite entre la Monnaie de Paris et le Centre Pompidou dans le cadre du programme \u00ab Constellation \u00bb, offre un panorama complet et in\u00e9dit de l&rsquo;\u0153uvre de Mathieu. Les amateurs d&rsquo;art seront fascin\u00e9s par la confrontation entre les peintures vibrantes de l&rsquo;artiste et ses cr\u00e9ations mon\u00e9taires, d\u00e9montrant l&rsquo;extraordinaire coh\u00e9rence de son langage plastique \u00e0 travers diff\u00e9rents mediums.<\/p>\n<p><img decoding=\"async\" class=\"img-fluid\" src=\"https:\/\/www.europesays.com\/fr\/wp-content\/uploads\/2025\/08\/exposition-georges-mathieu-monnaie-de-paris-2025-4.jpeg\" alt=\"Georges Mathieu - Pi\u00e8ce de 10 francs\" loading=\"lazy\" fetchpriority=\"low\"\/><\/p>\n<p class=\"caption\">Georges Mathieu, <strong>Pi\u00e8ce de 10 francs<\/strong>, 1974, cupro-aluminium-nickel, diam\u00e8tre 26 mm<br \/>\n\u00a9 Monnaie de Paris \/ Adagp, Paris, 2025<\/p>\n<p>L&rsquo;\u0153uvre d&rsquo;art la plus diffus\u00e9e de France<\/p>\n<p class=\"main-text\">Cr\u00e9\u00e9e en 1974, cette pi\u00e8ce r\u00e9volutionnaire a circul\u00e9 \u00e0 plus de 674 millions d&rsquo;exemplaires jusqu&rsquo;en 1987, faisant d&rsquo;elle l&rsquo;\u0153uvre d&rsquo;art la plus largement diffus\u00e9e dans l&rsquo;histoire de France. Son design abstrait et dynamique a marqu\u00e9 toute une g\u00e9n\u00e9ration.<\/p>\n<p class=\"main-text\">La pr\u00e9sentation de \u00ab La Victoire de Denain \u00bb, jamais expos\u00e9e depuis son entr\u00e9e dans les collections nationales, constitue \u00e0 elle seule un argument de poids pour cette exposition. Les \u0153uvres pr\u00e9sent\u00e9es proviennent des plus prestigieuses collections publiques et priv\u00e9es, offrant une qualit\u00e9 et une raret\u00e9 exceptionnelles. La sc\u00e9nographie immersive et la pr\u00e9sence d&rsquo;archives documentaires rares permettent de comprendre non seulement l&rsquo;\u0153uvre, mais aussi la personnalit\u00e9 complexe et fascinante de cet artiste qui fut \u00e0 la fois c\u00e9l\u00e9br\u00e9 et controvers\u00e9. Que vous soyez connaisseur ou simple curieux, cette exposition vous plongera au c\u0153ur d&rsquo;une aventure artistique unique, o\u00f9 le geste devient langage et la vitesse, po\u00e9sie. Ne manquez pas cette rencontre avec l&rsquo;un des cr\u00e9ateurs les plus influents de l&rsquo;art fran\u00e7ais du XXe si\u00e8cle, dont l&rsquo;h\u00e9ritage continue d&rsquo;inspirer les artistes contemporains.<\/p>\n<p><a class=\"partner-link\" href=\"https:\/\/www.tiqets.com\/fr\/activites-attractions-paris-c66746\/billets-pour-musee-de-la-monnaie-de-paris-p978898\/?partner=lezardgroup&amp;tq_campaign=link_monnaie-de-paris\" target=\"_blank\" rel=\"nofollow noopener\"> <img class=\"ticket-partner-logo\" src=\"https:\/\/www.europesays.com\/fr\/wp-content\/uploads\/2025\/04\/logo_tiqets.jpg\" alt=\"Tiqets\" loading=\"eager\" fetchpriority=\"high\" decoding=\"async\"\/> <\/a><\/p>\n<p><img decoding=\"async\" class=\"instagram-icon\" src=\"https:\/\/www.europesays.com\/fr\/wp-content\/uploads\/2025\/08\/Instagram_logo.webp.webp\" alt=\"Instagram\" loading=\"lazy\" fetchpriority=\"low\"\/><br \/>\nPartagez votre visite sur Instagram<\/p>\n<p class=\"instagram-description\">Immortalisez votre exp\u00e9rience et inspirez votre communaut\u00e9 en partageant vos plus belles photos de l&rsquo;exposition.<\/p>\n<p>#GeorgesMathieu #MonnaieDeParis #AbstractionLyrique #ExpoParis<\/p>\n","protected":false},"excerpt":{"rendered":"L&rsquo;EXPOSITION La Monnaie de Paris s&rsquo;associe au Centre Pompidou pour pr\u00e9senter \u00ab Georges Mathieu. Geste, Vitesse, Mouvement \u00bb,&hellip;\n","protected":false},"author":2,"featured_media":315962,"comment_status":"","ping_status":"","sticky":false,"template":"","format":"standard","meta":{"footnotes":""},"categories":[1358],"tags":[1348,1384,1385,1386,58,59,1011,27],"class_list":{"0":"post-315961","1":"post","2":"type-post","3":"status-publish","4":"format-standard","5":"has-post-thumbnail","7":"category-arts-et-design","8":"tag-arts","9":"tag-arts-and-design","10":"tag-arts-et-design","11":"tag-design","12":"tag-divertissement","13":"tag-entertainment","14":"tag-fr","15":"tag-france"},"share_on_mastodon":{"url":"https:\/\/pubeurope.com\/@fr\/115020800106171970","error":""},"_links":{"self":[{"href":"https:\/\/www.europesays.com\/fr\/wp-json\/wp\/v2\/posts\/315961","targetHints":{"allow":["GET"]}}],"collection":[{"href":"https:\/\/www.europesays.com\/fr\/wp-json\/wp\/v2\/posts"}],"about":[{"href":"https:\/\/www.europesays.com\/fr\/wp-json\/wp\/v2\/types\/post"}],"author":[{"embeddable":true,"href":"https:\/\/www.europesays.com\/fr\/wp-json\/wp\/v2\/users\/2"}],"replies":[{"embeddable":true,"href":"https:\/\/www.europesays.com\/fr\/wp-json\/wp\/v2\/comments?post=315961"}],"version-history":[{"count":0,"href":"https:\/\/www.europesays.com\/fr\/wp-json\/wp\/v2\/posts\/315961\/revisions"}],"wp:featuredmedia":[{"embeddable":true,"href":"https:\/\/www.europesays.com\/fr\/wp-json\/wp\/v2\/media\/315962"}],"wp:attachment":[{"href":"https:\/\/www.europesays.com\/fr\/wp-json\/wp\/v2\/media?parent=315961"}],"wp:term":[{"taxonomy":"category","embeddable":true,"href":"https:\/\/www.europesays.com\/fr\/wp-json\/wp\/v2\/categories?post=315961"},{"taxonomy":"post_tag","embeddable":true,"href":"https:\/\/www.europesays.com\/fr\/wp-json\/wp\/v2\/tags?post=315961"}],"curies":[{"name":"wp","href":"https:\/\/api.w.org\/{rel}","templated":true}]}}