{"id":315963,"date":"2025-08-13T09:41:11","date_gmt":"2025-08-13T09:41:11","guid":{"rendered":"https:\/\/www.europesays.com\/fr\/315963\/"},"modified":"2025-08-13T09:41:11","modified_gmt":"2025-08-13T09:41:11","slug":"la-fnac-celebre-la-rentree-litteraire-au-musee-la-piscine-de-roubaix","status":"publish","type":"post","link":"https:\/\/www.europesays.com\/fr\/315963\/","title":{"rendered":"La Fnac c\u00e9l\u00e8bre la Rentr\u00e9e Litt\u00e9raire au Mus\u00e9e La Piscine de Roubaix"},"content":{"rendered":"<p>\u00c0 l\u2019occasion de la rentr\u00e9e litt\u00e9raire, la Fnac organise une soir\u00e9e exceptionnelle au sein du prestigieux Mus\u00e9e La Piscine de Roubaix, qui r\u00e9unira des \u00e9crivains qui feront l\u2019actualit\u00e9 de cette saison litt\u00e9raire.<br \/>Cet \u00e9v\u00e9nement gratuit, anim\u00e9 par Hubert Artus, sera ponctu\u00e9 par deux plateaux durant lesquels les auteurs seront invit\u00e9s \u00e0 \u00e9changer autour d\u2019une th\u00e9matique.<br \/>La soir\u00e9e se poursuivra avec un showcase de l\u2019artiste Sopico.<\/p>\n<p><strong style=\"\">Premier plateau<\/strong>\u00a0: <strong style=\"\">Guerres d\u2019hier ou d\u2019aujourd\u2019hui\u00a0: le poids des mots<\/strong><\/p>\n<p>avec Rachid Benzine et Michel Bussi<\/p>\n<p>Dans L\u2019homme qui lisait des livres (Julliard), Rachid Benzine offre une fable humaniste sur la trag\u00e9die actuelle \u00e0 Gaza.<\/p>\n<p>Quant \u00e0 Michel Bussi, dans son nouveau roman, Les Ombres du monde (Presses de la cit\u00e9), il quitte les rivages du polar \u00e0 suspens pour planter sa plume dans la guerre civile et le g\u00e9nocide au Rwanda, il y a trente ans.<\/p>\n<p>Ils mettront les mots sur nos maux.<\/p>\n<p><strong>Deuxi\u00e8me plateau<\/strong>\u00a0:<strong> Liens secrets, liens essentiels<\/strong><\/p>\n<p>avec Marie Semelin et S\u00e9verine Cressan<\/p>\n<p>Plateau d\u00e9couverte, avec deux premiers romans.<\/p>\n<p>Dans\u00a0Les Certitudes\u00a0(JC Latt\u00e8s), la journaliste Marie Semelin explore \u00e0 la fois une belle amiti\u00e9 entre deux femmes de g\u00e9n\u00e9rations diff\u00e9rentes, et les trajectoires crois\u00e9es de personnages situ\u00e9s entre J\u00e9rusalem et Ramallah<\/p>\n<p>S\u00e9verine Cressan explore dans\u00a0Nourrices\u00a0(Dalva), une autre maternit\u00e9, \u00e0 travers les figures des nourrices et des m\u00e8res nourrici\u00e8res.<\/p>\n<p><strong style=\"\">Concert live de Sopico<\/strong><\/p>\n<p>Sopico est un artiste qui se distingue par son\u00a0style hybride, m\u00ealant\u00a0rap, guitare acoustique, \u00e9lectro rock et po\u00e9sie. Il ne se contente pas des codes classiques du rap : il les transcende avec des performances souvent intimistes, o\u00f9 la guitare tient une place centrale. Port\u00e9e par une plume introspective et libre, son \u00e9criture est\u00a0m\u00e9taphorique, sensible et ouverte \u00e0 l\u2019interpr\u00e9tation, ce qui lui permet de se d\u00e9marquer des narrations plus classiques du rap. Il aborde des th\u00e8mes profonds avec une sinc\u00e9rit\u00e9 brute, ce qui peut cr\u00e9er une\u00a0connexion \u00e9motionnelle forte\u00a0avec le public.<\/p>\n<p>4 ans apr\u00e8s\u00a0Nuages, Volez Moi, son deuxi\u00e8me album marque en 16 titres un retour \u00e0 des productions plus \u00e9lectro tout en pr\u00e9servant sa plume sensible et captivante.<\/p>\n<p>        <img decoding=\"async\" src=\"https:\/\/www.europesays.com\/fr\/wp-content\/uploads\/2025\/04\/logo-rse.png\" alt=\"Logo RSE\" loading=\"lazy\" width=\"84\" height=\"116\"\/><\/p>\n<p>\n        La Fnac s\u2019engage activement dans les initiatives de responsabilit\u00e9 soci\u00e9tale des entreprises (RSE).\n    <\/p>\n<p>\n        Aidez-nous en choisissant la mobilit\u00e9 douce en privil\u00e9giant par exemple le v\u00e9lo (pistes cyclables et stationnements \u00e0 disposition), les transports en commun ou le covoiturage pour nous rejoindre. Ainsi, vous contribuez \u00e0 r\u00e9duire les \u00e9missions de gaz \u00e0 effet de serre et \u00e0 am\u00e9liorer notre qualit\u00e9 de l\u2019air. Pour plus d\u2019information, consultez la fiche du magasin.<br \/>Tous nos \u00e9v\u00e8nements sont en acc\u00e8s gratuit, dans la limite des places disponibles.\n    <\/p>\n","protected":false},"excerpt":{"rendered":"\u00c0 l\u2019occasion de la rentr\u00e9e litt\u00e9raire, la Fnac organise une soir\u00e9e exceptionnelle au sein du prestigieux Mus\u00e9e La&hellip;\n","protected":false},"author":2,"featured_media":315964,"comment_status":"","ping_status":"","sticky":false,"template":"","format":"standard","meta":{"footnotes":""},"categories":[1357],"tags":[1379,58,59,2087,45487,1011,27,1351,2003,1380,873,3616,5486,37338,2004,2891],"class_list":{"0":"post-315963","1":"post","2":"type-post","3":"status-publish","4":"format-standard","5":"has-post-thumbnail","7":"category-livres","8":"tag-books","9":"tag-divertissement","10":"tag-entertainment","11":"tag-evenement","12":"tag-evenement-gratuit","13":"tag-fr","14":"tag-france","15":"tag-litterature","16":"tag-livre","17":"tag-livres","18":"tag-musique","19":"tag-rap","20":"tag-rencontre","21":"tag-rentree-litteraire","22":"tag-roman","23":"tag-showcase"},"share_on_mastodon":{"url":"https:\/\/pubeurope.com\/@fr\/115020804151314045","error":""},"_links":{"self":[{"href":"https:\/\/www.europesays.com\/fr\/wp-json\/wp\/v2\/posts\/315963","targetHints":{"allow":["GET"]}}],"collection":[{"href":"https:\/\/www.europesays.com\/fr\/wp-json\/wp\/v2\/posts"}],"about":[{"href":"https:\/\/www.europesays.com\/fr\/wp-json\/wp\/v2\/types\/post"}],"author":[{"embeddable":true,"href":"https:\/\/www.europesays.com\/fr\/wp-json\/wp\/v2\/users\/2"}],"replies":[{"embeddable":true,"href":"https:\/\/www.europesays.com\/fr\/wp-json\/wp\/v2\/comments?post=315963"}],"version-history":[{"count":0,"href":"https:\/\/www.europesays.com\/fr\/wp-json\/wp\/v2\/posts\/315963\/revisions"}],"wp:featuredmedia":[{"embeddable":true,"href":"https:\/\/www.europesays.com\/fr\/wp-json\/wp\/v2\/media\/315964"}],"wp:attachment":[{"href":"https:\/\/www.europesays.com\/fr\/wp-json\/wp\/v2\/media?parent=315963"}],"wp:term":[{"taxonomy":"category","embeddable":true,"href":"https:\/\/www.europesays.com\/fr\/wp-json\/wp\/v2\/categories?post=315963"},{"taxonomy":"post_tag","embeddable":true,"href":"https:\/\/www.europesays.com\/fr\/wp-json\/wp\/v2\/tags?post=315963"}],"curies":[{"name":"wp","href":"https:\/\/api.w.org\/{rel}","templated":true}]}}