{"id":315981,"date":"2025-08-13T09:50:11","date_gmt":"2025-08-13T09:50:11","guid":{"rendered":"https:\/\/www.europesays.com\/fr\/315981\/"},"modified":"2025-08-13T09:50:11","modified_gmt":"2025-08-13T09:50:11","slug":"pourquoi-la-vente-de-la-plus-grosse-meteorite-martienne-fait-scandale-jusquau-niger","status":"publish","type":"post","link":"https:\/\/www.europesays.com\/fr\/315981\/","title":{"rendered":"Pourquoi la vente de la plus grosse m\u00e9t\u00e9orite martienne fait scandale jusqu\u2019au Niger"},"content":{"rendered":"<p>A qui appartient une pierre tomb\u00e9e du ciel\u00a0? La question secoue le <a href=\"https:\/\/www.20minutes.fr\/dossier\/niger\" class=\"color-ultramarine c-link\" target=\"_blank\" rel=\"noopener\">Niger<\/a> apr\u00e8s la vente record, \u00e0 <a href=\"https:\/\/www.20minutes.fr\/dossier\/new_york\" class=\"color-ultramarine c-link\" target=\"_blank\" rel=\"noopener\">New York<\/a>, de la plus grande <a href=\"https:\/\/www.20minutes.fr\/dossier\/meteorite\" class=\"color-ultramarine c-link\" target=\"_blank\" rel=\"noopener\">m\u00e9t\u00e9orite<\/a> martienne jamais retrouv\u00e9e. Pesant environ 25 kg, ce bloc venu tout droit de la plan\u00e8te rouge a \u00e9t\u00e9 adjug\u00e9 le 16\u00a0juillet par la maison d\u2019ench\u00e8res <a href=\"https:\/\/www.20minutes.fr\/dossier\/sotheby_s\" class=\"color-ultramarine c-link\" target=\"_blank\" rel=\"noopener\">Sotheby\u2019s<\/a> \u00e0 un acheteur priv\u00e9 anonyme, pour plus de 5\u00a0millions de dollars.<\/p>\n<p>Trouv\u00e9e en\u00a02023 dans la r\u00e9gion d\u2019Agadez, au nord du Niger, cette m\u00e9t\u00e9orite est d\u00e9sormais revendiqu\u00e9e par le pays, qui a annonc\u00e9 l\u2019ouverture d\u2019une enqu\u00eate pour \u00ab\u00a0faire la lumi\u00e8re sur cette affaire\u00a0\u00bb. Niamey, la capitale, estime qu\u2019elle pr\u00e9sente \u00ab\u00a0vraisemblablement toutes les caract\u00e9ristiques d\u2019un trafic international illicite\u00a0\u00bb et a suspendu, vendredi, les exportations de pierres pr\u00e9cieuses et m\u00e9t\u00e9orites \u00ab\u00a0jusqu\u2019\u00e0 nouvel ordre\u00a0\u00bb.<\/p>\n<p>Des accusations rejet\u00e9es par Sotheby\u2019s, qui affirme que la roche a \u00e9t\u00e9 \u00ab\u00a0export\u00e9e du Niger et transport\u00e9e conform\u00e9ment \u00e0 toutes les proc\u00e9dures internationales en vigueur\u00a0\u00bb. La maison de ventes indique toutefois qu\u2019\u00ab\u00a0un r\u00e9examen du dossier est en cours\u00a0\u00bb face \u00e0 la controverse.<\/p>\n<p>Globe-trotteuse<\/p>\n<p>Selon sa description officielle, la m\u00e9t\u00e9orite aux reflets ocre a \u00e9t\u00e9 d\u00e9couverte \u00ab\u00a0le 16\u00a0novembre 2023 par un chasseur de m\u00e9t\u00e9orites dans la r\u00e9gion recul\u00e9e d\u2019Agadez au Niger\u00a0\u00bb. Revendue \u00e0 un marchand international, elle a \u00e9t\u00e9 bri\u00e8vement expos\u00e9e en Italie avant de traverser l\u2019Atlantique pour rejoindre un catalogue am\u00e9ricain.<\/p>\n<p>Pour le pal\u00e9ontologue am\u00e9ricain Paul Sereno, qui collabore depuis des ann\u00e9es avec les autorit\u00e9s nig\u00e9riennes, tout laisse \u00e0 croire que la pierre a quitt\u00e9 le pays \u00ab\u00a0dans l\u2019ill\u00e9galit\u00e9\u00a0\u00bb. \u00ab\u00a0Tout le monde est anonyme\u00a0\u00bb dans cette affaire, d\u00e9plore-t-il. Et d\u2019ajouter\u00a0: \u00ab\u00a0S\u2019ils avaient attrap\u00e9 la m\u00e9t\u00e9orite alors qu\u2019elle fon\u00e7ait vers la Terre et avant qu\u2019elle n\u2019atterrisse dans un pays, alors ils auraient pu la revendiquer. Mais l\u00e0, je suis d\u00e9sol\u00e9, elle appartient au Niger, m\u00eame si son origine est Mars.\u00a0\u00bb<\/p>\n<p>Un vide juridique\u2026 selon les pays<\/p>\n<p>En l\u2019absence de statut juridique universel, la propri\u00e9t\u00e9 des m\u00e9t\u00e9orites d\u00e9pend \u00e0 la fois du droit international et des lois locales. Aux \u00c9tats-Unis, elles appartiennent au propri\u00e9taire du terrain o\u00f9 elles sont tomb\u00e9es, si celui-ci est priv\u00e9. Au Niger, elles sont consid\u00e9r\u00e9es comme des biens culturels prot\u00e9g\u00e9s, au m\u00eame titre que les \u00ab\u00a0sp\u00e9cimens rares\u00a0\u00bb de min\u00e9ralogie.<\/p>\n<p>\u00ab\u00a0Il ne fait aucun doute \u00e0 notre avis que les m\u00e9t\u00e9orites doivent \u00eatre incluses dans les sp\u00e9cimens rares de min\u00e9ralogie\u00a0\u00bb prot\u00e9g\u00e9s, estiment Matthieu Gounelle, professeur au Mus\u00e9um national d\u2019Histoire naturelle, et son p\u00e8re Max Gounelle, professeur des universit\u00e9s, tous deux sp\u00e9cialistes de la r\u00e9glementation sur la collecte et la vente des m\u00e9t\u00e9orites.<\/p>\n<\/p>\n<p>Un tr\u00e9sor scientifique<\/p>\n<p>Au-del\u00e0 de la bataille juridique, cette roche baptis\u00e9e NWA 16788 repr\u00e9sente une valeur scientifique exceptionnelle. Bien plus grande que les autres m\u00e9t\u00e9orites martiennes connues, elle pourrait livrer des informations in\u00e9dites sur l\u2019histoire g\u00e9ologique de Mars.<\/p>\n<p>\u00ab\u00a0\u00c0 mon avis, ce n\u2019est pas quelque chose qui devrait \u00eatre vendu aux ench\u00e8res et risquer de dispara\u00eetre sous le manteau de quelqu\u2019un\u00a0\u00bb, plaide Paul Sereno. Le scientifique appelle \u00e0 sa restitution au Niger, \u00ab\u00a0o\u00f9 elle pourrait \u00eatre \u00e9tudi\u00e9e et expos\u00e9e au public\u00a0\u00bb.<\/p>\n","protected":false},"excerpt":{"rendered":"A qui appartient une pierre tomb\u00e9e du ciel\u00a0? La question secoue le Niger apr\u00e8s la vente record, \u00e0&hellip;\n","protected":false},"author":2,"featured_media":315982,"comment_status":"","ping_status":"","sticky":false,"template":"","format":"standard","meta":{"footnotes":""},"categories":[5],"tags":[47,11,73,1011,27,14,918,45149,74,12,45490,19995,13954,28],"class_list":{"0":"post-315981","1":"post","2":"type-post","3":"status-publish","4":"format-standard","5":"has-post-thumbnail","7":"category-international","8":"tag-actualite","9":"tag-actualites","10":"tag-etats-unis","11":"tag-fr","12":"tag-france","13":"tag-international","14":"tag-mars","15":"tag-meteorite","16":"tag-monde","17":"tag-news","18":"tag-niamey","19":"tag-niger","20":"tag-sothebys","21":"tag-world"},"share_on_mastodon":{"url":"https:\/\/pubeurope.com\/@fr\/115020839308863479","error":""},"_links":{"self":[{"href":"https:\/\/www.europesays.com\/fr\/wp-json\/wp\/v2\/posts\/315981","targetHints":{"allow":["GET"]}}],"collection":[{"href":"https:\/\/www.europesays.com\/fr\/wp-json\/wp\/v2\/posts"}],"about":[{"href":"https:\/\/www.europesays.com\/fr\/wp-json\/wp\/v2\/types\/post"}],"author":[{"embeddable":true,"href":"https:\/\/www.europesays.com\/fr\/wp-json\/wp\/v2\/users\/2"}],"replies":[{"embeddable":true,"href":"https:\/\/www.europesays.com\/fr\/wp-json\/wp\/v2\/comments?post=315981"}],"version-history":[{"count":0,"href":"https:\/\/www.europesays.com\/fr\/wp-json\/wp\/v2\/posts\/315981\/revisions"}],"wp:featuredmedia":[{"embeddable":true,"href":"https:\/\/www.europesays.com\/fr\/wp-json\/wp\/v2\/media\/315982"}],"wp:attachment":[{"href":"https:\/\/www.europesays.com\/fr\/wp-json\/wp\/v2\/media?parent=315981"}],"wp:term":[{"taxonomy":"category","embeddable":true,"href":"https:\/\/www.europesays.com\/fr\/wp-json\/wp\/v2\/categories?post=315981"},{"taxonomy":"post_tag","embeddable":true,"href":"https:\/\/www.europesays.com\/fr\/wp-json\/wp\/v2\/tags?post=315981"}],"curies":[{"name":"wp","href":"https:\/\/api.w.org\/{rel}","templated":true}]}}