{"id":315991,"date":"2025-08-13T09:57:11","date_gmt":"2025-08-13T09:57:11","guid":{"rendered":"https:\/\/www.europesays.com\/fr\/315991\/"},"modified":"2025-08-13T09:57:11","modified_gmt":"2025-08-13T09:57:11","slug":"toulon-surveillance-renforcee-a-lanse-mejean-contre-les-incivilites","status":"publish","type":"post","link":"https:\/\/www.europesays.com\/fr\/315991\/","title":{"rendered":"Toulon : Surveillance renforc\u00e9e \u00e0 l\u2019Anse M\u00e9jean contre les incivilit\u00e9s"},"content":{"rendered":"<p>Le GSP veille \u00e0 pr\u00e9server l\u2019Anse M\u00e9jean \u00e0 Toulon face au stationnement g\u00eanant et au tapage nocturne.<\/p>\n<p><img fetchpriority=\"high\" decoding=\"async\" width=\"893\" height=\"1200\" alt=\"Toulon Anse M\u00e9jean\" title=\"anse \u00f9ejean\" src=\"https:\/\/www.europesays.com\/fr\/wp-content\/uploads\/2025\/08\/anse-uejean.jpeg\" class=\"img-responsive wp-image-73819\"\/><\/p>\n<p>Toulon Anse M\u00e9jean \u2013 CREDIT : Police Nationale 83<\/p>\n<p data-start=\"78\" data-end=\"325\">La Police nationale du Var (@PoliceNat83) annonce que les agents du Groupe de S\u00e9curit\u00e9 de Proximit\u00e9 (GSP) sont d\u00e9ploy\u00e9s \u00e0 l\u2019Anse M\u00e9jean, \u00e0 Toulon. Leur mission : pr\u00e9server ce site naturel pris\u00e9 en luttant contre les incivilit\u00e9s \u2026<\/p>\n<p>Lire la suite dans l\u2019article <a href=\"https:\/\/www.varactu.fr\/toulon-surveillance-renforcee-a-lanse-mejean-contre-les-incivilites\/\" rel=\"nofollow noopener\" target=\"_blank\">Toulon : Surveillance renforc\u00e9e \u00e0 l\u2019Anse M\u00e9jean contre les incivilit\u00e9s<\/a> qui est apparu en premier sur <a href=\"https:\/\/www.varactu.fr\" rel=\"nofollow noopener\" target=\"_blank\">Var Actu<\/a>.<\/p>\n","protected":false},"excerpt":{"rendered":"Le GSP veille \u00e0 pr\u00e9server l\u2019Anse M\u00e9jean \u00e0 Toulon face au stationnement g\u00eanant et au tapage nocturne. Toulon&hellip;\n","protected":false},"author":2,"featured_media":315992,"comment_status":"","ping_status":"","sticky":false,"template":"","format":"standard","meta":{"footnotes":""},"categories":[9619],"tags":[1111,11,1777,674,1011,27,12,882,25,2310],"class_list":{"0":"post-315991","1":"post","2":"type-post","3":"status-publish","4":"format-standard","5":"has-post-thumbnail","7":"category-toulon","8":"tag-actu","9":"tag-actualites","10":"tag-eu","11":"tag-europe","12":"tag-fr","13":"tag-france","14":"tag-news","15":"tag-provence-alpes-cote-dazur","16":"tag-republique-francaise","17":"tag-toulon"},"share_on_mastodon":{"url":"https:\/\/pubeurope.com\/@fr\/115020866837545603","error":""},"_links":{"self":[{"href":"https:\/\/www.europesays.com\/fr\/wp-json\/wp\/v2\/posts\/315991","targetHints":{"allow":["GET"]}}],"collection":[{"href":"https:\/\/www.europesays.com\/fr\/wp-json\/wp\/v2\/posts"}],"about":[{"href":"https:\/\/www.europesays.com\/fr\/wp-json\/wp\/v2\/types\/post"}],"author":[{"embeddable":true,"href":"https:\/\/www.europesays.com\/fr\/wp-json\/wp\/v2\/users\/2"}],"replies":[{"embeddable":true,"href":"https:\/\/www.europesays.com\/fr\/wp-json\/wp\/v2\/comments?post=315991"}],"version-history":[{"count":0,"href":"https:\/\/www.europesays.com\/fr\/wp-json\/wp\/v2\/posts\/315991\/revisions"}],"wp:featuredmedia":[{"embeddable":true,"href":"https:\/\/www.europesays.com\/fr\/wp-json\/wp\/v2\/media\/315992"}],"wp:attachment":[{"href":"https:\/\/www.europesays.com\/fr\/wp-json\/wp\/v2\/media?parent=315991"}],"wp:term":[{"taxonomy":"category","embeddable":true,"href":"https:\/\/www.europesays.com\/fr\/wp-json\/wp\/v2\/categories?post=315991"},{"taxonomy":"post_tag","embeddable":true,"href":"https:\/\/www.europesays.com\/fr\/wp-json\/wp\/v2\/tags?post=315991"}],"curies":[{"name":"wp","href":"https:\/\/api.w.org\/{rel}","templated":true}]}}