{"id":315995,"date":"2025-08-13T09:59:15","date_gmt":"2025-08-13T09:59:15","guid":{"rendered":"https:\/\/www.europesays.com\/fr\/315995\/"},"modified":"2025-08-13T09:59:15","modified_gmt":"2025-08-13T09:59:15","slug":"vol-sur-le-parking-du-chu-meme-la-directrice-na-pas-ete-epargnee","status":"publish","type":"post","link":"https:\/\/www.europesays.com\/fr\/315995\/","title":{"rendered":"vol sur le parking du CHU, m\u00eame la directrice n\u2019a pas \u00e9t\u00e9 \u00e9pargn\u00e9e"},"content":{"rendered":"<p>            Par<br \/>\n        <strong><br \/>\n            <a href=\"https:\/\/actu.fr\/auteur\/lea-pippinato\" title=\"Consulter tous les articles de L\u00e9a Pippinato\" target=\"_blank\" rel=\"noopener\">L\u00e9a Pippinato<\/a><br \/>\n        <\/strong><\/p>\n<p>        Publi\u00e9 le<\/p>\n<p>            13 ao\u00fbt 2025 \u00e0 10h56        <\/p>\n<p><strong>Ce mardi 12 ao\u00fbt 2025<\/strong>, vers 18h, les policiers nationaux interviennent sur le parking du personnel de l\u2019h\u00f4pital Lapeyronie, route de Ganges, \u00e0 Montpellier. Les vigiles de l\u2019\u00e9tablissement viennent de ma\u00eetriser trois adolescents soup\u00e7onn\u00e9s d\u2019avoir d\u00e9rob\u00e9 des cam\u00e9ras de recul sur plusieurs v\u00e9hicules stationn\u00e9s.<\/p>\n<p>    <a href=\"https:\/\/www.google.com\/maps\/embed?pb=!1m18!1m12!1m3!1d2887.7951558418795!2d3.848148076218629!3d43.63162227110314!2m3!1f0!2f0!3f0!3m2!1i1024!2i768!4f13.1!3m3!1m2!1s0x12b6aec25905deb9%3A0x1bef2b91c01dbc4!2sH%C3%B4pital%20Lapeyronie!5e0!3m2!1sfr!2sfr!4v1755068645306!5m2!1sfr!2sfr\" title=\"Ouvrie le lien\" target=\"_blank\" rel=\"noopener\">Cliquez ici pour visualiser le contenu<\/a><\/p>\n<p class=\" wall-content\">\u00c0 leur arriv\u00e9e, les forces de l\u2019ordre d\u00e9couvrent que les agents de s\u00e9curit\u00e9 ont immobilis\u00e9 les suspects. Les policiers proc\u00e8dent \u00e0 une fouille. L\u2019un des jeunes, mineur \u00e2g\u00e9 de 15 ans et d\u2019origine marocaine, tente de se d\u00e9barrasser d\u2019une cam\u00e9ra. Il poss\u00e8de \u00e9galement un tournevis et garde une autre cam\u00e9ra sur lui. Un deuxi\u00e8me adolescent, \u00e2g\u00e9 de 16 ans et de nationalit\u00e9 alg\u00e9rienne, a sur lui trois cam\u00e9ras suppl\u00e9mentaires. Il se trouve en compagnie d\u2019un troisi\u00e8me adolescent de 17 ans.<\/p>\n<p>Des cibles vari\u00e9es<\/p>\n<p class=\" wall-content\">Parmi les v\u00e9hicules touch\u00e9s figure celui de la directrice g\u00e9n\u00e9rale du CHU, Anne Ferrer. <br \/>Les trois adolescents sont interpell\u00e9s sur place. Les deux plus \u00e2g\u00e9s sont plac\u00e9s en garde \u00e0 vue. Le mineur de 15 ans est \u00e9galement entendu.<\/p>\n<p class=\" wall-content\">Suivez toute l\u2019actualit\u00e9 de vos villes et m\u00e9dias favoris en vous inscrivant \u00e0 <a href=\"https:\/\/moncompte.actu.fr\" title=\"D\u00e9couvez Mon Actu\" rel=\"nofollow noopener\" data-trk=\"{&quot;cta&quot;:{&quot;action&quot;:&quot;https:\\\/\\\/moncompte.actu.fr&quot;,&quot;category&quot;:&quot;mon compte&quot;,&quot;from&quot;:&quot;article footer&quot;,&quot;name&quot;:&quot;Mon actu&quot;,&quot;type&quot;:&quot;cta&quot;}}\" target=\"_blank\">Mon Actu<\/a>.<\/p>\n<ul class=\"ac-article-tag wall-content\">\n<li><a href=\"https:\/\/actu.fr\/tag\/chu-de-montpellier\" data-trk=\"{&quot;cta&quot;:{&quot;action&quot;:&quot;CHU de Montpellier&quot;,&quot;category&quot;:&quot;tag&quot;,&quot;from&quot;:&quot;article footer&quot;,&quot;name&quot;:&quot;CHU de Montpellier&quot;,&quot;type&quot;:&quot;cta&quot;}}\" target=\"_blank\" rel=\"noopener\">#CHU de Montpellier<\/a><\/li>\n<li><a href=\"https:\/\/actu.fr\/tag\/police\" data-trk=\"{&quot;cta&quot;:{&quot;action&quot;:&quot;Police&quot;,&quot;category&quot;:&quot;tag&quot;,&quot;from&quot;:&quot;article footer&quot;,&quot;name&quot;:&quot;Police&quot;,&quot;type&quot;:&quot;cta&quot;}}\" target=\"_blank\" rel=\"noopener\">#Police<\/a><\/li>\n<\/ul>\n","protected":false},"excerpt":{"rendered":"Par L\u00e9a Pippinato Publi\u00e9 le 13 ao\u00fbt 2025 \u00e0 10h56 Ce mardi 12 ao\u00fbt 2025, vers 18h, les&hellip;\n","protected":false},"author":2,"featured_media":315996,"comment_status":"","ping_status":"","sticky":false,"template":"","format":"standard","meta":{"footnotes":""},"categories":[9599],"tags":[1111,11,15154,1777,674,118,1011,27,2208,12,2680,1072,25],"class_list":{"0":"post-315995","1":"post","2":"type-post","3":"status-publish","4":"format-standard","5":"has-post-thumbnail","7":"category-montpellier","8":"tag-actu","9":"tag-actualites","10":"tag-chu-de-montpellier","11":"tag-eu","12":"tag-europe","13":"tag-faits-divers","14":"tag-fr","15":"tag-france","16":"tag-montpellier","17":"tag-news","18":"tag-occitanie","19":"tag-police","20":"tag-republique-francaise"},"share_on_mastodon":{"url":"https:\/\/pubeurope.com\/@fr\/115020874654763323","error":""},"_links":{"self":[{"href":"https:\/\/www.europesays.com\/fr\/wp-json\/wp\/v2\/posts\/315995","targetHints":{"allow":["GET"]}}],"collection":[{"href":"https:\/\/www.europesays.com\/fr\/wp-json\/wp\/v2\/posts"}],"about":[{"href":"https:\/\/www.europesays.com\/fr\/wp-json\/wp\/v2\/types\/post"}],"author":[{"embeddable":true,"href":"https:\/\/www.europesays.com\/fr\/wp-json\/wp\/v2\/users\/2"}],"replies":[{"embeddable":true,"href":"https:\/\/www.europesays.com\/fr\/wp-json\/wp\/v2\/comments?post=315995"}],"version-history":[{"count":0,"href":"https:\/\/www.europesays.com\/fr\/wp-json\/wp\/v2\/posts\/315995\/revisions"}],"wp:featuredmedia":[{"embeddable":true,"href":"https:\/\/www.europesays.com\/fr\/wp-json\/wp\/v2\/media\/315996"}],"wp:attachment":[{"href":"https:\/\/www.europesays.com\/fr\/wp-json\/wp\/v2\/media?parent=315995"}],"wp:term":[{"taxonomy":"category","embeddable":true,"href":"https:\/\/www.europesays.com\/fr\/wp-json\/wp\/v2\/categories?post=315995"},{"taxonomy":"post_tag","embeddable":true,"href":"https:\/\/www.europesays.com\/fr\/wp-json\/wp\/v2\/tags?post=315995"}],"curies":[{"name":"wp","href":"https:\/\/api.w.org\/{rel}","templated":true}]}}