{"id":315999,"date":"2025-08-13T10:02:11","date_gmt":"2025-08-13T10:02:11","guid":{"rendered":"https:\/\/www.europesays.com\/fr\/315999\/"},"modified":"2025-08-13T10:02:11","modified_gmt":"2025-08-13T10:02:11","slug":"circulation-retablie-partiellement-entre-rouen-et-isneauville-apres-un-accident","status":"publish","type":"post","link":"https:\/\/www.europesays.com\/fr\/315999\/","title":{"rendered":"circulation r\u00e9tablie partiellement entre Rouen et Isneauville apr\u00e8s un accident"},"content":{"rendered":"<p>\t\t\t\t\t La RN 28 est de nouveau ouverte \u00e0 la circulation depuis 3 h ce mercredi matin, dans le sens Rouen vers Isneauville, entre l\u2019\u00e9changeur des Rouges Terre et celui de La Ronce. Une seule voie reste praticable. <br \/>  \u00a0 <br \/>  La voie de droite ainsi que l\u2019entr\u00e9e des Rouges Terre demeurent toutefois ferm\u00e9es pour une dur\u00e9e ind\u00e9termin\u00e9e, qui pourrait s\u2019\u00e9tendre sur plusieurs jours, pr\u00e9cise ce mercredi matin la Direction interd\u00e9partementale des routes Nord-Ouest (DIRNO). <\/p>\n<p>La N28 avait \u00e9t\u00e9 ferm\u00e9e \u00e0la circulation hier, mardi, en fin d&rsquo;apr\u00e8s-midi suite \u00e0 un <a class=\"liens\" href=\"https:\/\/www.infonormandie.com\/Accident-impliquant-un-poids-lourd-sur-la-N28-circulation-coupee-a-Bois-Guillaume-pres-de-Rouen_a41098.html\" rel=\"nofollow noopener\" target=\"_blank\">accident mettent en cause un poids lourd seul,<\/a> qui a arrach\u00e9 la glissi\u00e8re de s\u00e9curit\u00e9 \u00e0 hauteur de Bois-Guillaume, dans le sens Rouen &#8211; Abbeville. Le conducteur, un homme de 60 ans, a \u00e9t\u00e9 transport\u00e9 en urgence absolue au CHU de Rouen. <\/p>\n<p>\u00a0\u26a0\ufe0f Les automobilistes sont appel\u00e9s \u00e0 la plus grande prudence dans ce secteur, afin de garantir leur s\u00e9curit\u00e9 et celle des agents intervenant sur place.\n\t\t\t\t <\/p>\n","protected":false},"excerpt":{"rendered":"La RN 28 est de nouveau ouverte \u00e0 la circulation depuis 3 h ce mercredi matin, dans le&hellip;\n","protected":false},"author":2,"featured_media":316000,"comment_status":"","ping_status":"","sticky":false,"template":"","format":"standard","meta":{"footnotes":""},"categories":[9587],"tags":[1111,11,1777,674,1011,27,1934,12,5161,25,9590,5163],"class_list":{"0":"post-315999","1":"post","2":"type-post","3":"status-publish","4":"format-standard","5":"has-post-thumbnail","7":"category-rouen","8":"tag-actu","9":"tag-actualites","10":"tag-eu","11":"tag-europe","12":"tag-fr","13":"tag-france","14":"tag-infos-locales","15":"tag-news","16":"tag-normandie","17":"tag-republique-francaise","18":"tag-rouen","19":"tag-seine-maritime"},"share_on_mastodon":{"url":"https:\/\/pubeurope.com\/@fr\/115020886519088611","error":""},"_links":{"self":[{"href":"https:\/\/www.europesays.com\/fr\/wp-json\/wp\/v2\/posts\/315999","targetHints":{"allow":["GET"]}}],"collection":[{"href":"https:\/\/www.europesays.com\/fr\/wp-json\/wp\/v2\/posts"}],"about":[{"href":"https:\/\/www.europesays.com\/fr\/wp-json\/wp\/v2\/types\/post"}],"author":[{"embeddable":true,"href":"https:\/\/www.europesays.com\/fr\/wp-json\/wp\/v2\/users\/2"}],"replies":[{"embeddable":true,"href":"https:\/\/www.europesays.com\/fr\/wp-json\/wp\/v2\/comments?post=315999"}],"version-history":[{"count":0,"href":"https:\/\/www.europesays.com\/fr\/wp-json\/wp\/v2\/posts\/315999\/revisions"}],"wp:featuredmedia":[{"embeddable":true,"href":"https:\/\/www.europesays.com\/fr\/wp-json\/wp\/v2\/media\/316000"}],"wp:attachment":[{"href":"https:\/\/www.europesays.com\/fr\/wp-json\/wp\/v2\/media?parent=315999"}],"wp:term":[{"taxonomy":"category","embeddable":true,"href":"https:\/\/www.europesays.com\/fr\/wp-json\/wp\/v2\/categories?post=315999"},{"taxonomy":"post_tag","embeddable":true,"href":"https:\/\/www.europesays.com\/fr\/wp-json\/wp\/v2\/tags?post=315999"}],"curies":[{"name":"wp","href":"https:\/\/api.w.org\/{rel}","templated":true}]}}