{"id":316001,"date":"2025-08-13T10:03:10","date_gmt":"2025-08-13T10:03:10","guid":{"rendered":"https:\/\/www.europesays.com\/fr\/316001\/"},"modified":"2025-08-13T10:03:10","modified_gmt":"2025-08-13T10:03:10","slug":"metropole-de-grenoble-apres-des-mois-de-douches-gelees-des-habitants-ont-enfin-leau-chaude","status":"publish","type":"post","link":"https:\/\/www.europesays.com\/fr\/316001\/","title":{"rendered":"M\u00e9tropole de Grenoble. Apr\u00e8s des mois de \u00ab douches gel\u00e9es \u00bb, des habitants ont enfin l&rsquo;eau chaude"},"content":{"rendered":"<p>Elle en avait ras-le-bol. Et pas qu\u2019un peu. Pour cette r\u00e9sidente en situation de handicap <a href=\"https:\/\/www.ledauphine.com\/education\/2025\/08\/05\/j-ai-un-peu-perdu-espoir-le-ras-le-bol-d-une-etudiante-handicapee-dans-une-residence-sans-eau-chaude\" target=\"_blank\" rel=\"noopener\">que nous avions rencontr\u00e9e d\u00e9but ao\u00fbt,<\/a> la situation n\u2019\u00e9tait plus tenable. \u00ab\u00a0J\u2019ai arr\u00eat\u00e9 de compter depuis quand je n\u2019ai plus d\u2019eau chaude, \u00e7a fait des mois\u00a0\u00bb disait-elle alors. Situ\u00e9 sur le campus de Grenoble, ce petit immeuble de deux b\u00e2timents abrite des dizaines de logements, dont une vingtaine d\u00e9di\u00e9s aux \u00e9tudiants en situation de handicap gr\u00e2ce \u00e0 une structure adapt\u00e9e d\u2019accompagnement.<\/p>\n<p>Les \u00e9tudiants avaient \u00e9mis de nombreuses alertes et\u00a0des travaux avaient enfin \u00e9t\u00e9 entrepris en juillet pour installer un chauffe-eau collectif. Qui, dans la foul\u00e9e, \u00e9tait tomb\u00e9 en panne\u00a0! Le Crous avait alors promis que le n\u00e9cessaire serait fait.<\/p>\n<p>Et depuis la fin de semaine derni\u00e8re, \u00ab\u00a0miracle\u00a0! j\u2019ai de l\u2019eau chaude\u00a0\u00bb a pr\u00e9venu la locataire. Apr\u00e8s des mois de \u00ab\u00a0douches gel\u00e9es \u00bb, l\u2019\u00e9tudiante a go\u00fbt\u00e9 le changement.<\/p>\n","protected":false},"excerpt":{"rendered":"Elle en avait ras-le-bol. Et pas qu\u2019un peu. Pour cette r\u00e9sidente en situation de handicap que nous avions&hellip;\n","protected":false},"author":2,"featured_media":316002,"comment_status":"","ping_status":"","sticky":false,"template":"","format":"standard","meta":{"footnotes":""},"categories":[9566],"tags":[1111,11,2430,112,1777,674,107,1011,27,2731,108,1908,1985,12,25,9448,11264,104],"class_list":{"0":"post-316001","1":"post","2":"type-post","3":"status-publish","4":"format-standard","5":"has-post-thumbnail","7":"category-grenoble","8":"tag-actu","9":"tag-actualites","10":"tag-auvergne-rhone-alpes","11":"tag-edition-grenoble-agglomeration","12":"tag-eu","13":"tag-europe","14":"tag-fil-info","15":"tag-fr","16":"tag-france","17":"tag-grenoble","18":"tag-isere","19":"tag-logement","20":"tag-metropole-de-grenoble","21":"tag-news","22":"tag-republique-francaise","23":"tag-saint-martin-dheres","24":"tag-saint-martin-dheres-bassin","25":"tag-societe"},"share_on_mastodon":{"url":"https:\/\/pubeurope.com\/@fr\/115020890343445939","error":""},"_links":{"self":[{"href":"https:\/\/www.europesays.com\/fr\/wp-json\/wp\/v2\/posts\/316001","targetHints":{"allow":["GET"]}}],"collection":[{"href":"https:\/\/www.europesays.com\/fr\/wp-json\/wp\/v2\/posts"}],"about":[{"href":"https:\/\/www.europesays.com\/fr\/wp-json\/wp\/v2\/types\/post"}],"author":[{"embeddable":true,"href":"https:\/\/www.europesays.com\/fr\/wp-json\/wp\/v2\/users\/2"}],"replies":[{"embeddable":true,"href":"https:\/\/www.europesays.com\/fr\/wp-json\/wp\/v2\/comments?post=316001"}],"version-history":[{"count":0,"href":"https:\/\/www.europesays.com\/fr\/wp-json\/wp\/v2\/posts\/316001\/revisions"}],"wp:featuredmedia":[{"embeddable":true,"href":"https:\/\/www.europesays.com\/fr\/wp-json\/wp\/v2\/media\/316002"}],"wp:attachment":[{"href":"https:\/\/www.europesays.com\/fr\/wp-json\/wp\/v2\/media?parent=316001"}],"wp:term":[{"taxonomy":"category","embeddable":true,"href":"https:\/\/www.europesays.com\/fr\/wp-json\/wp\/v2\/categories?post=316001"},{"taxonomy":"post_tag","embeddable":true,"href":"https:\/\/www.europesays.com\/fr\/wp-json\/wp\/v2\/tags?post=316001"}],"curies":[{"name":"wp","href":"https:\/\/api.w.org\/{rel}","templated":true}]}}