{"id":316003,"date":"2025-08-13T10:04:13","date_gmt":"2025-08-13T10:04:13","guid":{"rendered":"https:\/\/www.europesays.com\/fr\/316003\/"},"modified":"2025-08-13T10:04:13","modified_gmt":"2025-08-13T10:04:13","slug":"pro-d2-il-fallait-soigner-quelques-blessures-physiques-et-mentales-affirme-aubin-hueber-avant-le-premier-match-amical-de-grenoble","status":"publish","type":"post","link":"https:\/\/www.europesays.com\/fr\/316003\/","title":{"rendered":"Pro D2 \u2013 \u00ab\u00a0Il fallait soigner quelques blessures physiques et mentales\u00a0\u00bb affirme Aubin Hueber avant le premier match amical de Grenoble"},"content":{"rendered":"<p>\n                Aubin Hueber a dress\u00e9 le bilan du premier bloc de la pr\u00e9paration estivale du FCG tout en se projetant sur Aurillac. Les Is\u00e9rois ont en effet rendez-vous dans le Cantal pour leur premier match amical (vendredi, 19\u00a0heures).\n            <\/p>\n<p><strong>Aubin, votre groupe est-il dans les temps de passage apr\u00e8s presque quatre semaines de pr\u00e9paration\u00a0?<\/strong><\/p>\n<p>En reprenant le 17\u00a0juillet, on savait tr\u00e8s bien qu\u2019on aurait du retard par rapport \u00e0 d\u2019autres \u00e9quipes qui ont repris depuis longtemps. Mais c\u2019\u00e9tait une volont\u00e9 de notre part de r\u00e9cup\u00e9rer jusqu&rsquo;\u00e0 cette date. Cela fait trois saisons que nos joueurs encha\u00eenent des finales et des access matchs. C\u2019est long\u00a0! Et il fallait aussi soigner quelques petites blessures physiques et mentales. Mais \u00e0 ce jour, on est en osmose sur toute notre pr\u00e9paration. Les joueurs ont travaill\u00e9 dur sur ces quatre premi\u00e8res semaines et ils auront une semaine plus l\u00e9g\u00e8re apr\u00e8s ce match contre Aurillac.<\/p>\n<p><strong>Le groupe est-il encore marqu\u00e9 des deux derni\u00e8res d\u00e9faites face \u00e0 Montauban et Perpignan\u00a0?<\/strong><\/p>\n<p>Les joueurs ont encore un peu le traumatisme, on est encore dans le raisonnement de se dire\u00a0: \u00ab\u00a0qu\u2019avons-nous manqu\u00e9\u00a0?\u00a0\u00bb mais je pense que cela s\u2019\u00e9vacue tout doucement et notamment en jouant les premiers matchs de cette nouvelle saison\u00a0!<\/p>\n<p><strong>Personnellement, vous changez de r\u00f4le <a href=\"https:\/\/www.rugbyrama.fr\/2025\/07\/03\/transferts-pro-d2-grenoble-aubin-hueber-de-retour-a-la-tete-du-staff-12802975.php\" target=\"_self\" rel=\"nofollow noopener\">en revenant \u00e0 la t\u00eate du staff\u2026<\/a><\/strong><\/p>\n<p>Effectivement, le pr\u00e9sident a souhait\u00e9 que je me rapproche du staff mais mes pr\u00e9rogatives restent les m\u00eames, si ce n\u2019est qu\u2019il y aura beaucoup plus d\u2019\u00e9changes. Mais je reste dans cette position du directeur sportif des professionnels mais aussi des espoirs.<\/p>\n<p><strong>En r\u00e9sum\u00e9, rien ne change\u00a0?<\/strong><\/p>\n<p>Ce qui doit changer, c\u2019est notre fin de saison\u00a0! Depuis plusieurs saisons, il y a du bon travail r\u00e9alis\u00e9 ici mais il faudra bien s\u00fbr \u00eatre plus pr\u00e9cis et plus cliniques dans les matchs capitaux.<\/p>\n<p>        <img decoding=\"async\" class=\"std-img__img responsive-img\" src=\"https:\/\/www.europesays.com\/fr\/wp-content\/uploads\/2025\/08\/1755079453_784_image.jpg\" alt=\"Les Grenoblois avaient termin\u00e9 leur saison sur une d\u00e9sillusion \u00e0 domicile, face \u00e0 Perpignan.\"\/><\/p>\n<p>                Les Grenoblois avaient termin\u00e9 leur saison sur une d\u00e9sillusion \u00e0 domicile, face \u00e0 Perpignan.<br \/>\n                                    Icon Sport &#8211; FEP<\/p>\n<p><strong>Vos joueurs s\u2019appr\u00eatent \u00e0 affronter Aurillac en match amical, quels seront les objectifs de cette rencontre\u00a0?<\/strong><\/p>\n<p>Le but premier de ce match est que le collectif se retrouve sur notre syst\u00e8me de jeu. Mais je ne suis pas inquiet car \u00e0 l\u2019inverse des saisons pr\u00e9c\u00e9dentes, notre effectif n\u2019a pas beaucoup chang\u00e9. Plus de 80\u00a0% des joueurs de l\u2019exercice pr\u00e9c\u00e9dent sont encore \u00e0 Grenoble. Il y a encore une ann\u00e9e, plus d\u2019une dizaine de joueurs nous avaient quitt\u00e9s\u00a0! Donc la forme de jeu est la m\u00eame les joueurs ont plut\u00f4t l\u2019habitude de la g\u00e9rer. En revanche, les six recrues qui nous ont rejoints ont besoin de s\u2019impliquer un peu plus. Ensuite, l\u2019autre objectif sera de voir comment nous r\u00e9agirons face \u00e0 une \u00e9quipe aurillacoise qui a d\u00e9j\u00e0 jou\u00e9 deux matchs amicaux (Narbonne et Nevers). On ne cherche pas sp\u00e9cialement la victoire, m\u00eame si c\u2019est \u00e9videmment appr\u00e9ciable de sortir de ces rencontres de pr\u00e9paration avec un succ\u00e8s.<\/p>\n<p><strong>Au niveau de l\u2019effectif, quelles recrues seront sur le pont\u00a0?<\/strong><\/p>\n<p>Certains seront l\u00e0 mais d\u2019autres ne sont pas encore pr\u00eats. On a encore quelques joueurs convalescents comme Raffaele Costa Storti (en r\u00e9\u00e9ducation de son \u00e9paule), Romain Ruffenach qui soigne son dos ou notre nouveau deuxi\u00e8me ligne Tristan Labouteley qui n\u2019est arriv\u00e9 que lundi. Le but est de laisser r\u00e9cup\u00e9rer tranquillement, d\u2019autant que nos internationaux (Javakhia, Kveseladze) sont \u00e9galement arriv\u00e9s en d\u00e9but de semaine. En r\u00e9sum\u00e9, on arrivera \u00e0 Aurillac avec un effectif remani\u00e9.<\/p>\n","protected":false},"excerpt":{"rendered":"Aubin Hueber a dress\u00e9 le bilan du premier bloc de la pr\u00e9paration estivale du FCG tout en se&hellip;\n","protected":false},"author":2,"featured_media":316004,"comment_status":"","ping_status":"","sticky":false,"template":"","format":"standard","meta":{"footnotes":""},"categories":[9566],"tags":[1111,11,2430,1777,674,1011,27,2731,12,25],"class_list":{"0":"post-316003","1":"post","2":"type-post","3":"status-publish","4":"format-standard","5":"has-post-thumbnail","7":"category-grenoble","8":"tag-actu","9":"tag-actualites","10":"tag-auvergne-rhone-alpes","11":"tag-eu","12":"tag-europe","13":"tag-fr","14":"tag-france","15":"tag-grenoble","16":"tag-news","17":"tag-republique-francaise"},"share_on_mastodon":{"url":"https:\/\/pubeurope.com\/@fr\/115020894566367528","error":""},"_links":{"self":[{"href":"https:\/\/www.europesays.com\/fr\/wp-json\/wp\/v2\/posts\/316003","targetHints":{"allow":["GET"]}}],"collection":[{"href":"https:\/\/www.europesays.com\/fr\/wp-json\/wp\/v2\/posts"}],"about":[{"href":"https:\/\/www.europesays.com\/fr\/wp-json\/wp\/v2\/types\/post"}],"author":[{"embeddable":true,"href":"https:\/\/www.europesays.com\/fr\/wp-json\/wp\/v2\/users\/2"}],"replies":[{"embeddable":true,"href":"https:\/\/www.europesays.com\/fr\/wp-json\/wp\/v2\/comments?post=316003"}],"version-history":[{"count":0,"href":"https:\/\/www.europesays.com\/fr\/wp-json\/wp\/v2\/posts\/316003\/revisions"}],"wp:featuredmedia":[{"embeddable":true,"href":"https:\/\/www.europesays.com\/fr\/wp-json\/wp\/v2\/media\/316004"}],"wp:attachment":[{"href":"https:\/\/www.europesays.com\/fr\/wp-json\/wp\/v2\/media?parent=316003"}],"wp:term":[{"taxonomy":"category","embeddable":true,"href":"https:\/\/www.europesays.com\/fr\/wp-json\/wp\/v2\/categories?post=316003"},{"taxonomy":"post_tag","embeddable":true,"href":"https:\/\/www.europesays.com\/fr\/wp-json\/wp\/v2\/tags?post=316003"}],"curies":[{"name":"wp","href":"https:\/\/api.w.org\/{rel}","templated":true}]}}