{"id":316007,"date":"2025-08-13T10:06:13","date_gmt":"2025-08-13T10:06:13","guid":{"rendered":"https:\/\/www.europesays.com\/fr\/316007\/"},"modified":"2025-08-13T10:06:13","modified_gmt":"2025-08-13T10:06:13","slug":"on-connait-le-premier-arbitre-de-la-saison-de-ligue-1","status":"publish","type":"post","link":"https:\/\/www.europesays.com\/fr\/316007\/","title":{"rendered":"on conna\u00eet le premier arbitre de la saison de Ligue 1"},"content":{"rendered":"<p>L&rsquo;arbitre pour la premi\u00e8re rencontre de la nouvelle saison de Ligue 1 entre Rennes et Marseille, vendredi \u00e0 20h45, a \u00e9t\u00e9 d\u00e9sign\u00e9. C&rsquo;est celui qui avait d\u00e9j\u00e0 offici\u00e9 sur le m\u00eame match, cette fois au V\u00e9lodrome, lors de la derni\u00e8re journ\u00e9e de championnat la saison pass\u00e9e.<\/p>\n<p>Alors que les abonnements \u00e0 <a href=\"https:\/\/rmcsport.bfmtv.com\/football\/ligue-1\/ligue-1-les-abonnes-sont-la-le-directeur-general-de-la-lfp-nicolas-de-tavernost-satisfait-des-premiers-chiffres-d-abonnement_AV-202508130200.html\" title=\"Ligue 1+: &quot;Les abonn\u00e9s sont l\u00e0&quot;, le directeur g\u00e9n\u00e9ral de la LFP Nicolas de Tavernost satisfait des premiers chiffres d&#039;abonnement\" class=\"internal_link\" rel=\"nofollow noopener\" target=\"_blank\">la plateforme Ligue 1+<\/a> affluent pour ne rien rater du d\u00e9but du championnat dans deux jours, l&rsquo;arbitre de la premi\u00e8re journ\u00e9e a \u00e9t\u00e9 d\u00e9sign\u00e9. J\u00e9r\u00e9my Pignard officiera au Roazhon Park, o\u00f9 les Rennais accueilleront <a href=\"https:\/\/rmcsport.bfmtv.com\/football\/clubs\/olympique-marseille\/om-il-casse-tout-a-la-mi-temps-la-grosse-colere-de-de-zerbi-dans-le-vestiaire-lors-de-la-deroute-a-reims_AV-202508110130.html\" title=\"OM: &quot;Il casse tout \u00e0 la mi-temps&quot;, la grosse col\u00e8re de De Zerbi dans le vestiaire lors de la d\u00e9route \u00e0 Reims\" class=\"internal_link\" rel=\"nofollow noopener\" target=\"_blank\">l&rsquo;OM<\/a> pour un coup d&rsquo;envoi \u00e0 20h45 vendredi soir.<\/p>\n<p>La saison derni\u00e8re, pour la derni\u00e8re journ\u00e9e de Ligue 1, Mr Pignard \u00e9tait d\u00e9j\u00e0 arbitre&#8230; pour Marseille-Rennes. Les hommes de <a href=\"https:\/\/rmcsport.bfmtv.com\/football\/roberto-de-zerbi_DN-202508100322.html\" title=\"Roberto De Zerbi\" class=\"internal_link\" rel=\"nofollow noopener\" target=\"_blank\">Roberto de Zerbi<\/a> avaient punis les Bretons sur le score de 4 buts \u00e0 2, leur permettant de conclure leur saison dauphins du PSG. En 2024, l&rsquo;arbitre de 37 ans \u00e9tait \u00e9galement en charge du 16e de finale de Coupe de France o\u00f9 le Stade Rennais avait fait plier le club marseillais aux tirs au but.<\/p>\n<p>Un premier match sous haute surveillance<\/p>\n<p>Pour le lancement de la nouvelle saison de Ligue 1, la premi\u00e8re rencontre est plac\u00e9e \u00e0 2 sur 5 par les services de la Division nationale de la lutte contre le hooliganisme (DNLH). Dans le m\u00eame temps, le pr\u00e9fet d&rsquo;Ille-et-Vilaine a sign\u00e9 un arr\u00eat\u00e9 annon\u00e7ant une surveillance accrue \u00e0 l&rsquo;aide de drones \u00e9quip\u00e9s de cam\u00e9ras aux abords du Roazhon Park pour pr\u00e9venir d&rsquo;eventuels bagarres.<\/p>\n<p>Cit\u00e9s notamment par la pr\u00e9fecture, les incidents en mai 2022 o\u00f9 des \u00ab\u00a0\u00e9chauffour\u00e9es avaient eu lieu entre les ultras du Roazhon Celtic Kop et une cinquantaine de Marseillais\u00a0\u00bb.<\/p>\n","protected":false},"excerpt":{"rendered":"L&rsquo;arbitre pour la premi\u00e8re rencontre de la nouvelle saison de Ligue 1 entre Rennes et Marseille, vendredi \u00e0&hellip;\n","protected":false},"author":2,"featured_media":316008,"comment_status":"","ping_status":"","sticky":false,"template":"","format":"standard","meta":{"footnotes":""},"categories":[2821],"tags":[1111,11,829,1777,674,1011,27,12,584,25],"class_list":{"0":"post-316007","1":"post","2":"type-post","3":"status-publish","4":"format-standard","5":"has-post-thumbnail","7":"category-rennes","8":"tag-actu","9":"tag-actualites","10":"tag-bretagne","11":"tag-eu","12":"tag-europe","13":"tag-fr","14":"tag-france","15":"tag-news","16":"tag-rennes","17":"tag-republique-francaise"},"share_on_mastodon":{"url":"https:\/\/pubeurope.com\/@fr\/115020902119683149","error":""},"_links":{"self":[{"href":"https:\/\/www.europesays.com\/fr\/wp-json\/wp\/v2\/posts\/316007","targetHints":{"allow":["GET"]}}],"collection":[{"href":"https:\/\/www.europesays.com\/fr\/wp-json\/wp\/v2\/posts"}],"about":[{"href":"https:\/\/www.europesays.com\/fr\/wp-json\/wp\/v2\/types\/post"}],"author":[{"embeddable":true,"href":"https:\/\/www.europesays.com\/fr\/wp-json\/wp\/v2\/users\/2"}],"replies":[{"embeddable":true,"href":"https:\/\/www.europesays.com\/fr\/wp-json\/wp\/v2\/comments?post=316007"}],"version-history":[{"count":0,"href":"https:\/\/www.europesays.com\/fr\/wp-json\/wp\/v2\/posts\/316007\/revisions"}],"wp:featuredmedia":[{"embeddable":true,"href":"https:\/\/www.europesays.com\/fr\/wp-json\/wp\/v2\/media\/316008"}],"wp:attachment":[{"href":"https:\/\/www.europesays.com\/fr\/wp-json\/wp\/v2\/media?parent=316007"}],"wp:term":[{"taxonomy":"category","embeddable":true,"href":"https:\/\/www.europesays.com\/fr\/wp-json\/wp\/v2\/categories?post=316007"},{"taxonomy":"post_tag","embeddable":true,"href":"https:\/\/www.europesays.com\/fr\/wp-json\/wp\/v2\/tags?post=316007"}],"curies":[{"name":"wp","href":"https:\/\/api.w.org\/{rel}","templated":true}]}}