{"id":316011,"date":"2025-08-13T10:09:10","date_gmt":"2025-08-13T10:09:10","guid":{"rendered":"https:\/\/www.europesays.com\/fr\/316011\/"},"modified":"2025-08-13T10:09:10","modified_gmt":"2025-08-13T10:09:10","slug":"a-la-decouverte-des-cetaces-du-sanctuaire-pelagos","status":"publish","type":"post","link":"https:\/\/www.europesays.com\/fr\/316011\/","title":{"rendered":"\u00c0 la d\u00e9couverte des c\u00e9tac\u00e9s du sanctuaire \u00ab\u00a0Pelagos\u00a0\u00bb"},"content":{"rendered":"<p>Au c\u0153ur du sanctuaire \u00ab\u00a0Pelagos\u00a0\u00bb*, des hommes et des femmes travaillent chaque jour pour sensibiliser tous les publics \u00e0 la protection des c\u00e9tac\u00e9s (dauphins et baleines) en M\u00e9diterran\u00e9e.<\/p>\n<p>Membres de l\u2019association \u00ab\u00a0SOS Grand Bleu\u00a0\u00bb, cr\u00e9\u00e9e en 1989 et install\u00e9e \u00e0 Saint-Jean-Cap-Ferrat, ils organisent toute l\u2019ann\u00e9e des sorties en mer \u00e0 bord du voilier \u00ab\u00a0Santo Sospir\u00a0\u00bb, une fid\u00e8le r\u00e9plique d\u2019un ca\u00efque turc du XVIe si\u00e8cle, que l\u2019association a acquis en 2004.<\/p>\n<p>Ce bateau typiquement m\u00e9diterran\u00e9en \u2013 23m de long et une voilure de 200m2 \u2013 est accost\u00e9 deux fois par mois pendant l\u2019\u00e9t\u00e9 au vieux port de Menton pour proposer ces sorties p\u00e9dagogiques (d\u2019une dur\u00e9e de 8 heures, comprenant un temps de baignade), organis\u00e9es en partenariat avec la Communaut\u00e9 d\u2019agglom\u00e9ration de la Riviera fran\u00e7aise (Carf).<\/p>\n<p>\u00ab\u00a0On arrive \u00e0 en voir 9 fois sur 10\u00a0\u00bb<\/p>\n<p>Ce lundi matin, sous une chaleur \u00e9crasante, Arnaud Guillard pr\u00e9pare le bateau avant qu\u2019une vingtaine de personnes impatientes n\u2019embarquent pour la journ\u00e9e.<\/p>\n<p>\u00ab\u00a0Nous les emmenons jusqu\u2019\u00e0 35 \u00e0 45km au large, c\u2019est-\u00e0-dire au niveau du golfe de Saint-Tropez\u00a0\u00bb explique le skipper-animateur du jour, qui partage les visites avec son coll\u00e8gue Fran\u00e7ois Guntz.<\/p>\n<p>L\u2019objectif de chaque sortie: faire d\u00e9couvrir un patrimoine marin exceptionnel dans cette zone prot\u00e9g\u00e9e et observer les c\u00e9tac\u00e9s, en identifiant les diff\u00e9rentes esp\u00e8ces selon leur morphologie, leur couleur, leur vitesse de d\u00e9placement, leur comportement, mais aussi leur mode d\u2019alimentation, de reproduction, de migration\u2026<\/p>\n<p>Bien \u00e9videmment, il n\u2019est pas toujours certain, selon la saison, d\u2019en croiser au cours de la travers\u00e9e. \u00ab\u00a0Mais on arrive quand m\u00eame \u00e0 en voir 9 fois sur 10, on est au-del\u00e0 des 95% pendant l\u2019\u00e9t\u00e9\u00a0\u00bb pr\u00e9cise Arnaud. \u00ab\u00a0Et attention, il n\u2019y a pas de baignade possible avec les c\u00e9tac\u00e9s, c\u2019est proscrit dans le sanctuaire et nous y sommes oppos\u00e9s dans notre association\u00a0\u00bb.<\/p>\n<p>Les sept esp\u00e8ces communes dans les eaux du Sanctuaire<\/p>\n<p>              <img ci-src=\"https:\/\/www.nicematin.com\/vie-locale\/protec\/DATA_ART_16068798-qe3S4wtN.jpg?vh=6d16c2&amp;ci_seal=958d5a5f14\" alt=\"\"\/><br \/>\n        Arnaud, de \u00a0\u00bb SOS Grand Bleu \u00a0\u00bb montre les diff\u00e9rentes esp\u00e8ces de c\u00e9tac\u00e9s dans le sanctuaire Pelagos.&#13;<br \/>\n <strong>Photo Cyril Dodergny.<\/strong> <\/p>\n<p>Brandissant son panneau, il explique avant m\u00eame de quitter le port: \u00ab\u00a0Parmi les dix-huit esp\u00e8ces de c\u00e9tac\u00e9s r\u00e9pertori\u00e9es en M\u00e9diterran\u00e9e nord occidentale, sept sont consid\u00e9r\u00e9es comme communes dans les eaux du sanctuaire Pelagos: le dauphin bleu et blanc, le dauphin de Risso, le grand dauphin, le Ziphius, le globic\u00e9phale noir, le rorqual commun et le cachalot\u00a0\u00bb. Revue de d\u00e9tail.<\/p>\n<p><b>Le plus courant: le<\/b> <b>Dauphin bleu et blanc<\/b>, taille: 2,20m, poids: 120kg. En M\u00e9diterran\u00e9e, on en d\u00e9nombre pr\u00e8s de 300.000, dont plus de 35.000 pour le secteur du Sanctuaire. Cette esp\u00e8ce pr\u00e9f\u00e8re les eaux profondes et reste peu abondante pr\u00e8s des c\u00f4tes. Il se d\u00e9place \u00e0 des vitesses variant entre 10 et 35km\/h et peut atteindre des pointes de 60km\/h.<\/p>\n<p><b>Le plus connu:<\/b> <b>le Grand Dauphin<\/b>, taille: 3,50m, poids: 300kg. Son allure est robuste en raison de son rostre massif. C\u2019est l\u2019esp\u00e8ce qui vit le plus pr\u00e8s des secteurs d\u2019activit\u00e9s humaines, il n\u2019est pas rare de l\u2019apercevoir depuis la plage. On en d\u00e9nombre pr\u00e8s de 1.000 dans le Sanctuaire et il est plut\u00f4t en progression. Il est c\u00f4tier et ne d\u00e9passe que rarement le plateau continental.<\/p>\n<p><b>Le \u00ab\u00a0balafr\u00e9\u00a0\u00bb:<\/b> <b>le dauphin de Risso, <\/b>taille: 4m, poids: 400kg. Il peut s\u2019aventurer pr\u00e8s des c\u00f4tes, dans la zone du Sanctuaire, mais il se trouve le plus souvent au large. Sa population est estim\u00e9e \u00e0 3.000 en M\u00e9diterran\u00e9e nord occidentale. Si les petits sont de coloration grise, leur corps se couvre de scarifications, au fil des ans, dues aux nombreuses interactions avec leurs cong\u00e9n\u00e8res. Les plus vieux deviennent tout blancs.<b\/><\/p>\n<p>Le plus grand apn\u00e9iste: <b>le Ziphius (ou baleine \u00e0 bec de cuvier).<\/b> Pouvant descendre jusqu\u2019\u00e0 3.500m de profondeur et tenir 3h43 sous l\u2019eau, il d\u00e9tient le record du monde de plong\u00e9e en profondeur et en temps! On le trouve surtout en Mer Ligure, mais en raison de son comportement farouche, son observation est difficile.<b\/><\/p>\n<p>Le plus sociable et solidaire: <b>le globic\u00e9phale noir, <\/b>taille: 6m, poids: 2 tonnes. Il se d\u00e9place \u00e0 4 ou 8km\/h, avec des pointes \u00e0 30km\/h sur de courtes distances (les adultes sont noirs avec un plastron blanc en forme d\u2019ancre sur la poitrine et le ventre). Il vit exclusivement en groupe familial d\u2019une dizaine d\u2019individus tous tr\u00e8s solidaires entre eux, avec \u00e0 sa t\u00eate un \u00ab\u00a0chef\u00a0\u00bb. Les effectifs estim\u00e9s sont de 2.000 \u00e0 10.000 en M\u00e9diterran\u00e9e nord occidentale.<\/p>\n<p><b>Le plus gros et le plus grand:<\/b> <b>le rorqual commun, <\/b>taille: 22m (jusqu\u2019\u00e0 25m!), poids: entre 60 et 70 tonnes. C\u2019est le deuxi\u00e8me plus gros animal du monde apr\u00e8s la baleine bleue. Et l\u2019une des esp\u00e8ces les plus fr\u00e9quemment observ\u00e9es, qui se regroupe en \u00e9t\u00e9, dans la zone du Sanctuaire pour s\u2019y nourrir, o\u00f9 l\u2019on en d\u00e9nombre entre 1.000 et 3.000.<b\/><\/p>\n<p>Le plus grand des odontoc\u00e8tes \u00e0 dents: <b>le cachalot, <\/b>taille 14 \u00e0 15m, poids: entre 20 et 40 tonnes. Il est le plus gros animal avec des dents et l\u2019un des plus grands plongeurs avec le Ziphius, il peut plonger jusqu\u2019\u00e0 3.000m de profondeur et rester plus de deux heures en immersion. M\u00eame s\u2019il est fr\u00e9quemment observ\u00e9 dans le Sanctuaire, il semble que ses effectifs soient en diminution inqui\u00e9tante.<\/p>\n<p>Parmi les autres esp\u00e8ces que l\u2019on peut observer lors de ces sorties: des tortues Caouanne, qui peuvent atteindre 1,20m de large, des raies Mobula, des poissons-lunes, des espadons&#8230; et un requin de temps en temps.<\/p>\n<p>Arnaud explique \u00e9galement tous les dangers \u00e9manant de l\u2019homme, qui menacent les c\u00e9tac\u00e9s en M\u00e9diterran\u00e9e: les filets de p\u00eache et la p\u00eache intensive, le trafic maritime et notamment la plaisance, la pollution, la course d\u2019engins et les nuisances sonores.<\/p>\n<p>*Le sanctuaire \u00ab\u00a0Pelagos\u00a0\u00bb est la seule zone maritime internationale d\u00e9di\u00e9e \u00e0 la protection des mammif\u00e8res marins et de leurs habitats en M\u00e9diterran\u00e9e contre toutes les causes de perturbations. D\u2019une superficie de 87.500km2, il s\u2019\u00e9tend des \u00eeles d\u2019Hy\u00e8res au nord de la Sardaigne et jusqu\u2019au nord de Rome, y compris la C\u00f4te d\u2019Azur et la Corse. Sign\u00e9 \u00e0 Rome en 1999, ce trait\u00e9 a \u00e9t\u00e9 ratifi\u00e9 en 2002 par les trois \u00c9tats signataires: la France, l\u2019Italie et Monaco (o\u00f9 se tient le secr\u00e9tariat permanent).<\/p>\n","protected":false},"excerpt":{"rendered":"Au c\u0153ur du sanctuaire \u00ab\u00a0Pelagos\u00a0\u00bb*, des hommes et des femmes travaillent chaque jour pour sensibiliser tous les publics&hellip;\n","protected":false},"author":2,"featured_media":316012,"comment_status":"","ping_status":"","sticky":false,"template":"","format":"standard","meta":{"footnotes":""},"categories":[2819],"tags":[1111,11,1777,674,1011,27,12,2401,882,25,3366],"class_list":{"0":"post-316011","1":"post","2":"type-post","3":"status-publish","4":"format-standard","5":"has-post-thumbnail","7":"category-nice","8":"tag-actu","9":"tag-actualites","10":"tag-eu","11":"tag-europe","12":"tag-fr","13":"tag-france","14":"tag-news","15":"tag-nice","16":"tag-provence-alpes-cote-dazur","17":"tag-republique-francaise","18":"tag-vie-locale"},"share_on_mastodon":{"url":"https:\/\/pubeurope.com\/@fr\/115020914008020842","error":""},"_links":{"self":[{"href":"https:\/\/www.europesays.com\/fr\/wp-json\/wp\/v2\/posts\/316011","targetHints":{"allow":["GET"]}}],"collection":[{"href":"https:\/\/www.europesays.com\/fr\/wp-json\/wp\/v2\/posts"}],"about":[{"href":"https:\/\/www.europesays.com\/fr\/wp-json\/wp\/v2\/types\/post"}],"author":[{"embeddable":true,"href":"https:\/\/www.europesays.com\/fr\/wp-json\/wp\/v2\/users\/2"}],"replies":[{"embeddable":true,"href":"https:\/\/www.europesays.com\/fr\/wp-json\/wp\/v2\/comments?post=316011"}],"version-history":[{"count":0,"href":"https:\/\/www.europesays.com\/fr\/wp-json\/wp\/v2\/posts\/316011\/revisions"}],"wp:featuredmedia":[{"embeddable":true,"href":"https:\/\/www.europesays.com\/fr\/wp-json\/wp\/v2\/media\/316012"}],"wp:attachment":[{"href":"https:\/\/www.europesays.com\/fr\/wp-json\/wp\/v2\/media?parent=316011"}],"wp:term":[{"taxonomy":"category","embeddable":true,"href":"https:\/\/www.europesays.com\/fr\/wp-json\/wp\/v2\/categories?post=316011"},{"taxonomy":"post_tag","embeddable":true,"href":"https:\/\/www.europesays.com\/fr\/wp-json\/wp\/v2\/tags?post=316011"}],"curies":[{"name":"wp","href":"https:\/\/api.w.org\/{rel}","templated":true}]}}