{"id":316018,"date":"2025-08-13T10:13:11","date_gmt":"2025-08-13T10:13:11","guid":{"rendered":"https:\/\/www.europesays.com\/fr\/316018\/"},"modified":"2025-08-13T10:13:11","modified_gmt":"2025-08-13T10:13:11","slug":"pourquoi-ca-ne-devrait-pas-durer","status":"publish","type":"post","link":"https:\/\/www.europesays.com\/fr\/316018\/","title":{"rendered":"pourquoi \u00e7a ne devrait pas durer\u00a0?"},"content":{"rendered":"<p>            Par<br \/>\n        <strong><br \/>\n            <a href=\"https:\/\/actu.fr\/auteur\/sports33\" title=\"Consulter tous les articles de Nicolas Gosselin\" target=\"_blank\" rel=\"noopener\">Nicolas Gosselin<\/a><br \/>\n        <\/strong><\/p>\n<p>        Publi\u00e9 le<\/p>\n<p>            13 ao\u00fbt 2025 \u00e0 11h48        <\/p>\n<p>Ouf ! La temp\u00e9rature va redescendre de 5 \u00e0 10 degr\u00e9s en Gironde, ce mercredi 13 ao\u00fbt 2025, par rapport \u00e0 la veille et l\u2019avant-veille. R\u00e9sultat : apr\u00e8s <a href=\"https:\/\/actu.fr\/nouvelle-aquitaine\/bordeaux_33063\/la-canicule-exceptionnelle-se-prolonge-en-gironde-quelles-sont-les-temperatures-attendues_63025336.html\" target=\"_blank\" rel=\"noopener\">deux jours de vigilance rouge canicule<\/a>, <strong>le d\u00e9partement est repass\u00e9 en vigilance orange<\/strong>. Mais le r\u00e9pit devrait \u00eatre de courte dur\u00e9e \u00e0 lire les pr\u00e9visions de <a href=\"https:\/\/actu.fr\/tag\/meteo-france\" target=\"_blank\" rel=\"noopener\">M\u00e9t\u00e9o France<\/a> qui promet une fin de semaine aussi chaude voire plus que le d\u00e9but de semaine, \u00e0 l\u2019image du vendredi 15 ao\u00fbt o\u00f9<strong> les maximales pourraient atteindre les 43 degr\u00e9s \u00e0 Bordeaux<\/strong> et quasiment pareil le lendemain.<\/p>\n<p class=\" wall-content\">Dans la nuit du 12 au 13 ao\u00fbt, un \u00e9pisode orageux accompagn\u00e9 de rafales allant jusqu\u2019\u00e0 50 km\/h a permis de faire baisser l\u00e9g\u00e8rement les temp\u00e9ratures en Gironde, m\u00eame si le temps est particuli\u00e8rement lourd et <strong>passag\u00e8rement orageux<\/strong> durant la journ\u00e9e de mercredi o\u00f9 le d\u00e9partement est <a href=\"https:\/\/actu.fr\/nouvelle-aquitaine\/bordeaux_33063\/en-gironde-meteo-france-annonce-bientot-des-orages-mais-la-canicule-devrait-reprendre-de-plus-belle-ensuite_63026035.html\" target=\"_blank\" rel=\"noopener\">plac\u00e9 en vigilance jaune pour les orages<\/a>.<\/p>\n<p>Une fin de semaine digne du lundi record ?<\/p>\n<p class=\" wall-content\">En revanche,<strong> la chaleur va rapidement faire son retour<\/strong>. D\u00e8s jeudi 14 ao\u00fbt, M\u00e9t\u00e9o France annonce un grand soleil sur l\u2019ensemble du d\u00e9partement avec une maximale \u00e0 38 degr\u00e9s pr\u00e9vue \u00e0 Bordeaux et \u00e0 l\u2019int\u00e9rieur des terres. Sur le littoral, il devrait y avoir plus d\u2019air et avec quasiment une dizaine de degr\u00e9s en moins.<\/p>\n<p class=\" wall-content\">\n<p class=\" wall-content\">Et pour ce <strong>week-end de l\u2019Assomption<\/strong>, la chaleur va s\u2019intensifier d\u00e8s ce vendredi avec des temp\u00e9ratures maximales sup\u00e9rieures aux 40 degr\u00e9s \u00e0 l\u2019int\u00e9rieur des terres \u2013 M\u00e9t\u00e9o France \u00e9voque 44 degr\u00e9s en temp\u00e9rature ressentie \u00e0 Bordeaux \u2013 et au-dessus des 35 degr\u00e9s sur le littoral girondin, y compris sur le <a href=\"https:\/\/actu.fr\/tag\/bassin-d-arcachon\" target=\"_blank\" rel=\"noopener\">bassin d\u2019Arcachon<\/a>.<\/p>\n<p class=\" wall-content\">Si la journ\u00e9e du 15 ao\u00fbt devrait \u00eatre la plus chaude et pourrait <a href=\"https:\/\/actu.fr\/nouvelle-aquitaine\/bordeaux_33063\/bordeaux-bat-son-record-absolu-de-chaleur-et-un-village-de-gironde-decroche-la-valeur-la-plus-chaude-en-france_63023668.html\" target=\"_blank\" rel=\"noopener\">battre de nouveaux records de chaleur apr\u00e8s ceux de lundi 11 ao\u00fbt<\/a>, M\u00e9t\u00e9o France pr\u00e9voit une poursuite de l\u2019\u00e9pisode caniculaire jusqu\u2019\u00e0 la fin du week-end avec plus de 40 degr\u00e9s annonc\u00e9s \u00e0 Bordeaux encore samedi 16 ao\u00fbt. De plus, <strong>les nuits seront anormalement chaudes<\/strong> avec 24 et 25 degr\u00e9s pr\u00e9vus de jeudi \u00e0 vendredi, puis de vendredi \u00e0 samedi.<\/p>\n<p class=\" wall-content\">Autrement dit, les conditions m\u00e9t\u00e9orologiques devraient \u00eatre r\u00e9unies pour un nouveau passage \u00e0 l\u2019alerte rouge canicule.<\/p>\n<p class=\" wall-content\">Suivez toute l\u2019actualit\u00e9 de vos villes et m\u00e9dias favoris en vous inscrivant \u00e0 <a href=\"https:\/\/moncompte.actu.fr\" title=\"D\u00e9couvez Mon Actu\" rel=\"nofollow noopener\" data-trk=\"{&quot;cta&quot;:{&quot;action&quot;:&quot;https:\\\/\\\/moncompte.actu.fr&quot;,&quot;category&quot;:&quot;mon compte&quot;,&quot;from&quot;:&quot;article footer&quot;,&quot;name&quot;:&quot;Mon actu&quot;,&quot;type&quot;:&quot;cta&quot;}}\" target=\"_blank\">Mon Actu<\/a>.<\/p>\n","protected":false},"excerpt":{"rendered":"Par Nicolas Gosselin Publi\u00e9 le 13 ao\u00fbt 2025 \u00e0 11h48 Ouf ! La temp\u00e9rature va redescendre de 5&hellip;\n","protected":false},"author":2,"featured_media":288979,"comment_status":"","ping_status":"","sticky":false,"template":"","format":"standard","meta":{"footnotes":""},"categories":[2817],"tags":[1111,11,1997,6698,1777,674,1011,27,2487,2357,12,2219,25],"class_list":{"0":"post-316018","1":"post","2":"type-post","3":"status-publish","4":"format-standard","5":"has-post-thumbnail","7":"category-bordeaux","8":"tag-actu","9":"tag-actualites","10":"tag-bordeaux","11":"tag-canicule","12":"tag-eu","13":"tag-europe","14":"tag-fr","15":"tag-france","16":"tag-meteo","17":"tag-meteo-france","18":"tag-news","19":"tag-nouvelle-aquitaine","20":"tag-republique-francaise"},"share_on_mastodon":{"url":"https:\/\/pubeurope.com\/@fr\/115020929763798658","error":""},"_links":{"self":[{"href":"https:\/\/www.europesays.com\/fr\/wp-json\/wp\/v2\/posts\/316018","targetHints":{"allow":["GET"]}}],"collection":[{"href":"https:\/\/www.europesays.com\/fr\/wp-json\/wp\/v2\/posts"}],"about":[{"href":"https:\/\/www.europesays.com\/fr\/wp-json\/wp\/v2\/types\/post"}],"author":[{"embeddable":true,"href":"https:\/\/www.europesays.com\/fr\/wp-json\/wp\/v2\/users\/2"}],"replies":[{"embeddable":true,"href":"https:\/\/www.europesays.com\/fr\/wp-json\/wp\/v2\/comments?post=316018"}],"version-history":[{"count":0,"href":"https:\/\/www.europesays.com\/fr\/wp-json\/wp\/v2\/posts\/316018\/revisions"}],"wp:featuredmedia":[{"embeddable":true,"href":"https:\/\/www.europesays.com\/fr\/wp-json\/wp\/v2\/media\/288979"}],"wp:attachment":[{"href":"https:\/\/www.europesays.com\/fr\/wp-json\/wp\/v2\/media?parent=316018"}],"wp:term":[{"taxonomy":"category","embeddable":true,"href":"https:\/\/www.europesays.com\/fr\/wp-json\/wp\/v2\/categories?post=316018"},{"taxonomy":"post_tag","embeddable":true,"href":"https:\/\/www.europesays.com\/fr\/wp-json\/wp\/v2\/tags?post=316018"}],"curies":[{"name":"wp","href":"https:\/\/api.w.org\/{rel}","templated":true}]}}