{"id":316019,"date":"2025-08-13T10:14:12","date_gmt":"2025-08-13T10:14:12","guid":{"rendered":"https:\/\/www.europesays.com\/fr\/316019\/"},"modified":"2025-08-13T10:14:12","modified_gmt":"2025-08-13T10:14:12","slug":"midi-dix-en-direct-bordeaux-avranches-menace-de-report-en-raison-de-la-canicule","status":"publish","type":"post","link":"https:\/\/www.europesays.com\/fr\/316019\/","title":{"rendered":"Midi Dix en direct : Bordeaux-Avranches menac\u00e9 de report en raison de la canicule"},"content":{"rendered":"<p>\n    13\/08 &#8211; 12:00 | Par la r\u00e9daction | Il y a<br \/>\n    14 minutes\n  <\/p>\n<p><strong>C&rsquo;est le rendez-vous d&rsquo;actu \u00e0 mi-journ\u00e9e ce mercredi 13 ao\u00fbt 2025. Nous profitons de la pause pour faire un point complet sur l&rsquo;actualit\u00e9 des Girondins de Bordeaux avec une revue de presse et des infos.  La rencontre des Girondins face \u00e0 l&rsquo;US Avranches pourrait \u00eatre report\u00e9e.&#13;<br \/>\n<\/strong><\/p>\n<p><img decoding=\"async\" src=\"https:\/\/www.europesays.com\/fr\/wp-content\/uploads\/2025\/08\/671_312152847deeebae57310b710fbdddbb.jpg\" alt=\"Midi Dix en direct : Bordeaux-Avranches menac\u00e9 de report en raison de la canicule\" class=\"img-responsive mt-3\"\/><\/p>\n<p class=\"text-center mb-3\" style=\"font-size: 14px\">\u00a9 Iconsport<\/p>\n<p>Suivre cette \u00e9mission sur cette page ou sur la <a href=\"https:\/\/www.youtube.com\/watch?v=-ImqukBP-6I\" target=\"_blank\" rel=\"noopener\">cha\u00eene YouTube de WebGirondins<\/a> :<\/p>\n<p>Ce navigateur ne supporte pas les iframes<\/p>\n<p style=\"text-align: justify;\">\u00c0 lire &gt;&gt; <strong><a href=\"https:\/\/www.webgirondins.com\/actualite-girondins-canicule-le-match-bordeaux-avranches-n2-risque-t-il-d-etre-reporte-130039\" target=\"_blank\" rel=\"noopener\">Canicule : Le match Bordeaux-Avranches (N2) risque-t-il d&rsquo;\u00eatre report\u00e9 ?<\/a><\/strong><\/p>\n<p style=\"text-align: justify;\">Notre podcast court mercato \u00e0 \u00e9couter :<\/p>\n<p>  COMMENTAIRES<br \/>\n  ()<\/p>\n","protected":false},"excerpt":{"rendered":"13\/08 &#8211; 12:00 | Par la r\u00e9daction | Il y a 14 minutes C&rsquo;est le rendez-vous d&rsquo;actu \u00e0&hellip;\n","protected":false},"author":2,"featured_media":288981,"comment_status":"","ping_status":"","sticky":false,"template":"","format":"standard","meta":{"footnotes":""},"categories":[2817],"tags":[1111,47,11,2863,3396,17295,1997,6698,3949,154,814,1777,674,4560,1011,27,1987,3465,1147,6774,11961,12,3946,2219,11965,3948,471,4048,11964,13637,11963,24384,25,4053,4568],"class_list":{"0":"post-316019","1":"post","2":"type-post","3":"status-publish","4":"format-standard","5":"has-post-thumbnail","7":"category-bordeaux","8":"tag-actu","9":"tag-actualite","10":"tag-actualites","11":"tag-aout","12":"tag-avec","13":"tag-avranches","14":"tag-bordeaux","15":"tag-canicule","16":"tag-complet","17":"tag-des","18":"tag-direct","19":"tag-eu","20":"tag-europe","21":"tag-faire","22":"tag-fr","23":"tag-france","24":"tag-girondins","25":"tag-journee","26":"tag-menace","27":"tag-mercredi","28":"tag-midi","29":"tag-news","30":"tag-nous","31":"tag-nouvelle-aquitaine","32":"tag-pause","33":"tag-point","34":"tag-pour","35":"tag-presse","36":"tag-profitons","37":"tag-raison","38":"tag-rendez","39":"tag-report","40":"tag-republique-francaise","41":"tag-revue","42":"tag-vous"},"share_on_mastodon":{"url":"https:\/\/pubeurope.com\/@fr\/115020933730507154","error":""},"_links":{"self":[{"href":"https:\/\/www.europesays.com\/fr\/wp-json\/wp\/v2\/posts\/316019","targetHints":{"allow":["GET"]}}],"collection":[{"href":"https:\/\/www.europesays.com\/fr\/wp-json\/wp\/v2\/posts"}],"about":[{"href":"https:\/\/www.europesays.com\/fr\/wp-json\/wp\/v2\/types\/post"}],"author":[{"embeddable":true,"href":"https:\/\/www.europesays.com\/fr\/wp-json\/wp\/v2\/users\/2"}],"replies":[{"embeddable":true,"href":"https:\/\/www.europesays.com\/fr\/wp-json\/wp\/v2\/comments?post=316019"}],"version-history":[{"count":0,"href":"https:\/\/www.europesays.com\/fr\/wp-json\/wp\/v2\/posts\/316019\/revisions"}],"wp:featuredmedia":[{"embeddable":true,"href":"https:\/\/www.europesays.com\/fr\/wp-json\/wp\/v2\/media\/288981"}],"wp:attachment":[{"href":"https:\/\/www.europesays.com\/fr\/wp-json\/wp\/v2\/media?parent=316019"}],"wp:term":[{"taxonomy":"category","embeddable":true,"href":"https:\/\/www.europesays.com\/fr\/wp-json\/wp\/v2\/categories?post=316019"},{"taxonomy":"post_tag","embeddable":true,"href":"https:\/\/www.europesays.com\/fr\/wp-json\/wp\/v2\/tags?post=316019"}],"curies":[{"name":"wp","href":"https:\/\/api.w.org\/{rel}","templated":true}]}}