{"id":316024,"date":"2025-08-13T10:18:13","date_gmt":"2025-08-13T10:18:13","guid":{"rendered":"https:\/\/www.europesays.com\/fr\/316024\/"},"modified":"2025-08-13T10:18:13","modified_gmt":"2025-08-13T10:18:13","slug":"diakite-quitte-lille-pour-bournemouth-ou-il-espere-vivre-de-grands-moments","status":"publish","type":"post","link":"https:\/\/www.europesays.com\/fr\/316024\/","title":{"rendered":"Diakite quitte Lille pour Bournemouth o\u00f9 il esp\u00e8re \u00abvivre de grands moments\u00bb"},"content":{"rendered":"<p>Ancien d\u00e9fenseur central du TFC, Bafode Diakite quitte Lille et s\u2019engage avec Bournemouth.<\/p>\n<p class=\"fig-paragraph\">Bournemouth a recrut\u00e9 ce mercredi\u00a0<a href=\"http:\/\/www.lefigaro.fr\/sports\/football\/transferts\/mercato-le-defenseur-lillois-bafode-diakite-dans-le-viseur-de-bournemouth-20250701\" data-fig-type=\"NewsFlash\" data-gtm-custom-categorie=\"navigation\" data-gtm-custom-action=\"crossclick\" data-gtm-custom-label=\"Contextuel\" data-gtm-event=\"customEventSPE\" data-fig-domain=\"LEFIGARO\" target=\"_blank\" rel=\"noopener\">Bafode Diakite<\/a>\u00a0en provenance de Lille pour un contrat de cinq ans, faisant du d\u00e9fenseur la deuxi\u00e8me recrue la plus ch\u00e8re de l\u2019histoire du club.<\/p>\n<p class=\"fig-paragraph\">Bien qu\u2019aucun d\u00e9tail financier n\u2019ait \u00e9t\u00e9 divulgu\u00e9, les m\u00e9dias britanniques ont rapport\u00e9 que les frais s\u2019\u00e9levaient \u00e0 35 millions d\u2019euros (41 millions de dollars) plus 5 millions d\u2019euros (5,86 millions de dollars) de suppl\u00e9ments, le deuxi\u00e8me plus \u00e9lev\u00e9 derri\u00e8re les 40,2 millions de livres (54,49 millions de dollars) pay\u00e9s par<a href=\"http:\/\/www.lefigaro.fr\/sports\/football\/transferts\/mercato-liverpool-signe-kerkez-pour-5-ans-en-provenance-de-bournemouth-20250626\" data-fig-type=\"NewsFlash\" data-gtm-custom-categorie=\"navigation\" data-gtm-custom-action=\"crossclick\" data-gtm-custom-label=\"Contextuel\" data-gtm-event=\"customEventSPE\" data-fig-domain=\"LEFIGARO\" target=\"_blank\" rel=\"noopener\">\u00a0Bournemouth<\/a>\u00a0pour Evanilson il y a un an.<\/p>\n<p>                                    <a class=\"fig-a11y-skip a11y-hidden\" href=\"#fig-a11y-skip-main-inarticle\"><br \/>\n        Passer la publicit\u00e9<br \/>\n    <\/a><\/p>\n<p>Combler les d\u00e9parts sur les lignes arri\u00e8res<\/p>\n<p class=\"fig-paragraph\">Diakit\u00e9 sera int\u00e9gr\u00e9 \u00e0 l\u2019\u00e9quipe d\u2019Andoni Iraola, qui affrontera Liverpool en ouverture de la saison de Premier League vendredi soir \u00e0 Anfield. Il portera le maillot num\u00e9ro 18 des Cherries. Le joueur de 24 ans a inscrit 13 buts en 112 apparitions pour Lille. Il a disput\u00e9 48 matchs la saison derni\u00e8re, inscrivant quatre buts.<\/p>\n<p class=\"fig-paragraph\">Diakite aide \u00e0 combler le vide laiss\u00e9 dans la ligne arri\u00e8re par le d\u00e9part de Dean Huijsen au Real Madrid et d\u2019Illia Zabarnyi au Paris Saint-Germain. \u00ab Je sais que l\u2019entra\u00eeneur a d\u2019excellentes id\u00e9es, ce qui nous permet de bien jouer en Premier League\u00a0\u00bb, a d\u00e9clar\u00e9 le d\u00e9fenseur central dans un communiqu\u00e9. \u00ab Maintenant que je suis au club, c\u2019est une bonne occasion de montrer comment je peux aider l\u2019\u00e9quipe \u00e0 progresser. Je suis un d\u00e9fenseur qui aime avoir le ballon et jouer avec, et j\u2019esp\u00e8re d\u00e9montrer mes qualit\u00e9s avec et sans ballon. Je donnerai tout pour l\u2019\u00e9quipe et j\u2019esp\u00e8re que nous vivrons de grands moments ensemble.\u00a0\u00bb<\/p>\n","protected":false},"excerpt":{"rendered":"Ancien d\u00e9fenseur central du TFC, Bafode Diakite quitte Lille et s\u2019engage avec Bournemouth. Bournemouth a recrut\u00e9 ce mercredi\u00a0Bafode&hellip;\n","protected":false},"author":2,"featured_media":316025,"comment_status":"","ping_status":"","sticky":false,"template":"","format":"standard","meta":{"footnotes":""},"categories":[2815],"tags":[1111,11,1777,674,1011,27,811,1307,2267,1434,12,25],"class_list":{"0":"post-316024","1":"post","2":"type-post","3":"status-publish","4":"format-standard","5":"has-post-thumbnail","7":"category-lille","8":"tag-actu","9":"tag-actualites","10":"tag-eu","11":"tag-europe","12":"tag-fr","13":"tag-france","14":"tag-hauts-de-france","15":"tag-lille","16":"tag-losc","17":"tag-mercato","18":"tag-news","19":"tag-republique-francaise"},"share_on_mastodon":{"url":"https:\/\/pubeurope.com\/@fr\/115020949256639107","error":""},"_links":{"self":[{"href":"https:\/\/www.europesays.com\/fr\/wp-json\/wp\/v2\/posts\/316024","targetHints":{"allow":["GET"]}}],"collection":[{"href":"https:\/\/www.europesays.com\/fr\/wp-json\/wp\/v2\/posts"}],"about":[{"href":"https:\/\/www.europesays.com\/fr\/wp-json\/wp\/v2\/types\/post"}],"author":[{"embeddable":true,"href":"https:\/\/www.europesays.com\/fr\/wp-json\/wp\/v2\/users\/2"}],"replies":[{"embeddable":true,"href":"https:\/\/www.europesays.com\/fr\/wp-json\/wp\/v2\/comments?post=316024"}],"version-history":[{"count":0,"href":"https:\/\/www.europesays.com\/fr\/wp-json\/wp\/v2\/posts\/316024\/revisions"}],"wp:featuredmedia":[{"embeddable":true,"href":"https:\/\/www.europesays.com\/fr\/wp-json\/wp\/v2\/media\/316025"}],"wp:attachment":[{"href":"https:\/\/www.europesays.com\/fr\/wp-json\/wp\/v2\/media?parent=316024"}],"wp:term":[{"taxonomy":"category","embeddable":true,"href":"https:\/\/www.europesays.com\/fr\/wp-json\/wp\/v2\/categories?post=316024"},{"taxonomy":"post_tag","embeddable":true,"href":"https:\/\/www.europesays.com\/fr\/wp-json\/wp\/v2\/tags?post=316024"}],"curies":[{"name":"wp","href":"https:\/\/api.w.org\/{rel}","templated":true}]}}