{"id":316026,"date":"2025-08-13T10:19:12","date_gmt":"2025-08-13T10:19:12","guid":{"rendered":"https:\/\/www.europesays.com\/fr\/316026\/"},"modified":"2025-08-13T10:19:12","modified_gmt":"2025-08-13T10:19:12","slug":"incident-technique-sur-un-tgv-reliant-lyon-a-nice-via-marseille","status":"publish","type":"post","link":"https:\/\/www.europesays.com\/fr\/316026\/","title":{"rendered":"Incident technique sur un TGV reliant Lyon \u00e0 Nice, via Marseille"},"content":{"rendered":"<p>Le TGV Inou\u00ef n\u00b0 6805 reliant ce mercredi matin Lyon \u00e0 Nice, en passant par la gare Saint-Charles de Marseille a connu un incident technique qui a provoqu\u00e9 un arr\u00eat n\u00e9cessaire de la rame. Le train \u00e0 grande vitesse est reparti depuis quelques minutes mais compte pr\u00e8s dune heure et trente minutes de retard sur son heure d&rsquo;arriv\u00e9e initialement pr\u00e9vue.<\/p>\n<p>Il s&rsquo;agirait d&rsquo;un d\u00e9faut \u00e9lectrique qui concernerait plus le TGV que la ligne elle-m\u00eame (cat\u00e9naire). Les techniciens de la SNCF sont en tout cas en train de rechercher l&rsquo;origine de cette panne temporaire. Pour l&rsquo;heure, la ligne \u00e0 grande vitesse ne semble que tr\u00e8s peu impact\u00e9e m\u00eame si \u00ab\u00a0deux ou trois connaissent des retards allant jusqu&rsquo;\u00e0 20 minutes\u00a0\u00bb, pr\u00e9cise l&rsquo;entreprise publique.<\/p>\n<p>Le TGV concern\u00e9 devrait rejoindre la cit\u00e9 phoc\u00e9enne \u00e0 14h32 au lieu de 13h02.<\/p>\n","protected":false},"excerpt":{"rendered":"Le TGV Inou\u00ef n\u00b0 6805 reliant ce mercredi matin Lyon \u00e0 Nice, en passant par la gare Saint-Charles&hellip;\n","protected":false},"author":2,"featured_media":316027,"comment_status":"","ping_status":"","sticky":false,"template":"","format":"standard","meta":{"footnotes":""},"categories":[2814],"tags":[17,1111,11,1777,674,1011,27,35535,884,4659,6774,12,882,16,26302,25,3356,6233,2214],"class_list":{"0":"post-316026","1":"post","2":"type-post","3":"status-publish","4":"format-standard","5":"has-post-thumbnail","7":"category-marseille","8":"tag-17","9":"tag-actu","10":"tag-actualites","11":"tag-eu","12":"tag-europe","13":"tag-fr","14":"tag-france","15":"tag-incident","16":"tag-marseille","17":"tag-matin","18":"tag-mercredi","19":"tag-news","20":"tag-provence-alpes-cote-dazur","21":"tag-region","22":"tag-reliant","23":"tag-republique-francaise","24":"tag-sur","25":"tag-technique","26":"tag-tgv"},"share_on_mastodon":{"url":"https:\/\/pubeurope.com\/@fr\/115020953299257858","error":""},"_links":{"self":[{"href":"https:\/\/www.europesays.com\/fr\/wp-json\/wp\/v2\/posts\/316026","targetHints":{"allow":["GET"]}}],"collection":[{"href":"https:\/\/www.europesays.com\/fr\/wp-json\/wp\/v2\/posts"}],"about":[{"href":"https:\/\/www.europesays.com\/fr\/wp-json\/wp\/v2\/types\/post"}],"author":[{"embeddable":true,"href":"https:\/\/www.europesays.com\/fr\/wp-json\/wp\/v2\/users\/2"}],"replies":[{"embeddable":true,"href":"https:\/\/www.europesays.com\/fr\/wp-json\/wp\/v2\/comments?post=316026"}],"version-history":[{"count":0,"href":"https:\/\/www.europesays.com\/fr\/wp-json\/wp\/v2\/posts\/316026\/revisions"}],"wp:featuredmedia":[{"embeddable":true,"href":"https:\/\/www.europesays.com\/fr\/wp-json\/wp\/v2\/media\/316027"}],"wp:attachment":[{"href":"https:\/\/www.europesays.com\/fr\/wp-json\/wp\/v2\/media?parent=316026"}],"wp:term":[{"taxonomy":"category","embeddable":true,"href":"https:\/\/www.europesays.com\/fr\/wp-json\/wp\/v2\/categories?post=316026"},{"taxonomy":"post_tag","embeddable":true,"href":"https:\/\/www.europesays.com\/fr\/wp-json\/wp\/v2\/tags?post=316026"}],"curies":[{"name":"wp","href":"https:\/\/api.w.org\/{rel}","templated":true}]}}