{"id":316028,"date":"2025-08-13T10:20:14","date_gmt":"2025-08-13T10:20:14","guid":{"rendered":"https:\/\/www.europesays.com\/fr\/316028\/"},"modified":"2025-08-13T10:20:14","modified_gmt":"2025-08-13T10:20:14","slug":"un-detenu-se-suicide-dans-sa-cellule-aux-baumettes","status":"publish","type":"post","link":"https:\/\/www.europesays.com\/fr\/316028\/","title":{"rendered":"un d\u00e9tenu se suicide dans sa cellule aux Baumettes"},"content":{"rendered":"<p>Un d\u00e9tenu a \u00e9t\u00e9 retrouv\u00e9 mort dans sa cellule dans la nuit de lundi \u00e0 mardi par des agents p\u00e9nitentiaires qui effectuaient une ronde.<\/p>\n<p class=\"fig-paragraph\">Un d\u00e9tenu s\u2019est\u00a0<a href=\"http:\/\/www.lefigaro.fr\/marseille\/marseille-un-detenu-retrouve-mort-aux-baumettes-20250128\" data-fig-type=\"NewsFlash\" data-gtm-custom-categorie=\"navigation\" data-gtm-custom-action=\"crossclick\" data-gtm-custom-label=\"Contextuel\" data-gtm-event=\"customEventSPE\" data-fig-domain=\"LEFIGARO\" target=\"_blank\" rel=\"noopener\">suicid\u00e9\u00a0<\/a>dans sa cellule aux\u00a0<a href=\"http:\/\/www.lefigaro.fr\/marseille\/surpopulation-manque-d-effectif-pas-encore-ouverte-l-extension-des-baumettes-inquiete-deja-a-marseille-20250703\" data-fig-type=\"NewsFlash\" data-gtm-custom-categorie=\"navigation\" data-gtm-custom-action=\"crossclick\" data-gtm-custom-label=\"Contextuel\" data-gtm-event=\"customEventSPE\" data-fig-domain=\"LEFIGARO\" target=\"_blank\" rel=\"noopener\">Baumettes\u00a0<\/a>dans la nuit de lundi \u00e0 mardi, a appris Le Figaro de sources concordantes, confirmant une information initiale de\u00a0<a href=\"https:\/\/www.bfmtv.com\/marseille\/info-bfm-marseille-provence-un-detenu-retrouve-pendu-dans-sa-cellule-a-la-prison-des-baumettes_AN-202508120310.html\" target=\"_blank\" rel=\"sponsored noopener\" data-gtm-custom-categorie=\"navigation\" data-gtm-custom-action=\"crossclick\" data-gtm-custom-label=\"Contextuel\" data-gtm-event=\"customEventSPE\">BFM Marseille Provence<\/a>. L\u2019homme, \u00e2g\u00e9 de 27 ans, a \u00e9t\u00e9 retrouv\u00e9 pendu vers quatre heures du matin par des agents p\u00e9nitentiaires qui effectuaient une ronde de nuit.<\/p>\n<p>Enqu\u00eate ouverte<\/p>\n<p class=\"fig-paragraph\">Selon une source syndicale, les agents ont essay\u00e9 de le r\u00e9animer en pratiquant un massage cardiaque avant l\u2019arriv\u00e9e des pompiers, en vain. \u00abRien ne laissait pr\u00e9sager qu\u2019il fasse cela\u00bb, indique cette m\u00eame source syndicale p\u00e9nitentiaire. L\u2019administration p\u00e9nitentiaire pr\u00e9cise au Figaro qu\u2019une enqu\u00eate a \u00e9t\u00e9 ouverte par le parquet de Marseille.<\/p>\n","protected":false},"excerpt":{"rendered":"Un d\u00e9tenu a \u00e9t\u00e9 retrouv\u00e9 mort dans sa cellule dans la nuit de lundi \u00e0 mardi par des&hellip;\n","protected":false},"author":2,"featured_media":316029,"comment_status":"","ping_status":"","sticky":false,"template":"","format":"standard","meta":{"footnotes":""},"categories":[2814],"tags":[1111,11,17316,1777,674,1011,27,884,12,806,882,25,5748],"class_list":{"0":"post-316028","1":"post","2":"type-post","3":"status-publish","4":"format-standard","5":"has-post-thumbnail","7":"category-marseille","8":"tag-actu","9":"tag-actualites","10":"tag-detenus","11":"tag-eu","12":"tag-europe","13":"tag-fr","14":"tag-france","15":"tag-marseille","16":"tag-news","17":"tag-prison","18":"tag-provence-alpes-cote-dazur","19":"tag-republique-francaise","20":"tag-suicide"},"share_on_mastodon":{"url":"https:\/\/pubeurope.com\/@fr\/115020957257999577","error":""},"_links":{"self":[{"href":"https:\/\/www.europesays.com\/fr\/wp-json\/wp\/v2\/posts\/316028","targetHints":{"allow":["GET"]}}],"collection":[{"href":"https:\/\/www.europesays.com\/fr\/wp-json\/wp\/v2\/posts"}],"about":[{"href":"https:\/\/www.europesays.com\/fr\/wp-json\/wp\/v2\/types\/post"}],"author":[{"embeddable":true,"href":"https:\/\/www.europesays.com\/fr\/wp-json\/wp\/v2\/users\/2"}],"replies":[{"embeddable":true,"href":"https:\/\/www.europesays.com\/fr\/wp-json\/wp\/v2\/comments?post=316028"}],"version-history":[{"count":0,"href":"https:\/\/www.europesays.com\/fr\/wp-json\/wp\/v2\/posts\/316028\/revisions"}],"wp:featuredmedia":[{"embeddable":true,"href":"https:\/\/www.europesays.com\/fr\/wp-json\/wp\/v2\/media\/316029"}],"wp:attachment":[{"href":"https:\/\/www.europesays.com\/fr\/wp-json\/wp\/v2\/media?parent=316028"}],"wp:term":[{"taxonomy":"category","embeddable":true,"href":"https:\/\/www.europesays.com\/fr\/wp-json\/wp\/v2\/categories?post=316028"},{"taxonomy":"post_tag","embeddable":true,"href":"https:\/\/www.europesays.com\/fr\/wp-json\/wp\/v2\/tags?post=316028"}],"curies":[{"name":"wp","href":"https:\/\/api.w.org\/{rel}","templated":true}]}}