{"id":316032,"date":"2025-08-13T10:22:13","date_gmt":"2025-08-13T10:22:13","guid":{"rendered":"https:\/\/www.europesays.com\/fr\/316032\/"},"modified":"2025-08-13T10:22:13","modified_gmt":"2025-08-13T10:22:13","slug":"en-pleine-canicule-la-piscine-de-cette-commune-pres-de-lyon-obligee-de-fermer-ses-bassins","status":"publish","type":"post","link":"https:\/\/www.europesays.com\/fr\/316032\/","title":{"rendered":"En pleine canicule, la piscine de cette commune pr\u00e8s de Lyon oblig\u00e9e de fermer ses bassins"},"content":{"rendered":"<p>            Par<br \/>\n        <strong><br \/>\n            <a href=\"https:\/\/actu.fr\/auteur\/emma-ressegaire\" title=\"Consulter tous les articles de Emma Ressegaire\" target=\"_blank\" rel=\"noopener\">Emma Ressegaire<\/a><br \/>\n        <\/strong><\/p>\n<p>        Publi\u00e9 le<\/p>\n<p>            13 ao\u00fbt 2025 \u00e0 11h17        <\/p>\n<p>Les habitants d\u2019\u00c9cully devront prendre leur mal en patience. Depuis quelques jours, la <a href=\"https:\/\/actu.fr\/auvergne-rhone-alpes\/caluire-et-cuire_69034\/canicule-ces-deux-communes-de-la-metropole-de-lyon-rendent-leurs-piscines-gratuites_63025261.html\" target=\"_blank\" rel=\"noopener\">piscine municipale<\/a> de cette commune de l\u2019agglom\u00e9ration <a href=\"https:\/\/actu.fr\/lyon\/\" target=\"_blank\" rel=\"noopener\">lyonnaise<\/a>, a ferm\u00e9 ses portes en raison <strong>d\u2019un probl\u00e8me technique<\/strong>.<\/p>\n<p class=\" wall-content\">Et au vu des <a href=\"https:\/\/actu.fr\/meteo\/canicule-la-vigilance-rouge-prolongee-mercredi-a-lyon-un-pic-extreme-a-42-c-attendu_63025321.html\" target=\"_blank\" rel=\"noopener\">temp\u00e9ratures caniculaires<\/a> qui frappent le d\u00e9partement du Rh\u00f4ne depuis plusieurs jours, cela ne pouvait pas plus mal tomber.<\/p>\n<p class=\" wall-content\">La cause de fermeture forc\u00e9e est que la <strong>principale pompe de filtration est subitement tomb\u00e9e en panne<\/strong>. Cette pi\u00e8ce est indispensable pour maintenir la qualit\u00e9 et la propret\u00e9 de l\u2019eau. Si elle ne fonctionne pas, les bact\u00e9ries se prolif\u00e8rent rapidement.<\/p>\n<p>R\u00e9\u00e9quilibrage des param\u00e8tres chimiques de l\u2019eau<\/p>\n<p class=\" wall-content\">Actuellement, l\u2019<strong>ancienne pompe de filtration est en train d\u2019\u00eatre enlev\u00e9e<\/strong> afin d\u2019en installer une nouvelle. Mais une fois install\u00e9e, il faudra encore attendre un petit moment pour que tout redevienne \u00e0 la normale. En effet, il faut que<strong> le syst\u00e8me de filtration<\/strong> puisse se remettre en route et que les param\u00e8tres chimiques de l\u2019eau (PH, chlore\u2026) se r\u00e9\u00e9quilibrent. De plus, l\u2019eau de la piscine sera aussi <strong>r\u00e9chauff\u00e9e<\/strong> car sa temp\u00e9rature est descendue.<\/p>\n<p>    <a href=\"https:\/\/www.google.com\/maps\/embed?pb=!1m18!1m12!1m3!1d5564.76950438509!2d4.783309911464154!3d45.78351907096038!2m3!1f0!2f0!3f0!3m2!1i1024!2i768!4f13.1!3m3!1m2!1s0x47f4ec9edd7faa93%3A0xd5e4113a426e12c!2sPiscine%20Municipale%20d%27%C3%89cully!5e0!3m2!1sfr!2sfr!4v1755075215033!5m2!1sfr!2sfr\" title=\"Ouvrie le lien\" target=\"_blank\" rel=\"noopener\">Cliquez ici pour visualiser le contenu<\/a><\/p>\n<p class=\" wall-content\">Ainsi, la piscine municipale d\u2019\u00c9cully restera ferm\u00e9e au moins <strong>jusqu\u2019au lundi 18 ao\u00fbt<\/strong>.<\/p>\n<p class=\" wall-content\">En attendant, les <strong>\u00c9cullois devront faire un peu plus de route<\/strong> s\u2019ils souhaitent se baigner. Les piscines municipales de Tassin-la-Demi-Lune, Francheville, Sainte-Foy-l\u00e8s-Lyon, ou encore certaines \u00e0 Lyon sont ouvertes.<\/p>\n<p class=\" wall-content\">Suivez toute l\u2019actualit\u00e9 de vos villes et m\u00e9dias favoris en vous inscrivant \u00e0 <a href=\"https:\/\/moncompte.actu.fr\" title=\"D\u00e9couvez Mon Actu\" rel=\"nofollow noopener\" data-trk=\"{&quot;cta&quot;:{&quot;action&quot;:&quot;https:\\\/\\\/moncompte.actu.fr&quot;,&quot;category&quot;:&quot;mon compte&quot;,&quot;from&quot;:&quot;article footer&quot;,&quot;name&quot;:&quot;Mon actu&quot;,&quot;type&quot;:&quot;cta&quot;}}\" target=\"_blank\">Mon Actu<\/a>.<\/p>\n","protected":false},"excerpt":{"rendered":"Par Emma Ressegaire Publi\u00e9 le 13 ao\u00fbt 2025 \u00e0 11h17 Les habitants d\u2019\u00c9cully devront prendre leur mal en&hellip;\n","protected":false},"author":2,"featured_media":316033,"comment_status":"","ping_status":"","sticky":false,"template":"","format":"standard","meta":{"footnotes":""},"categories":[1889],"tags":[1111,11,2430,6698,1777,674,1011,27,2428,12,25,104],"class_list":{"0":"post-316032","1":"post","2":"type-post","3":"status-publish","4":"format-standard","5":"has-post-thumbnail","7":"category-lyon","8":"tag-actu","9":"tag-actualites","10":"tag-auvergne-rhone-alpes","11":"tag-canicule","12":"tag-eu","13":"tag-europe","14":"tag-fr","15":"tag-france","16":"tag-lyon","17":"tag-news","18":"tag-republique-francaise","19":"tag-societe"},"share_on_mastodon":{"url":"https:\/\/pubeurope.com\/@fr\/115020965079428072","error":""},"_links":{"self":[{"href":"https:\/\/www.europesays.com\/fr\/wp-json\/wp\/v2\/posts\/316032","targetHints":{"allow":["GET"]}}],"collection":[{"href":"https:\/\/www.europesays.com\/fr\/wp-json\/wp\/v2\/posts"}],"about":[{"href":"https:\/\/www.europesays.com\/fr\/wp-json\/wp\/v2\/types\/post"}],"author":[{"embeddable":true,"href":"https:\/\/www.europesays.com\/fr\/wp-json\/wp\/v2\/users\/2"}],"replies":[{"embeddable":true,"href":"https:\/\/www.europesays.com\/fr\/wp-json\/wp\/v2\/comments?post=316032"}],"version-history":[{"count":0,"href":"https:\/\/www.europesays.com\/fr\/wp-json\/wp\/v2\/posts\/316032\/revisions"}],"wp:featuredmedia":[{"embeddable":true,"href":"https:\/\/www.europesays.com\/fr\/wp-json\/wp\/v2\/media\/316033"}],"wp:attachment":[{"href":"https:\/\/www.europesays.com\/fr\/wp-json\/wp\/v2\/media?parent=316032"}],"wp:term":[{"taxonomy":"category","embeddable":true,"href":"https:\/\/www.europesays.com\/fr\/wp-json\/wp\/v2\/categories?post=316032"},{"taxonomy":"post_tag","embeddable":true,"href":"https:\/\/www.europesays.com\/fr\/wp-json\/wp\/v2\/tags?post=316032"}],"curies":[{"name":"wp","href":"https:\/\/api.w.org\/{rel}","templated":true}]}}