{"id":316040,"date":"2025-08-13T10:26:13","date_gmt":"2025-08-13T10:26:13","guid":{"rendered":"https:\/\/www.europesays.com\/fr\/316040\/"},"modified":"2025-08-13T10:26:13","modified_gmt":"2025-08-13T10:26:13","slug":"paris-progresse-portee-par-le-luxe-et-les-espoirs-de-baisse-des-taux-13-08-2025-a-1100","status":"publish","type":"post","link":"https:\/\/www.europesays.com\/fr\/316040\/","title":{"rendered":"Paris: progresse, port\u00e9e par le luxe et les espoirs de baisse des taux &#8211; 13\/08\/2025 \u00e0 11:00"},"content":{"rendered":"<p>                                                                (Zonebourse.com) &#8211; La Bourse de Paris gagne 0,5% ce matin, autour des 7790 points, tir\u00e9e par EssilorLuxottica (+1,9%) ainsi que par le luxe (+1,4% pour Kering et LVMH, +0,7% pour Herm\u00e8s).<\/p>\n<p>Les investisseurs continuent de saluer les chiffres rassurants de l&rsquo;inflation publi\u00e9s hier aux Etats-Unis. Par ailleurs, l&rsquo;inflation en Allemagne a \u00e9t\u00e9 confirm\u00e9e ce matin \u00e0 0,3% sur un mois et 2% sur un an au titre du mois de juillet, selon les chiffres d\u00e9finitifs publi\u00e9s ce mercredi par l&rsquo;Office f\u00e9d\u00e9ral de la statistique.\n<\/p>\n<p>En Espagne, le taux de variation annuel de l&rsquo;IPC (indice des prix \u00e0 la consommation) s&rsquo;est \u00e9tabli \u00e0 2,7% pour le mois de juillet, en augmentation de 0,4 point par rapport \u00e0 celui enregistr\u00e9 en juin, d&rsquo;apr\u00e8s l&rsquo;Institut national de statistiques (INE).\n<\/p>\n<p>Les march\u00e9s seront attentifs \u00e0 la rencontre entre Donald Trump et Vladimir Poutine pr\u00e9vue ce vendredi en Alaska sur le dossier ukrainien.\n<\/p>\n<p>Par la suite, le symposium de Jackson Hole, qui r\u00e9unira du 21 au 23 ao\u00fbt les grands banquiers centraux de la plan\u00e8te, pourrait \u00e0 son tour provoquer quelques soubresauts sur les march\u00e9s la semaine prochaine, tout comme la publication des r\u00e9sultats trimestriels de Nvidia pr\u00e9vue le 27 ao\u00fbt.\n<\/p>\n<p>Toute mauvaise nouvelle pourrait servir d&rsquo;excuse pour r\u00e9duire des positions et retirer un peu d&rsquo;argent de la table apr\u00e8s les bonnes performances des march\u00e9s boursiers ces derni\u00e8res semaines.\n<\/p>\n<p>La statistique des ventes au d\u00e9tail pour le mois de juillet, attendue vendredi aux Etats-Unis, prendra \u00e9galement un relief particulier apr\u00e8s la d\u00e9ception caus\u00e9e au d\u00e9but du mois par les chiffres d\u00e9cevants de l&#8217;emploi am\u00e9ricain.\n<\/p>\n<p>&lsquo;M\u00eame si le PIB a nettement rebondi au deuxi\u00e8me trimestre (&#8230;), la croissance des d\u00e9penses de consommation au premier trimestre est ressortie nettement plus faible que la moyenne observ\u00e9e sur l&rsquo;ensemble de l&rsquo;ann\u00e9e derni\u00e8re&rsquo;, rappelle Alexandre Baradez, responsable de l&rsquo;analyse march\u00e9s chez IG France.\n<\/p>\n<p>&lsquo;La consommation \u00e9tant la colonne vert\u00e9brale de la croissance am\u00e9ricaine, la semaine (&#8230;) permettra aux march\u00e9s d&rsquo;y voir un peu plus clair sur le risque de stagflation, th\u00e8me qui a repris un peu de traction depuis quelque temps&rsquo;, souligne le strat\u00e9giste.\n<\/p>\n<p>Les investisseurs seront toutefois attentifs, ce soir, aux r\u00e9sultats de l&rsquo;\u00e9quipementier des r\u00e9seaux Cisco Systems, \u00e0 la recherche d&rsquo;indications sur le rythme des d\u00e9penses technologiques des entreprises.\n<\/p>\n<p>Sur le march\u00e9 des devises, l&rsquo;euro s&rsquo;arroge pr\u00e8s de 0,4% face au billet vert, autour des 1,171 USD, au lendemain des chiffres de l&rsquo;inflation am\u00e9ricaine qui valident \u00e0 94% le sc\u00e9nario d&rsquo;une baisse des taux de la Fed le 17 septembre, selon l&rsquo;outil FedWatch.\n<\/p>\n<p>Les prix du p\u00e9trole poursuivent leur repli en attendant le rendez-vous strat\u00e9gique de vendredi en Alaska, qui pourrait d\u00e9cider du sort de l&rsquo;Ukraine. Le brut c\u00e8de 0,5%, \u00e0 65,7 USD le baril \u00e0 Londres.\n<\/p>\n<p>Dans l&rsquo;actualit\u00e9 des soci\u00e9t\u00e9s tricolores, Airbus fait part du lancement r\u00e9ussi du satellite MetOp-SG A1, construit par le groupe et d\u00e9velopp\u00e9 sous la direction de l&rsquo;Agence spatiale europ\u00e9enne pour EUMETSAT, l&rsquo;Organisation europ\u00e9enne pour l&rsquo;exploitation des satellites m\u00e9t\u00e9orologiques.\n<\/p>\n<p>Par ailleurs, Carrefour annonce l&rsquo;entr\u00e9e de RTG International dans Concordis, sa nouvelle alliance europ\u00e9enne aux achats avec Coop\u00e9rative U qui, soumise aux autorit\u00e9s de la concurrence, devrait \u00eatre op\u00e9rationnelle d\u00e8s les n\u00e9gociations 2026.<\/p>\n","protected":false},"excerpt":{"rendered":"(Zonebourse.com) &#8211; La Bourse de Paris gagne 0,5% ce matin, autour des 7790 points, tir\u00e9e par EssilorLuxottica (+1,9%)&hellip;\n","protected":false},"author":2,"featured_media":8061,"comment_status":"","ping_status":"","sticky":false,"template":"","format":"standard","meta":{"footnotes":""},"categories":[1888],"tags":[400,1111,1928,11,1927,398,408,405,1777,674,1011,27,403,402,399,404,12,1926,626,1925,25,401,406,407],"class_list":{"0":"post-316040","1":"post","2":"type-post","3":"status-publish","4":"format-standard","5":"has-post-thumbnail","7":"category-paris","8":"tag-action-cac-40","9":"tag-actu","10":"tag-actu-paris","11":"tag-actualites","12":"tag-actualites-paris","13":"tag-bourse-de-paris","14":"tag-boursorama","15":"tag-cotations","16":"tag-eu","17":"tag-europe","18":"tag-fr","19":"tag-france","20":"tag-indices-devises","21":"tag-investir","22":"tag-investissement","23":"tag-marche-boursier","24":"tag-news","25":"tag-news-paris","26":"tag-paris","27":"tag-paris-news","28":"tag-republique-francaise","29":"tag-sicav","30":"tag-trackers","31":"tag-warrants"},"share_on_mastodon":{"url":"https:\/\/pubeurope.com\/@fr\/115020980839761065","error":""},"_links":{"self":[{"href":"https:\/\/www.europesays.com\/fr\/wp-json\/wp\/v2\/posts\/316040","targetHints":{"allow":["GET"]}}],"collection":[{"href":"https:\/\/www.europesays.com\/fr\/wp-json\/wp\/v2\/posts"}],"about":[{"href":"https:\/\/www.europesays.com\/fr\/wp-json\/wp\/v2\/types\/post"}],"author":[{"embeddable":true,"href":"https:\/\/www.europesays.com\/fr\/wp-json\/wp\/v2\/users\/2"}],"replies":[{"embeddable":true,"href":"https:\/\/www.europesays.com\/fr\/wp-json\/wp\/v2\/comments?post=316040"}],"version-history":[{"count":0,"href":"https:\/\/www.europesays.com\/fr\/wp-json\/wp\/v2\/posts\/316040\/revisions"}],"wp:featuredmedia":[{"embeddable":true,"href":"https:\/\/www.europesays.com\/fr\/wp-json\/wp\/v2\/media\/8061"}],"wp:attachment":[{"href":"https:\/\/www.europesays.com\/fr\/wp-json\/wp\/v2\/media?parent=316040"}],"wp:term":[{"taxonomy":"category","embeddable":true,"href":"https:\/\/www.europesays.com\/fr\/wp-json\/wp\/v2\/categories?post=316040"},{"taxonomy":"post_tag","embeddable":true,"href":"https:\/\/www.europesays.com\/fr\/wp-json\/wp\/v2\/tags?post=316040"}],"curies":[{"name":"wp","href":"https:\/\/api.w.org\/{rel}","templated":true}]}}