{"id":316048,"date":"2025-08-13T10:31:09","date_gmt":"2025-08-13T10:31:09","guid":{"rendered":"https:\/\/www.europesays.com\/fr\/316048\/"},"modified":"2025-08-13T10:31:09","modified_gmt":"2025-08-13T10:31:09","slug":"le-vice-president-des-etats-unis-jd-vance-revient-sur-la-fermeture-partielle-de-disneyland-pour-ses-vacances","status":"publish","type":"post","link":"https:\/\/www.europesays.com\/fr\/316048\/","title":{"rendered":"le vice-pr\u00e9sident des \u00c9tats-Unis JD Vance revient sur la fermeture partielle de Disneyland pour ses vacances"},"content":{"rendered":"<p>Le vice-pr\u00e9sident des \u00c9tats-Unis JD Vance a \u00e9voqu\u00e9 dans un podcast le \u00ab\u00a0super moment\u00a0\u00bb qu&rsquo;il a pass\u00e9 en famille mi-juillet \u00e0 Disneyland en Californie. Sa venue avait provoqu\u00e9 la fermeture partielle du parc.<\/p>\n<p>Des vacances en famille \u00e0 Disneyland presque comme tout le monde. Il y a un mois, le vice-pr\u00e9sident des \u00c9tats-Unis <a href=\"https:\/\/www.bfmtv.com\/international\/amerique-nord\/etats-unis\/donald-trump\/c-est-fort-probable-donald-trump-pense-que-jd-vance-est-le-favori-pour-lui-succeder-en-2028_AD-202508060322.html\" title=\"&quot;C&#039;est fort probable&quot;: Donald Trump pense que JD Vance est le favori pour lui succ\u00e9der en 2028\" class=\"internal_link\" rel=\"nofollow noopener\" target=\"_blank\">JD Vance<\/a> s&rsquo;\u00e9tait rendu dans le parc de Mickey situ\u00e9 en Californie pour une sortie familiale. Sa venue avait provoqu\u00e9 la fermeture du parc l\u00e0 o\u00f9 il passait pour des raisons de s\u00e9curit\u00e9, laissant les autres visiteurs sur le carreau.<\/p>\n<p>Ce mardi 12 ao\u00fbt, JD Vance a \u00e9voqu\u00e9 cet \u00e9pisode dans le tout nouveau podcast de Katie Miller, proche conseill\u00e8re de <a href=\"https:\/\/www.bfmtv.com\/international\/europe\/ukraine\/presence-de-l-ukraine-avancee-russe-ce-que-l-on-sait-de-la-rencontre-entre-vladimir-poutine-et-donald-trump-en-alaska_AV-202508130185.html\" title=\"Pr\u00e9sence de l&#039;Ukraine, avanc\u00e9e russe... Ce que l&#039;on sait de la rencontre entre Vladimir Poutine et Donald Trump en Alaska\" class=\"internal_link\" rel=\"nofollow noopener\" target=\"_blank\">Donald Trump<\/a>, comme un beau souvenir pour lui et sa famille.<\/p>\n<blockquote class=\"embed embed_quote\"><p>\u00ab\u00a0On avait l&rsquo;\u00eele pour nous tout seuls, ce qui \u00e9tait tr\u00e8s cool. Je n&rsquo;avais jamais \u00e9t\u00e9 \u00e0 Disneyland, j&rsquo;ai trouv\u00e9 \u00e7a g\u00e9nial. D\u00e9sol\u00e9 pour toutes les personnes pour les longues files d&rsquo;attente, mais nous avons pass\u00e9 un super moment.\u00a0\u00bb<\/p><\/blockquote>\n<p>Le vice-pr\u00e9sident a ensuite d\u00e9crit sans complexe son exp\u00e9rience dans les attractions. \u00ab\u00a0J&rsquo;ai ador\u00e9 Tiana&rsquo;s Bayou Adventure, c&rsquo;\u00e9tait vraiment cool\u00a0\u00bb, a-t-il expliqu\u00e9, en ajoutant avoir moins aim\u00e9 \u00ab\u00a0Space Mountain\u00a0\u00bb car le roller coaster lui a quelque peu donn\u00e9 la naus\u00e9e.<\/p>\n<p>La \u00ab\u00a0grand scandale\u00a0\u00bb, la vid\u00e9o o\u00f9 JD Vance court<\/p>\n<p>Le 12 juillet dernier, JD Vance avait \u00e9t\u00e9 film\u00e9 par plusieurs visiteurs du parc avec sa famille, dans des lieux parfois d\u00e9serts pour leur laisser le champ libre. Les t\u00e9moins de la sc\u00e8ne ont \u00e9voqu\u00e9 plusieurs dizaines d&rsquo;agents de s\u00e9curit\u00e9 autour de l&rsquo;homme politique, ainsi que des employ\u00e9s du parc d\u00e9di\u00e9s au groupe.<\/p>\n<p>Des vid\u00e9os montrent que la famille a \u00e9t\u00e9 hu\u00e9e, mais aussi que des visiteurs ont au contraire acclam\u00e9 JD Vance en lui montrant leur soutien.<\/p>\n<p>Dans le podcast, JD Vance r\u00e9agit \u00e9galement \u00e0 une vid\u00e9o de lui \u00e0 <a href=\"https:\/\/www.bfmtv.com\/international\/amerique-nord\/etats-unis\/etats-unis-en-californie-les-salaries-du-parc-disneyland-menacent-de-faire-greve_AD-202407180031.html\" title=\"\u00c9tats-Unis: en Californie, les salari\u00e9s du parc Disneyland menacent de faire gr\u00e8ve\" class=\"internal_link\" rel=\"nofollow noopener\" target=\"_blank\">Disneyland<\/a> qui avait \u00e9t\u00e9 largement relay\u00e9e sur les r\u00e9seaux sociaux, o\u00f9 le p\u00e8re de famille courrait apr\u00e8s ses enfants, une course faite selon les internautes avec tr\u00e8s peu d&rsquo;aisance.<\/p>\n<p>\u00ab\u00a0J&rsquo;ai vu \u00e7a, que quelqu&rsquo;un disait &lsquo;il court bizarrement&rsquo;! Je jouais \u00e0 un jeu avec mes enfants o\u00f9 je les course, mais pas \u00e0 une grande vitesse, comme un ogre\u00a0\u00bb, explique-t-il.<\/p>\n<p>Il ajoute: \u00ab\u00a0C&rsquo;est ce qui a caus\u00e9 le grand scandale de comment je cours apr\u00e8s eux.\u00a0\u00bb<\/p>\n<p>Pendant pr\u00e8s de 45 minutes, le vice-pr\u00e9sident \u00e9voque ainsi des sujets divers de sa vie quotidienne, comme ses meilleures \u00ab\u00a0blagues de papa\u00a0\u00bb, ses derni\u00e8res recherches en utilisant une IA, ses s\u00e9ries pr\u00e9f\u00e9r\u00e9es ou encore s&rsquo;il pr\u00e9f\u00e8re le sauna ou un bain froid.<\/p>\n","protected":false},"excerpt":{"rendered":"Le vice-pr\u00e9sident des \u00c9tats-Unis JD Vance a \u00e9voqu\u00e9 dans un podcast le \u00ab\u00a0super moment\u00a0\u00bb qu&rsquo;il a pass\u00e9 en&hellip;\n","protected":false},"author":2,"featured_media":316049,"comment_status":"","ping_status":"","sticky":false,"template":"","format":"standard","meta":{"footnotes":""},"categories":[1589],"tags":[11,73,1866,12,1864,1865,1863,308],"class_list":{"0":"post-316048","1":"post","2":"type-post","3":"status-publish","4":"format-standard","5":"has-post-thumbnail","7":"category-etats-unis","8":"tag-actualites","9":"tag-etats-unis","10":"tag-etats-unis-damerique","11":"tag-news","12":"tag-united-states","13":"tag-united-states-of-america","14":"tag-us","15":"tag-usa"},"share_on_mastodon":{"url":"https:\/\/pubeurope.com\/@fr\/115021000577952204","error":""},"_links":{"self":[{"href":"https:\/\/www.europesays.com\/fr\/wp-json\/wp\/v2\/posts\/316048","targetHints":{"allow":["GET"]}}],"collection":[{"href":"https:\/\/www.europesays.com\/fr\/wp-json\/wp\/v2\/posts"}],"about":[{"href":"https:\/\/www.europesays.com\/fr\/wp-json\/wp\/v2\/types\/post"}],"author":[{"embeddable":true,"href":"https:\/\/www.europesays.com\/fr\/wp-json\/wp\/v2\/users\/2"}],"replies":[{"embeddable":true,"href":"https:\/\/www.europesays.com\/fr\/wp-json\/wp\/v2\/comments?post=316048"}],"version-history":[{"count":0,"href":"https:\/\/www.europesays.com\/fr\/wp-json\/wp\/v2\/posts\/316048\/revisions"}],"wp:featuredmedia":[{"embeddable":true,"href":"https:\/\/www.europesays.com\/fr\/wp-json\/wp\/v2\/media\/316049"}],"wp:attachment":[{"href":"https:\/\/www.europesays.com\/fr\/wp-json\/wp\/v2\/media?parent=316048"}],"wp:term":[{"taxonomy":"category","embeddable":true,"href":"https:\/\/www.europesays.com\/fr\/wp-json\/wp\/v2\/categories?post=316048"},{"taxonomy":"post_tag","embeddable":true,"href":"https:\/\/www.europesays.com\/fr\/wp-json\/wp\/v2\/tags?post=316048"}],"curies":[{"name":"wp","href":"https:\/\/api.w.org\/{rel}","templated":true}]}}