{"id":31605,"date":"2025-04-17T11:59:25","date_gmt":"2025-04-17T11:59:25","guid":{"rendered":"https:\/\/www.europesays.com\/fr\/31605\/"},"modified":"2025-04-17T11:59:25","modified_gmt":"2025-04-17T11:59:25","slug":"benoit-grandangle-portraitiste-de-france","status":"publish","type":"post","link":"https:\/\/www.europesays.com\/fr\/31605\/","title":{"rendered":"Benoit Grandangle, \u00ab\u00a0Portraitiste de France\u00a0\u00bb"},"content":{"rendered":"<p>\n\t\t\tBenoit Grandangle lors de la remise de son titre \u00e0 Toulon\u00a0: une belle cons\u00e9cration.\t\t\t &#8211; \u00a9 SDR\t\t<\/p>\n<p><strong> \u00ab\u00a0Pour un photographe, ce label, c&rsquo;est l&rsquo;\u00e9quivalent d&rsquo;une \u00e9toile au Michelin pour un restaurateur\u00a0\u00bb, savoure l&rsquo;artisan.<\/strong><\/p>\n<p melodystyle=\"texte\">Il est Le (avec un grand L) photographe sur lequel il faut zoomer\u00a0! Depuis quelques mois, Benoit Grandangle est devenu un professionnel incontournable du monde de la photo. Son talent est reconnu par ses clients, de plus en pus nombreux, ce qui est l&rsquo;essentiel pour un commer\u00e7ant.<\/p>\n<p melodystyle=\"texte\">Ses pairs lui ont permis de rayonner \u00e0 l&rsquo;\u00e9chelle nationale, puis mondiale. Comme notre hebdomadaire La Presse de Vesoul avait \u00e9t\u00e9 le premier \u00e0 l&rsquo;annoncer avant que l&rsquo;information ne soit reprise par plusieurs m\u00e9dias parl\u00e9s ou \u00e9crits, Benoit Grandangle a remport\u00e9 le premier prix dans la cat\u00e9gorie \u00ab\u00a0B\u00e2timent\u00a0\u00bb du concours Immersion\/s organis\u00e9 par la F\u00e9d\u00e9ration Fran\u00e7aise de la Photographie et des M\u00e9tiers de l&rsquo;Image (FFPMI), en collaboration avec le Fonds d&rsquo;Assurance Formation des Chefs d&rsquo;Entreprise Artisanale (FAFCEA), pour c\u00e9l\u00e9brer et mettre en lumi\u00e8re les m\u00e9tiers de l&rsquo;artisanat. La photo prim\u00e9e a \u00e9t\u00e9 r\u00e9alis\u00e9e au cours de l&rsquo;\u00e9t\u00e9 au sein de l&rsquo;entreprise Saire de Port-sur-Sa\u00f4ne, sp\u00e9cialis\u00e9e dans la fabrication de moules \u00e0 b\u00e9ton.<\/p>\n<p melodystyle=\"texte\">Quelques semaines plus tard, la Ville de Vesoul, elle aussi alert\u00e9e par notre article, lui a remis un troph\u00e9e lors de la c\u00e9r\u00e9monie des v\u0153ux.<\/p>\n<p melodystyle=\"texte\">Dans la foul\u00e9e, le photographe de la rue d&rsquo;Alsace Lorraine, apprenait sa s\u00e9lection au sein de l&rsquo;\u00e9quipe de&#8230; France de la photo pour le mondial en Argentine\u00a0!<\/p>\n<p melodystyle=\"texte\">Enfin, mi-mars, Benoit Grandangle s&rsquo;est rendu au congr\u00e8s de la FFPMI \u00e0 Toulon, grand-messe des professionnels de la photo, pour recevoir le titre de \u00ab\u00a0Portraitiste de France\u00a0\u00bb. \u00ab\u00a0Pour un photographe, ce label, c&rsquo;est l&rsquo;\u00e9quivalent d&rsquo;une \u00e9toile au Michelin pour un restaurateur\u00a0\u00bb, savoure Benoitgrandangle, qui avait r\u00e9alis\u00e9 douze clich\u00e9s en noir en blanc mettant en sc\u00e8ne notamment des commer\u00e7ants de sa rue, un homme de plus de 60 ans avec un animal, deux enfants de moins de 6 ans, une femme enceinte et une famille de quatre personnes.<\/p>\n<p melodystyle=\"texte\">\u00ab\u00a0Aujourd&rsquo;hui, si tout le monde peut appuyer sur le d\u00e9clencheur de son t\u00e9l\u00e9phone portable, il en faut un peu plus pour construire une vraie photo et raconter une histoire\u00a0\u00bb, avait soulign\u00e9 Jean-Jacques Legay, adjoint au commerce, lors de la c\u00e9r\u00e9monie des v\u0153ux.<\/p>\n","protected":false},"excerpt":{"rendered":"Benoit Grandangle lors de la remise de son titre \u00e0 Toulon\u00a0: une belle cons\u00e9cration. &#8211; \u00a9 SDR \u00ab\u00a0Pour&hellip;\n","protected":false},"author":2,"featured_media":31606,"comment_status":"","ping_status":"","sticky":false,"template":"","format":"standard","meta":{"footnotes":""},"categories":[1358],"tags":[10720,47,1348,1384,1385,1386,58,59,1011,27,4662,10718,10719,3673],"class_list":{"0":"post-31605","1":"post","2":"type-post","3":"status-publish","4":"format-standard","5":"has-post-thumbnail","7":"category-arts-et-design","8":"tag-abonnement","9":"tag-actualite","10":"tag-arts","11":"tag-arts-and-design","12":"tag-arts-et-design","13":"tag-design","14":"tag-divertissement","15":"tag-entertainment","16":"tag-fr","17":"tag-france","18":"tag-journal","19":"tag-la-presse-de-vesoul","20":"tag-petites-annonces","21":"tag-vesoul"},"share_on_mastodon":{"url":"https:\/\/pubeurope.com\/@fr\/114353193839786141","error":""},"_links":{"self":[{"href":"https:\/\/www.europesays.com\/fr\/wp-json\/wp\/v2\/posts\/31605","targetHints":{"allow":["GET"]}}],"collection":[{"href":"https:\/\/www.europesays.com\/fr\/wp-json\/wp\/v2\/posts"}],"about":[{"href":"https:\/\/www.europesays.com\/fr\/wp-json\/wp\/v2\/types\/post"}],"author":[{"embeddable":true,"href":"https:\/\/www.europesays.com\/fr\/wp-json\/wp\/v2\/users\/2"}],"replies":[{"embeddable":true,"href":"https:\/\/www.europesays.com\/fr\/wp-json\/wp\/v2\/comments?post=31605"}],"version-history":[{"count":0,"href":"https:\/\/www.europesays.com\/fr\/wp-json\/wp\/v2\/posts\/31605\/revisions"}],"wp:featuredmedia":[{"embeddable":true,"href":"https:\/\/www.europesays.com\/fr\/wp-json\/wp\/v2\/media\/31606"}],"wp:attachment":[{"href":"https:\/\/www.europesays.com\/fr\/wp-json\/wp\/v2\/media?parent=31605"}],"wp:term":[{"taxonomy":"category","embeddable":true,"href":"https:\/\/www.europesays.com\/fr\/wp-json\/wp\/v2\/categories?post=31605"},{"taxonomy":"post_tag","embeddable":true,"href":"https:\/\/www.europesays.com\/fr\/wp-json\/wp\/v2\/tags?post=31605"}],"curies":[{"name":"wp","href":"https:\/\/api.w.org\/{rel}","templated":true}]}}