{"id":316050,"date":"2025-08-13T10:32:09","date_gmt":"2025-08-13T10:32:09","guid":{"rendered":"https:\/\/www.europesays.com\/fr\/316050\/"},"modified":"2025-08-13T10:32:09","modified_gmt":"2025-08-13T10:32:09","slug":"fichez-le-camp-au-royaume-uni-des-manifestants-hostiles-aux-vacances-locales-du-vice-president-americain","status":"publish","type":"post","link":"https:\/\/www.europesays.com\/fr\/316050\/","title":{"rendered":"\u00ab\u00a0Fichez le camp\u00a0!\u00a0\u00bb\u00a0: au Royaume-Uni, des manifestants hostiles aux vacances locales du vice-pr\u00e9sident am\u00e9ricain"},"content":{"rendered":"<p class=\"paragraph text_align_left lp-f-body-02\">Un s\u00e9jour un peu perturb\u00e9 pour <a href=\"https:\/\/www.leparisien.fr\/international\/etats-unis\/presidentielle-americaine-trump-suggere-que-son-vice-president-jd-vance-pourrait-lui-succeder-en-2028-06-08-2025-KV7AIBRBEREM7BSSRBDVUCDP2Q.php\" target=\"_self\" rel=\"nofollow noopener\">le vice-pr\u00e9sident am\u00e9ricain<\/a>, pas vraiment le bienvenu pour tout le monde. Une soixantaine de personnes se sont rassembl\u00e9es mardi dans la ville de Charlbury, dans la r\u00e9gion des Cotswolds, pour protester contre sa pr\u00e9sence pour des vacances en famille.<\/p>\n<p class=\"paragraph text_align_left lp-f-body-02\">Avec des pancartes sur lesquelles on pouvait lire \u00ab\u00a0Rentrez chez vous\u00a0!\u00a0\u00bb, \u00ab\u00a0Vous n\u2019\u00eates pas les bienvenus\u00a0\u00bb et \u00ab\u00a0Fichez le camp\u00a0!\u00a0\u00bb, la manifestation \u00e9tait organis\u00e9e par le collectif \u00ab\u00a0<a href=\"https:\/\/www.leparisien.fr\/international\/etats-unis\/lecosse-deteste-trump-des-manifestations-organisees-a-edimbourg-contre-le-president-americain-occupe-a-jouer-au-golf-26-07-2025-TQKAUKXHP5E2HPQQFRE5QKWB6U.php\" target=\"_self\" rel=\"nofollow noopener\">Stop Trump Coalition<\/a>\u00a0\u00bb, cr\u00e9e aux \u00c9tats-Unis apr\u00e8s la premi\u00e8re \u00e9lection du r\u00e9publicain. \u00ab\u00a0Les habitants des Cotswolds sont ici aujourd\u2019hui pour dire \u00e0 <a href=\"https:\/\/www.leparisien.fr\/international\/etats-unis\/il-ne-croit-quen-la-loi-du-plus-fort-jd-vance-le-trumpiste-qui-fait-souffler-la-tempete-en-europe-15-02-2025-KSKTER3VMNC7XF3WULJRODUIDQ.php\" target=\"_self\" rel=\"nofollow noopener\">JD Vance qu\u2019il n\u2019est pas le bienvenu<\/a>\u00a0\u00bb, a d\u00e9clar\u00e9 Jake Atkinson, de la coalition Stop Trump, lors du rassemblement.<\/p>\n<p>Activisme contre les milliardaires<\/p>\n<p class=\"paragraph text_align_left lp-f-body-02\">Plus t\u00f4t dans la journ\u00e9e, une camionnette noire arborant une image du vice-pr\u00e9sident, retouch\u00e9e pour le faire para\u00eetre chauve et bouffi, a parcouru les rues sinueuses de la ville. \u00ab\u00a0Nous voulions lui r\u00e9server le m\u00eame accueil que celui qu\u2019il a <a href=\"https:\/\/www.leparisien.fr\/international\/clash-du-siecle-a-la-maison-blanche-jd-vance-lartificier-devenu-omnipresent-dans-le-bureau-ovale-01-03-2025-53CGXADHPZEMNONDIJWI2WQGQU.php\" target=\"_self\" rel=\"nofollow noopener\">r\u00e9serv\u00e9 \u00e0 Zelensky \u00e0 la Maison Blanche<\/a>\u00a0\u00bb, a d\u00e9clar\u00e9 Lou Johnson, un habitant de Charlbury \u00e2g\u00e9 de 75\u00a0ans.<\/p>\n<p class=\"paragraph text_align_left lp-f-body-02\">Cette action \u00e9tait coordonn\u00e9e par le groupe \u00ab\u00a0Everyone Hates Elon\u00a0\u00bb (tout le monde d\u00e9teste Elon) en r\u00e9f\u00e9rence <a href=\"https:\/\/podcasts.leparisien.fr\/le-parisien-code-source\/202009211600-qui-est-vraiment-elon-musk-portrait-dun-patron-qui-veut-chan.html\" target=\"_self\" rel=\"nofollow noopener\">au milliardaire propri\u00e9taire de Tesla<\/a>. Il avait fait parler de lui notamment lors de son opposition en partenariat avec Greenpeace contre le <a href=\"https:\/\/www.leparisien.fr\/international\/italie\/vip-jet-prives-yacht-ville-bouclee-le-mariage-hors-norme-du-milliardaire-jeff-bezos-fait-des-vagues-a-venise-24-06-2025-ODJ4FCLUORCIPIKCQNCKK5Z3VE.php\" target=\"_self\" rel=\"nofollow noopener\">mariage de Jeff Bezos dans la ville de Venise<\/a> le en juin dernier. Quelques semaines plus t\u00f4t, lors d\u2019une visite d\u2019\u00c9tat de Trump, le groupe avait \u00e9galement <a href=\"https:\/\/www.instagram.com\/p\/DMNNZegI8qO\/\" target=\"_self\" rel=\"nofollow noopener\">install\u00e9 une grande affiche d\u2019une photo de Trump aux c\u00f4t\u00e9s d\u2019Epstein <\/a>sur un arr\u00eat de bus \u00e0 Nine Elms, pr\u00e8s de l\u2019ambassade am\u00e9ricaine \u00e0 Londres.<\/p>\n<p class=\"paragraph text_align_left lp-f-body-02\">La <a href=\"https:\/\/www.leparisien.fr\/international\/royaume-uni-55-personnes-arretees-lors-dune-manifestation-de-soutien-a-palestine-action-19-07-2025-RBPSKAJATFGO7PN65SO23FHRYQ.php\" target=\"_self\" rel=\"nofollow noopener\">police britannique<\/a> et les services de s\u00e9curit\u00e9 am\u00e9ricains \u00e9taient pr\u00e9sents en force sur les routes habituellement tranquilles menant au hameau voisin o\u00f9 s\u00e9journe le vice-pr\u00e9sident, bloquant certains acc\u00e8s et sentiers dans cette r\u00e9gion rurale pris\u00e9e des touristes.<\/p>\n<p class=\"paragraph text_align_left lp-f-body-02\">JD Vance <a href=\"https:\/\/www.leparisien.fr\/international\/etats-unis\/pour-le-vice-president-americain-jd-vance-la-liberte-dexpression-recule-en-europe-14-02-2025-XFZ2FMCYWJCB5AMRNIRUHPISCU.php\" target=\"_self\" rel=\"nofollow noopener\">a commenc\u00e9 ses vacances en Grande-Bretagne<\/a> la semaine derni\u00e8re en rencontrant le ministre britannique des Affaires \u00e9trang\u00e8res, David Lammy, qui l\u2019a accueilli dans sa r\u00e9sidence de Chevening, dans le Kent, au sud-est de Londres.<\/p>\n<p><script async src=\"\/\/www.instagram.com\/embed.js\"><\/script><\/p>\n","protected":false},"excerpt":{"rendered":"Un s\u00e9jour un peu perturb\u00e9 pour le vice-pr\u00e9sident am\u00e9ricain, pas vraiment le bienvenu pour tout le monde. Une&hellip;\n","protected":false},"author":2,"featured_media":316051,"comment_status":"","ping_status":"","sticky":false,"template":"","format":"standard","meta":{"footnotes":""},"categories":[1588],"tags":[11,1777,674,14,12,473,1853,1851,1850,1852],"class_list":{"0":"post-316050","1":"post","2":"type-post","3":"status-publish","4":"format-standard","5":"has-post-thumbnail","7":"category-royaume-uni","8":"tag-actualites","9":"tag-eu","10":"tag-europe","11":"tag-international","12":"tag-news","13":"tag-royaume-uni","14":"tag-royaume-uni-de-grande-bretagne-et-dirlande-du-nord","15":"tag-uk","16":"tag-united-kingdom","17":"tag-united-kingdom-of-great-britain-and-northern-ireland"},"share_on_mastodon":{"url":"https:\/\/pubeurope.com\/@fr\/115021004360477426","error":""},"_links":{"self":[{"href":"https:\/\/www.europesays.com\/fr\/wp-json\/wp\/v2\/posts\/316050","targetHints":{"allow":["GET"]}}],"collection":[{"href":"https:\/\/www.europesays.com\/fr\/wp-json\/wp\/v2\/posts"}],"about":[{"href":"https:\/\/www.europesays.com\/fr\/wp-json\/wp\/v2\/types\/post"}],"author":[{"embeddable":true,"href":"https:\/\/www.europesays.com\/fr\/wp-json\/wp\/v2\/users\/2"}],"replies":[{"embeddable":true,"href":"https:\/\/www.europesays.com\/fr\/wp-json\/wp\/v2\/comments?post=316050"}],"version-history":[{"count":0,"href":"https:\/\/www.europesays.com\/fr\/wp-json\/wp\/v2\/posts\/316050\/revisions"}],"wp:featuredmedia":[{"embeddable":true,"href":"https:\/\/www.europesays.com\/fr\/wp-json\/wp\/v2\/media\/316051"}],"wp:attachment":[{"href":"https:\/\/www.europesays.com\/fr\/wp-json\/wp\/v2\/media?parent=316050"}],"wp:term":[{"taxonomy":"category","embeddable":true,"href":"https:\/\/www.europesays.com\/fr\/wp-json\/wp\/v2\/categories?post=316050"},{"taxonomy":"post_tag","embeddable":true,"href":"https:\/\/www.europesays.com\/fr\/wp-json\/wp\/v2\/tags?post=316050"}],"curies":[{"name":"wp","href":"https:\/\/api.w.org\/{rel}","templated":true}]}}