{"id":316064,"date":"2025-08-13T10:39:18","date_gmt":"2025-08-13T10:39:18","guid":{"rendered":"https:\/\/www.europesays.com\/fr\/316064\/"},"modified":"2025-08-13T10:39:18","modified_gmt":"2025-08-13T10:39:18","slug":"hugo-le-goff-rate-le-coche-et-naccede-pas-au-tableau-final-de-lu-s-amateur-ca-passe-pour-john-daly-ii-et-luke-poulter","status":"publish","type":"post","link":"https:\/\/www.europesays.com\/fr\/316064\/","title":{"rendered":"Hugo Le Goff rate le coche et n&rsquo;acc\u00e8de pas au tableau final de l&rsquo;U.S. Amateur, \u00e7a passe pour John Daly II et Luke Poulter."},"content":{"rendered":"<p>\t\t\t\t\t\t<img width=\"770\" height=\"556\" src=\"https:\/\/www.europesays.com\/fr\/wp-content\/uploads\/2025\/08\/hugo-le-goff-usga-us-amateur-2025-olympic-club-770x556.jpg\" class=\"img-responsive wp-post-image\" alt=\"Hugo Le Goff Chris Keane\/USGA)\" decoding=\"async\" fetchpriority=\"high\"  \/>\t\t\t\t\t<\/p>\n<p>\t\t\t\t\t\t Partager cet article <\/p>\n<p class=\"screen-reader-text juiz_sps_maybe_hidden_text\">Partager la publication \u00ab\u00a0Hugo Le Goff rate le coche et n\u2019acc\u00e8de pas au tableau final de l\u2019U.S. Amateur, \u00e7a passe pour John Daly II et Luke Poulter.\u00a0\u00bb<\/p>\n<p><strong>Le num\u00e9ro 4 mondial amateur Preston Stout a domin\u00e9 la phase de Stroke Play du 125e U.S. Amateur, mais Hugo Le Goff, le seul fran\u00e7ais pr\u00e9sent \u00e0 San Francisco pour cette \u00e9preuve mythique, a malheureusement \u00e9t\u00e9 \u00e9limin\u00e9.<\/strong><\/p>\n<p>\t\t\t\t\t<a id=\"181417\" href=\"https:\/\/cabotbordeaux.com\/fr\/booking\/training-golf\" target=\"_blank\" rel=\"sponsorised nofollow noopener\"><img decoding=\"async\" src=\"data:image\/svg+xml,%3Csvg%20xmlns=\" http:=\"\" class=\"img-responsive\" alt=\"\" data-lazy-src=\"https:\/\/www.europesays.com\/fr\/wp-content\/uploads\/2025\/08\/cabot-e04-stage-septembre-1170x275-1.gif\"\/><\/a><\/p>\n<p>Apr\u00e8s deux tours disput\u00e9s en stroke play sur les prestigieux parcours de l\u2019<strong>Olympic Club <\/strong>de San Francisco, c\u2019est <strong>Preston Stout<\/strong>\u00a0qui a laiss\u00e9 la meilleure impression dans l\u2019<strong>U.S. Amateur<\/strong> 2025.<\/p>\n<p><a href=\"https:\/\/championships.usga.org\/usamateur\/2025\/scoring.html\" rel=\"nofollow noopener\" target=\"_blank\">Le classement complet<\/a><\/p>\n<p>Le joueur d\u2019<strong>Oklahoma State <\/strong>a sign\u00e9 un excellent 65 (-5) mardi pour devancer de deux coups <strong>Tommy Morrison <\/strong>(n\u00b06 mondial amateur) et s\u2019emparer de l\u2019\u00e9tiquette de t\u00eate de s\u00e9rie n\u00b01 de la phase Match-Play.<\/p>\n<p>\u00ab \u00c9videmment, cela ne signifie pas que j\u2019ai gagn\u00e9 le tournoi, mais je pense que cela me met en confiance avant le Match Play, me montre que mon jeu est au point \u00bb, a comment\u00e9 le num\u00e9ro 4 mondial amateur.<\/p>\n<p><strong>Jackson Koivun<\/strong> (num\u00e9ro 1 mondial) et<strong> Miles Russel<\/strong>, deux joueurs qui ont pu prendre part \u00e0 des \u00e9preuves du <strong>PGA Tour<\/strong> cette saison, poursuivent leur route mais parmi les t\u00eates d\u2019affiche, il convient de noter les \u00e9liminations de trois joueurs du top 10 mondial amateur, les Am\u00e9ricains <strong>Ethan Fang<\/strong>,<strong> Michael La Sasso <\/strong>et<strong> Jack Turner<\/strong>.<\/p>\n<p>C\u2019est pass\u00e9 en revanche pour les fils de<strong> Ian Poulter <\/strong>et<strong> John Daly. <\/strong><\/p>\n<p>En effet,<strong> Luke Poulter<\/strong> et <strong>John Daly II<\/strong>, <a href=\"https:\/\/www.golfplanete.com\/actualites\/tel-peres-tels-fils\/\" rel=\"nofollow noopener\" target=\"_blank\">sur lesquels les yeux sont riv\u00e9s<\/a>, seront bien pr\u00e9sents pour le 1er tour du tournoi de Match-Play.<\/p>\n<p><strong>\u00a0<\/strong><\/p>\n<p>Le Goff vers d\u2019autres \u00e9ch\u00e9ances<\/p>\n<p>Ce n\u2019est pas le cas d\u2019<strong>Hugo Le Goff<\/strong>, qui n\u2019a pas franchi le \u201ccut\u201d apr\u00e8s un 2e tour insuffisant (74) pour rattraper son 79 (+9) inaugural entach\u00e9 de six bogeys et deux doubles pour un seul birdie.<\/p>\n<p>Sacr\u00e9 Champion de France 2021 \u00e0 13 ans et vainqueur des <strong>Internationaux d\u2019Espagne<\/strong> et du <strong>Lytham Trophy<\/strong> cette ann\u00e9e, le joueur parisien du <strong>Centre de Performance de la ffgolf<\/strong> va pouvoir se recentrer sur le <a href=\"https:\/\/www.ffgolf.org\/golf-amateur\/toutes-categories\/actualites\/hugo-le-goff-junior-ryder-et-mondiaux-en-ligne-de-mire\" target=\"_blank\" rel=\"noopener nofollow\">double objectif de sa saison<\/a>\u00a0: la <strong>Junior Ryder Cup<\/strong> et les <strong>Mondiaux amateurs par \u00e9quipes<\/strong>.<\/p>\n<p>\t\t\t\t\t<a id=\"179385\" href=\"https:\/\/tickets.europeantour.com\/eut\/#\/c6906933-bb43-434b-a22d-0ae172a572d4\/shop\/custom-pack?fac=EUT&amp;locale=fr&amp;skin=pgaetodf&amp;utm_campaign=ODF&amp;utm_content=Ticketing&amp;utm_medium=Web&amp;utm_source=Partner&amp;utm_term=PavonGolfPlanete\" target=\"_blank\" rel=\"sponsorised nofollow noopener\"><img decoding=\"async\" src=\"data:image\/svg+xml,%3Csvg%20xmlns=\" http:=\"\" class=\"img-responsive\" alt=\"\" data-lazy-src=\"https:\/\/www.europesays.com\/fr\/wp-content\/uploads\/2025\/07\/opendefrance-e03-plateau-1407-1170x275-1.jpg\"\/><\/a><br \/>\nLe leaderboard<\/p>\n<p><img loading=\"lazy\" decoding=\"async\" class=\"alignnone size-image-largeur-770 wp-image-182197\" src=\"data:image\/svg+xml,%3Csvg%20xmlns=\" http:=\"\" alt=\"USGA US AMATEUR\" width=\"770\" height=\"843\" data-lazy- data-lazy- data-lazy-src=\"https:\/\/www.europesays.com\/fr\/wp-content\/uploads\/2025\/08\/capture-2025-08-13-a-08.47.19-770x843.jpg\"\/><\/p>\n<p>\t\t\t\t\t<a id=\"181434\" href=\"https:\/\/www.omegaeuropeanmasters.com\/fr\/tickets\/tickets\" target=\"_blank\" rel=\"sponsorised nofollow noopener\"><img fetchpriority=\"high\" decoding=\"async\" src=\"https:\/\/www.europesays.com\/fr\/wp-content\/uploads\/2025\/08\/omegamasters-e02-billetterie-om25-1170x275-1.jpg\" class=\"img-responsive\" alt=\"\"\/><\/a><\/p>\n<p>Photo : Hugo Le Goff Chris Keane\/USGA<\/p>\n","protected":false},"excerpt":{"rendered":"Partager cet article Partager la publication \u00ab\u00a0Hugo Le Goff rate le coche et n\u2019acc\u00e8de pas au tableau final&hellip;\n","protected":false},"author":2,"featured_media":316065,"comment_status":"","ping_status":"","sticky":false,"template":"","format":"standard","meta":{"footnotes":""},"categories":[1418],"tags":[1011,27,1472,60],"class_list":{"0":"post-316064","1":"post","2":"type-post","3":"status-publish","4":"format-standard","5":"has-post-thumbnail","7":"category-golf","8":"tag-fr","9":"tag-france","10":"tag-golf","11":"tag-sports"},"share_on_mastodon":{"url":"https:\/\/pubeurope.com\/@fr\/115021031907929922","error":""},"_links":{"self":[{"href":"https:\/\/www.europesays.com\/fr\/wp-json\/wp\/v2\/posts\/316064","targetHints":{"allow":["GET"]}}],"collection":[{"href":"https:\/\/www.europesays.com\/fr\/wp-json\/wp\/v2\/posts"}],"about":[{"href":"https:\/\/www.europesays.com\/fr\/wp-json\/wp\/v2\/types\/post"}],"author":[{"embeddable":true,"href":"https:\/\/www.europesays.com\/fr\/wp-json\/wp\/v2\/users\/2"}],"replies":[{"embeddable":true,"href":"https:\/\/www.europesays.com\/fr\/wp-json\/wp\/v2\/comments?post=316064"}],"version-history":[{"count":0,"href":"https:\/\/www.europesays.com\/fr\/wp-json\/wp\/v2\/posts\/316064\/revisions"}],"wp:featuredmedia":[{"embeddable":true,"href":"https:\/\/www.europesays.com\/fr\/wp-json\/wp\/v2\/media\/316065"}],"wp:attachment":[{"href":"https:\/\/www.europesays.com\/fr\/wp-json\/wp\/v2\/media?parent=316064"}],"wp:term":[{"taxonomy":"category","embeddable":true,"href":"https:\/\/www.europesays.com\/fr\/wp-json\/wp\/v2\/categories?post=316064"},{"taxonomy":"post_tag","embeddable":true,"href":"https:\/\/www.europesays.com\/fr\/wp-json\/wp\/v2\/tags?post=316064"}],"curies":[{"name":"wp","href":"https:\/\/api.w.org\/{rel}","templated":true}]}}