{"id":31607,"date":"2025-04-17T12:00:22","date_gmt":"2025-04-17T12:00:22","guid":{"rendered":"https:\/\/www.europesays.com\/fr\/31607\/"},"modified":"2025-04-17T12:00:22","modified_gmt":"2025-04-17T12:00:22","slug":"sur-ce-marche-un-etal-dun-nouveau-genre","status":"publish","type":"post","link":"https:\/\/www.europesays.com\/fr\/31607\/","title":{"rendered":"sur ce march\u00e9, un \u00e9tal d&rsquo;un nouveau genre"},"content":{"rendered":"<p>            Par<br \/>\n        <strong><br \/>\n            <a href=\"https:\/\/actu.fr\/auteur\/journaliste-lecourrierindependant\" title=\"Consulter tous les articles de R\u00e9daction Loud\u00e9ac\" target=\"_blank\" rel=\"noopener\">R\u00e9daction Loud\u00e9ac<\/a><br \/>\n        <\/strong><\/p>\n<p>        Publi\u00e9 le<\/p>\n<p>            16 avr. 2025 \u00e0 15h15        <\/p>\n<p>Chaque <b>mercredi,<\/b> place du Martray \u00e0 l\u2019occasion du march\u00e9 hebdomadaire d\u2019<a href=\"https:\/\/actu.fr\/bretagne\/uzel_22384\" target=\"_blank\" rel=\"noopener\">Uzel<\/a>, pr\u00e8s de <a href=\"https:\/\/actu.fr\/bretagne\/loudeac_22136\" target=\"_blank\" rel=\"noopener\">Loud\u00e9ac (C\u00f4tes-d\u2019Armor)<\/a>, vous pourrez y retrouver<b> Stella Chazel<\/b> derri\u00e8re son nouveau stand qui donne une seconde vie aux <b>livres d\u2019occasion.<\/b><\/p>\n<p class=\" wall-content\">Elle vend les <b>livres<\/b> pour le compte de sa nouvelle association tout juste cr\u00e9\u00e9e\u2009: Livres au carr\u00e9.<\/p>\n<p class=\" wall-content\">Vous pourrez y trouver toutes sortes de litt\u00e9ratures.<\/p>\n<p>Un large choix de livres<\/p>\n<p class=\" wall-content\">Du classique aux livres bretons, cuisine, des livres d\u2019art\u2026 \u00ab\u2009Mais que de la bonne biblioth\u00e8que\u2009\u00bb, sourit-elle.<\/p>\n<p class=\" wall-content\">Stella poss\u00e8de beaucoup d\u2019ouvrages et peut \u00e9galement rechercher le livre que vous convoitez. \u00ab\u2009Je vais m\u2019adapter \u00e0 la demande locale et apporter chaque semaine des nouveaut\u00e9s\u2009\u00bb.<\/p>\n<p>Vid\u00e9os : en ce moment sur Actu<\/p>\n<p class=\" wall-content\">Les prix commencent \u00e0 <b>2\u00a0\u20ac<\/b> et sont variables en fonction de l\u2019int\u00e9r\u00eat du manuscrit.<\/p>\n<p class=\" wall-content\">Stella pense d\u00e9j\u00e0 dans le cadre de cette nouvelle association organiser un <b>salon du livre<\/b> ou une <b>bourse<\/b> du livre d\u2019occasion.<\/p>\n<p class=\" wall-content\">Suivez toute l\u2019actualit\u00e9 de vos villes et m\u00e9dias favoris en vous inscrivant \u00e0 <a href=\"https:\/\/moncompte.actu.fr\" title=\"D\u00e9couvez Mon Actu\" rel=\"nofollow noopener\" data-trk=\"{&quot;cta&quot;:{&quot;action&quot;:&quot;https:\\\/\\\/moncompte.actu.fr&quot;,&quot;category&quot;:&quot;mon compte&quot;,&quot;from&quot;:&quot;article footer&quot;,&quot;name&quot;:&quot;Mon actu&quot;,&quot;type&quot;:&quot;cta&quot;}}\" target=\"_blank\">Mon Actu<\/a>.<\/p>\n","protected":false},"excerpt":{"rendered":"Par R\u00e9daction Loud\u00e9ac Publi\u00e9 le 16 avr. 2025 \u00e0 15h15 Chaque mercredi, place du Martray \u00e0 l\u2019occasion du&hellip;\n","protected":false},"author":2,"featured_media":31608,"comment_status":"","ping_status":"","sticky":false,"template":"","format":"standard","meta":{"footnotes":""},"categories":[1357],"tags":[1379,10721,58,59,1011,27,1380,1652],"class_list":{"0":"post-31607","1":"post","2":"type-post","3":"status-publish","4":"format-standard","5":"has-post-thumbnail","7":"category-livres","8":"tag-books","9":"tag-centre-bretagne","10":"tag-divertissement","11":"tag-entertainment","12":"tag-fr","13":"tag-france","14":"tag-livres","15":"tag-loisirs-culture"},"share_on_mastodon":{"url":"https:\/\/pubeurope.com\/@fr\/114353197789093059","error":""},"_links":{"self":[{"href":"https:\/\/www.europesays.com\/fr\/wp-json\/wp\/v2\/posts\/31607","targetHints":{"allow":["GET"]}}],"collection":[{"href":"https:\/\/www.europesays.com\/fr\/wp-json\/wp\/v2\/posts"}],"about":[{"href":"https:\/\/www.europesays.com\/fr\/wp-json\/wp\/v2\/types\/post"}],"author":[{"embeddable":true,"href":"https:\/\/www.europesays.com\/fr\/wp-json\/wp\/v2\/users\/2"}],"replies":[{"embeddable":true,"href":"https:\/\/www.europesays.com\/fr\/wp-json\/wp\/v2\/comments?post=31607"}],"version-history":[{"count":0,"href":"https:\/\/www.europesays.com\/fr\/wp-json\/wp\/v2\/posts\/31607\/revisions"}],"wp:featuredmedia":[{"embeddable":true,"href":"https:\/\/www.europesays.com\/fr\/wp-json\/wp\/v2\/media\/31608"}],"wp:attachment":[{"href":"https:\/\/www.europesays.com\/fr\/wp-json\/wp\/v2\/media?parent=31607"}],"wp:term":[{"taxonomy":"category","embeddable":true,"href":"https:\/\/www.europesays.com\/fr\/wp-json\/wp\/v2\/categories?post=31607"},{"taxonomy":"post_tag","embeddable":true,"href":"https:\/\/www.europesays.com\/fr\/wp-json\/wp\/v2\/tags?post=31607"}],"curies":[{"name":"wp","href":"https:\/\/api.w.org\/{rel}","templated":true}]}}