{"id":316073,"date":"2025-08-13T10:46:14","date_gmt":"2025-08-13T10:46:14","guid":{"rendered":"https:\/\/www.europesays.com\/fr\/316073\/"},"modified":"2025-08-13T10:46:14","modified_gmt":"2025-08-13T10:46:14","slug":"manager-general-duno-x-mobility-lancien-champion-du-monde-thor-hushovd-lance-un-appel-je-reve-de-voir-le-tour-de-france-partir-de-norvege-lequipe","status":"publish","type":"post","link":"https:\/\/www.europesays.com\/fr\/316073\/","title":{"rendered":"Manager g\u00e9n\u00e9ral d&#039;Uno-X Mobility, l&#039;ancien champion du monde Thor Hushovd lance un appel : \u00ab Je r\u00eave de voir le Tour de France partir de Norv\u00e8ge \u00bb &#8211; L&#039;\u00c9quipe"},"content":{"rendered":"<ol>\n<li><a href=\"https:\/\/news.google.com\/rss\/articles\/CBMipwJBVV95cUxPWkpLSlgxOEZ2WVd2SUFPdE8xTC1lTEcwV0loTWNTLVNmX0FjTTNHOXAwdVJOeU8zc1l3eWJPMl9lWVloOVZyQjFBLWtBQllpdnZoN3Z4V0NBTXBsQ1c4cHRCQkZERHFVT0tQTjNfRENlZ3ktRDJJREl6S2xrUzVqRzMta1kyMy05WDFCbnBfd3ExSXNxQXJaNnhUUkVVSjR4Y3pKOFVMOFhDQWJqSDhGTVlHY0JLT1ZiX2FzV1dXU083cEs2ODRYR2pJRUw4TnpsUHFqcnRMQWVDWlNzWXlLTGpvNXpkSENqdkJKZ0Z6aUtrY2IxN0NQV1hPREtYZ21NUTF6ZzVUak9hUDBGSnlmZ0owSk1jdjBlT3F2MS1LeGZxSkRwVmNZ?oc=5\" target=\"_blank\" rel=\"nofollow noopener\">Manager g\u00e9n\u00e9ral d&rsquo;Uno-X Mobility, l&rsquo;ancien champion du monde Thor Hushovd lance un appel : \u00ab Je r\u00eave de voir le Tour de France partir de Norv\u00e8ge \u00bb<\/a>&nbsp;&nbsp;L&rsquo;\u00c9quipe<\/li>\n<li><a href=\"https:\/\/news.google.com\/rss\/articles\/CBMitwFBVV95cUxPbkZhc3NQd2hIX3NXWEducjRYZkJEd2JibTRrdFdkQS0xZHRzb2FoaFQ5VWFJb0VmMXJFb29kVGFTbEJrc1liYkxlSE5JdFVIOVlLSWlYX3IyNG9wTVF3VHBTOGdKNlNJejRsNVo1UVhZTG0yamJrTy1yZExGd3dSbTlPTzRCYmdTSWtWRUlaSXlEX2hOWXB4MzF2RFg2NGJVVldFZ3VYSzNaTzRkaGRYYkM3T1pBWW_SAbwBQVVfeXFMT0V1bFFMNmxMN3liaVRjTTFla25ia2YzZElMYThBa09pV3lvUEF1cndXbmdVZTlxWWNLQnI2dzUwVnY1NGpfcEtnTjhuWHVibTg3U0o1WDZURkxFc0RMOUJxd0ZxWWVha0RNbVlYMDR3VWNSVUczRXJBRXRyeGR1TmdfQmZyM1VKZE5URkFpYWZEM2dLU2RSS29tWFlwajI3ejl4QjhubTdlUkkwMXZUUHZoMzhqQXpUeWJYYTM?oc=5\" target=\"_blank\" rel=\"nofollow noopener\">\u00abMon r\u00eave, c\u2019est un Grand D\u00e9part du Tour de France en Norv\u00e8ge\u00bb : l&rsquo;ancien champion du monde Thor Hushovd revient sur l&rsquo;essor du cyclisme norv\u00e9gien<\/a>&nbsp;&nbsp;CNews<\/li>\n<li><a href=\"https:\/\/news.google.com\/rss\/articles\/CBMikwJBVV95cUxQSWsxYXl0b2JZaUxmZU1OeE5aTjF6ODNhVTlsanJ6LUNkcUVNVzRqRUJXZFNZQmZHZWFEZ0ZSRGY3Rk1PT002Ujg2U3hsLVk5S05tbGh1NTVEa0tFUWxpQTRadFRvSWptd3diM2lkMzJUcjNUQnZNQkNyaVNmNnZfb3hObVFDTVA3SHo4NE1CRENoeGptLWdURmI3U3FXSUFCeWxLSlU2eWJMRkY2VzFGcEZKT0phODhDQnhGTE5Ldm1VUkxRUTE5MVdxcjhOX2pmd2VNU1RXaHNySkhoX2hJNGVEUXRibGd6NkZrTW1RUUpCYnhVS3hhT2pBY205RDctSzNDZlZfUEVZRjA1N1UycVdfQQ?oc=5\" target=\"_blank\" rel=\"nofollow noopener\">Un ancien maillot jaune r\u00eave de faire venir le Tour de France dans son pays : \u00ab\u00a0Il faut convaincre l&rsquo;UCI, ce ne sera pas facile\u00a0\u00bb<\/a>&nbsp;&nbsp;DHnet<\/li>\n<li><a href=\"https:\/\/news.google.com\/rss\/articles\/CBMilwJBVV95cUxQUE54UldkeGdHaHpCSHpKRFRjMFN3Y1IxWW0tclZyQ2lsckY2UGoyQjYwMnNQS1F5TXRQeC1VajNPZ1VRQnliR3AtbUZGUDlqeG41RG1LdGxtQmw4cV9BcXA1NUJCVEJoT0VjWGE3V3QwcWU2d3lCTDdyRDBHdEFvbmpOTmhfSy01dkM1TUxXb1VqTEt0N2xQdnhFVmppZmtMXzRmSXpQQXBWN1JDRl9DcEhTZE1ObDVDQWZpbWJvWm9fVi0tY1lld2pPZmpMQ1VVNnUzODlUNFdGM190Ml9mcXdIMUZNWXBDZzFPUFpMdzUxS0RuOVYxdlFDRGF5MTBWTHZua1ZiMkhDaGg3LWd5enRPMEg4YTQ?oc=5\" target=\"_blank\" rel=\"nofollow noopener\">\u00ab\u00a0Je r\u00eave d&rsquo;un grand d\u00e9part du Tour de France en Norv\u00e8ge\u00a0\u00bb : Thor Hushovd veut convaincre Christian Prudhomme et ASO<\/a>&nbsp;&nbsp;L&rsquo;Avenir<\/li>\n<li><a href=\"https:\/\/news.google.com\/rss\/articles\/CBMisgFBVV95cUxPclA2WWVkdEF3eUVmVWxfM2c5UmY3NklTeHh3MUFUWXpHX29Ya3hURHZIZnFESTZZaGltODNPdjhXVHlrd2tPSDAwZHh0eUljZWhPMjliOUlDVlZyeEp6YkgyTUMyRFQxMVh0bjZDVG9fbEhzMDc4Z0tfbnpkcGw1X3NjZVEwRzhTQmRxa2ltV1RXaVdQcnRTdjJOMTRtZE9ZbGQtWWZvQlh3VG4zcTlMbnV3?oc=5\" target=\"_blank\" rel=\"nofollow noopener\">Uno-X Mobility, progression constante et invit\u00e9 surprise du World Tour en 2026 ?<\/a>&nbsp;&nbsp;V\u00e9lofut\u00e9<\/li>\n<\/ol>\n","protected":false},"excerpt":{"rendered":"Manager g\u00e9n\u00e9ral d&rsquo;Uno-X Mobility, l&rsquo;ancien champion du monde Thor Hushovd lance un appel : \u00ab Je r\u00eave de&hellip;\n","protected":false},"author":2,"featured_media":316074,"comment_status":"","ping_status":"","sticky":false,"template":"","format":"standard","meta":{"footnotes":""},"categories":[1411],"tags":[1154,207,1011,27,60],"class_list":{"0":"post-316073","1":"post","2":"type-post","3":"status-publish","4":"format-standard","5":"has-post-thumbnail","7":"category-cyclisme","8":"tag-cycling","9":"tag-cyclisme","10":"tag-fr","11":"tag-france","12":"tag-sports"},"share_on_mastodon":{"url":"https:\/\/pubeurope.com\/@fr\/115021059426839539","error":""},"_links":{"self":[{"href":"https:\/\/www.europesays.com\/fr\/wp-json\/wp\/v2\/posts\/316073","targetHints":{"allow":["GET"]}}],"collection":[{"href":"https:\/\/www.europesays.com\/fr\/wp-json\/wp\/v2\/posts"}],"about":[{"href":"https:\/\/www.europesays.com\/fr\/wp-json\/wp\/v2\/types\/post"}],"author":[{"embeddable":true,"href":"https:\/\/www.europesays.com\/fr\/wp-json\/wp\/v2\/users\/2"}],"replies":[{"embeddable":true,"href":"https:\/\/www.europesays.com\/fr\/wp-json\/wp\/v2\/comments?post=316073"}],"version-history":[{"count":0,"href":"https:\/\/www.europesays.com\/fr\/wp-json\/wp\/v2\/posts\/316073\/revisions"}],"wp:featuredmedia":[{"embeddable":true,"href":"https:\/\/www.europesays.com\/fr\/wp-json\/wp\/v2\/media\/316074"}],"wp:attachment":[{"href":"https:\/\/www.europesays.com\/fr\/wp-json\/wp\/v2\/media?parent=316073"}],"wp:term":[{"taxonomy":"category","embeddable":true,"href":"https:\/\/www.europesays.com\/fr\/wp-json\/wp\/v2\/categories?post=316073"},{"taxonomy":"post_tag","embeddable":true,"href":"https:\/\/www.europesays.com\/fr\/wp-json\/wp\/v2\/tags?post=316073"}],"curies":[{"name":"wp","href":"https:\/\/api.w.org\/{rel}","templated":true}]}}