{"id":316077,"date":"2025-08-13T10:48:20","date_gmt":"2025-08-13T10:48:20","guid":{"rendered":"https:\/\/www.europesays.com\/fr\/316077\/"},"modified":"2025-08-13T10:48:20","modified_gmt":"2025-08-13T10:48:20","slug":"patrick-dewaere-pourquoi-son-rapport-dautopsie-a-ete-devoile-six-mois-apres-sa-mort","status":"publish","type":"post","link":"https:\/\/www.europesays.com\/fr\/316077\/","title":{"rendered":"Patrick Dewaere : pourquoi son rapport d\u2019autopsie a \u00e9t\u00e9 d\u00e9voil\u00e9 six mois apr\u00e8s sa mort"},"content":{"rendered":"<p>Le16 juillet 1982, <strong>Patrick Dewaere, acteur et p\u00e8re de<br \/>\nfamille \u00e2g\u00e9 de 35 ans, a mis fin \u00e0 ses jours dans l\u2019apr\u00e8s-midi, \u00e0<br \/>\nson domicile.<\/strong> \u00ab\u00a0Trente-cinq ans&#8230; Tu te rends compte<br \/>\nde la perte&#8230; Quelle \u00e9poque de cons ! Le pauvre mec, il est mort \u00e0<br \/>\ntrente-cinq ans !\u00a0\u00bb, affirmait-il dans le film Pr\u00e9parez vos<br \/>\nmouchoirs (1978). S\u2019il parlait du compositeur Mozart, <a href=\"https:\/\/www.closermag.fr\/people\/maintenant-je-meure-ces-propos-troublants-de-patrick-dewaere-au-sommet-de-sa-gloire-1661650#item=1\" rel=\"nofollow noopener\" target=\"_blank\"><br \/>\nles mots du com\u00e9dien ont eu un triste aspect pr\u00e9monitoire<\/a>.<br \/>\nLorsque l\u2019annonce de sa mort a \u00e9t\u00e9 faite, aucune information<br \/>\npr\u00e9cise n\u2019a \u00e9t\u00e9 d\u00e9voil\u00e9e. Ce n\u2019est que six mois plus tard que ses<br \/>\nfans ont pu lire le rapport d\u2019autopsie. Un choix de Mado Maurin, la<br \/>\nm\u00e8re de l\u2019acteur. C\u2019est dans les colonnes du magazine Cin\u00e9<br \/>\nRevue du 18 novembre 1982 qu\u2019une copie a \u00e9t\u00e9 d\u00e9voil\u00e9e. Le but<br \/>\nde celle-ci ? <strong>Faire taire des rumeurs infond\u00e9es et montrer<br \/>\nau monde entier que Patrick Dewaere n\u2019avait consomm\u00e9 aucune drogue<br \/>\nau moment de son suicide.<\/strong> Nombreux pensaient que les<br \/>\nsubstances \u00e9taient \u00e0 l\u2019origine de sa d\u00e9cision, ce qui n\u2019a pas \u00e9t\u00e9<br \/>\nle cas puisque l\u2019acteur \u00e9tait totalement sain.<\/p>\n<p>Mais que s\u2019est-il pass\u00e9 le 16 juillet 1982 ? La journ\u00e9e de<br \/>\nPatrick Dewaere avait d\u00e9but\u00e9 par des essais pour son prochain film.<br \/>\nApr\u00e8s quelques prises de vue, il rejoint Claude Lelouch avec lequel<br \/>\nil d\u00e9jeune. Un repas qui ne s&rsquo;est pas d\u00e9roul\u00e9 dans les meilleures<br \/>\nconditions. <strong>Le r\u00e9alisateur voit que son ami s\u2019est isol\u00e9<br \/>\nquelques minutes pour t\u00e9l\u00e9phoner.<\/strong> Si Patrick Dewaere<br \/>\nrevient boulevers\u00e9, il ne d\u00e9voile rien concernant cette<br \/>\nconversation. Apr\u00e8s ce repas, c\u2019est l\u2019acteur Charles G\u00e9rard qui<br \/>\ndoit le conduire jusqu\u2019\u00e0 la salle d&rsquo;entrainement de boxe.<br \/>\nToutefois, <a href=\"https:\/\/www.closermag.fr\/people\/patrick-dewaere-une-des-choses-les-plus-atroces-son-constat-terrible-sur-sa-mere-1661894#item=1\" rel=\"nofollow noopener\" target=\"_blank\"><br \/>\nle com\u00e9dien demande \u00e0 rapidement passer chez lui<\/a>. C\u2019est \u00e0 bord<br \/>\nd\u2019un taxi qu\u2019il se rend \u00e0 son domicile de l&rsquo;impasse du Moulin-Vert,<br \/>\naux alentours de 15 heures. Peu apr\u00e8s, c\u2019est devant le miroir<br \/>\n<strong>qu\u2019il met fin \u00e0 ses jours en se tirant une balle dans la<br \/>\nbouche avec une carabine 22 Long Rifle offerte par<br \/>\nColuche.<\/strong> Son employ\u00e9 de maison va le d\u00e9couvrir mais<br \/>\nPatrick Dewaere n\u2019a laiss\u00e9 aucun mot pour expliquer son geste.<\/p>\n<p><strong>Patrick Dewaere : un ultime<br \/>\nappel \u00e0 l\u2019origine de son suicide ?<\/strong><\/p>\n<p>Pourquoi Patrick Dewaere a-t-il mis fin \u00e0 ses jours ? Aucune<br \/>\nexplication n\u2019a \u00e9t\u00e9 donn\u00e9e et ce sont seulement des sp\u00e9culations<br \/>\nqui ont \u00e9t\u00e9 \u00e9voqu\u00e9es. Selon Mado Maurin, sa m\u00e8re, <a href=\"https:\/\/www.closermag.fr\/people\/autopsies-de-stars.-patrick-dewaere-cette-cruelle-annonce-qui-a-fini-par-le-tuer-1660745#item=1\" rel=\"nofollow noopener\" target=\"_blank\"><br \/>\nle coup de t\u00e9l\u00e9phone serait \u00e0 l\u2019origine de cette d\u00e9cision<\/a>.<br \/>\nL\u2019acteur se serait entretenu avec Elisabeth Malvina Chalier, avec<br \/>\nlaquelle il partageait sa vie. Cette derni\u00e8re lui aurait affirm\u00e9<br \/>\nqu\u2019il ne <strong>\u201creverrait plus jamais sa<br \/>\nfille\u201d,<\/strong> pr\u00e9nomm\u00e9e Lola Dewaere. Des paroles qui ont<br \/>\nchamboul\u00e9 Patrick Dewaere puisqu\u2019elles sont venues s&rsquo;accumuler aux<br \/>\nnombreux probl\u00e8mes d\u00e9j\u00e0 existants : \u201chistoires d&rsquo;imp\u00f4ts, dettes<br \/>\n\u00e9normes, ennuis de sant\u00e9 et certains aspects de sa vie priv\u00e9e qui<br \/>\nlui \u00e9taient devenus insupportables\u201d, a confi\u00e9 Yves Boisset.<br \/>\n<strong>D\u00e9j\u00e0 boulevers\u00e9 par des soucis qui rendaient son quotidien<br \/>\ntr\u00e8s compliqu\u00e9, Patrick Dewaere aurait d\u00e9cid\u00e9 d\u2019en<br \/>\nfinir.\u00a0<\/strong><\/p>\n<p>Diaporama<br \/>\n<img decoding=\"async\" class=\"diapo_img img-responsive lazy-load\" loading=\"lazy\" src=\"https:\/\/www.europesays.com\/fr\/wp-content\/uploads\/2025\/08\/bestimage_00004777_000013-e1751035097998.jpg\"\/><\/p>\n<p>Bestimage<\/p>\n<p>1\/15 Patrick Dewaere<\/p>\n<p>Patrick Dewaere<\/p>\n<p><img decoding=\"async\" class=\"diapo_img img-responsive lazy-load\" loading=\"lazy\" src=\"https:\/\/www.europesays.com\/fr\/wp-content\/uploads\/2025\/08\/bestimage_00002600_000237.jpg\"\/><\/p>\n<p>Bestimage<\/p>\n<p>2\/15 Patrick Dewaere est d\u00e9c\u00e9d\u00e9 le 16 juillet<br \/>\n1982.<\/p>\n<p>Le 16 juillet 1982 est une date qui n\u2019a jamais \u00e9t\u00e9 oubli\u00e9e.<br \/>\n<b>Patrick Dewaere, acteur et p\u00e8re de famille \u00e2g\u00e9 de 35 ans, a mis<br \/>\nfin \u00e0 ses jours dans l\u2019apr\u00e8s-midi, \u00e0 son domicile.<\/b><\/p>\n<p><img decoding=\"async\" class=\"diapo_img img-responsive lazy-load\" loading=\"lazy\" src=\"https:\/\/www.europesays.com\/fr\/wp-content\/uploads\/2025\/08\/bestimage_00000993_000211.jpg\"\/><\/p>\n<p>Bestimage<\/p>\n<p>3\/15 Patrick Dewaere a mis fin \u00e0 ses<br \/>\njours.<\/p>\n<p>\u00ab\u00a0Trente-cinq ans&#8230; Tu te rends compte de la perte&#8230; Quelle<br \/>\n\u00e9poque de cons ! Le pauvre mec, il est mort \u00e0 trente-cinq ans<br \/>\n!\u00a0\u00bb, affirmait-il dans le film Pr\u00e9parez vos mouchoirs<br \/>\n(1978). S\u2019il parlait du compositeur Mozart, les mots du com\u00e9dien<br \/>\nont eu un triste aspect pr\u00e9monitoire.<\/p>\n<p><img decoding=\"async\" class=\"diapo_img img-responsive lazy-load\" loading=\"lazy\" src=\"https:\/\/www.europesays.com\/fr\/wp-content\/uploads\/2025\/08\/bestimage_00000993_000213.jpg\"\/><\/p>\n<p>Bestimage<\/p>\n<p>4\/15 Patrick Dewaere s&rsquo;est suicid\u00e9 \u00e0 son<br \/>\ndomicile parisien.<\/p>\n<p>Lorsque l\u2019annonce de sa mort a \u00e9t\u00e9 faite, aucune information<br \/>\npr\u00e9cise n\u2019a \u00e9t\u00e9 d\u00e9voil\u00e9e. Ce n\u2019est que six mois plus tard que ses<br \/>\nfans ont pu lire le rapport d\u2019autopsie.<\/p>\n<p><img decoding=\"async\" class=\"diapo_img img-responsive lazy-load\" loading=\"lazy\" src=\"https:\/\/www.europesays.com\/fr\/wp-content\/uploads\/2025\/08\/bestimage_00123079_000001.jpg\"\/><\/p>\n<p>Bestimage<\/p>\n<p>5\/15 Patrick Dewaere s&rsquo;est tir\u00e9 une balle<br \/>\ndans la bouche.<\/p>\n<p>Un choix de Mado Maurin, la m\u00e8re de l\u2019acteur. C\u2019est dans les<br \/>\ncolonnes du magazine Cin\u00e9 Revue du 18 novembre 1982 qu\u2019une<br \/>\ncopie a \u00e9t\u00e9 d\u00e9voil\u00e9e. Le but de celle-ci ?<\/p>\n<p><img decoding=\"async\" class=\"diapo_img img-responsive lazy-load\" loading=\"lazy\" src=\"https:\/\/www.europesays.com\/fr\/wp-content\/uploads\/2025\/08\/bestimage_00277537_000084.jpg\"\/><\/p>\n<p>Bestimage<\/p>\n<p>6\/15 Une autopsie a \u00e9t\u00e9 r\u00e9alis\u00e9e sur le corps<br \/>\nde Patrick Dewaere.<\/p>\n<p><b>Faire taire des rumeurs infond\u00e9es et montrer au monde entier<br \/>\nque Patrick Dewaere n\u2019avait consomm\u00e9 aucune drogue au moment de son<br \/>\nsuicide.<\/b> Nombreux pensaient que les substances \u00e9taient \u00e0<br \/>\nl\u2019origine de sa d\u00e9cision, ce qui n\u2019a pas \u00e9t\u00e9 le cas puisque<br \/>\nl\u2019acteur \u00e9tait totalement sain.<\/p>\n<p><img decoding=\"async\" class=\"diapo_img img-responsive lazy-load\" loading=\"lazy\" src=\"https:\/\/www.europesays.com\/fr\/wp-content\/uploads\/2025\/08\/bestimage_00000513_000005.jpg\"\/><\/p>\n<p>Bestimage<\/p>\n<p>7\/15 De nombreuses rumeurs \u00e9voquant de la<br \/>\ndrogue ont vu le jour.<\/p>\n<p>Mais que s\u2019est-il pass\u00e9 le 16 juillet 1982 ? La journ\u00e9e de<br \/>\nPatrick Dewaere avait d\u00e9but\u00e9 par des essais pour son prochain film.<br \/>\nApr\u00e8s quelques prises de vue, il rejoint Claude Lelouch avec lequel<br \/>\nil d\u00e9jeune.<\/p>\n<p><img decoding=\"async\" class=\"diapo_img img-responsive lazy-load\" loading=\"lazy\" src=\"https:\/\/www.europesays.com\/fr\/wp-content\/uploads\/2025\/08\/bestimage_00000513_000009.jpg\"\/><\/p>\n<p>Bestimage<\/p>\n<p>8\/15 Pour certains, Patrick Dewaere \u00e9tait<br \/>\nsous l&#8217;emprise de substances.<\/p>\n<p>Un repas qui ne s&rsquo;est pas d\u00e9roul\u00e9 dans les meilleures<br \/>\nconditions. <b>Le r\u00e9alisateur voit que son ami s\u2019est isol\u00e9 quelques<br \/>\nminutes pour t\u00e9l\u00e9phoner.<\/b> Si Patrick Dewaere revient boulevers\u00e9,<br \/>\nil ne d\u00e9voile rien concernant cette conversation.<\/p>\n<p><img decoding=\"async\" class=\"diapo_img img-responsive lazy-load\" loading=\"lazy\" src=\"https:\/\/www.europesays.com\/fr\/wp-content\/uploads\/2025\/08\/bestimage_00000993_000175.jpg\"\/><\/p>\n<p>Bestimage<\/p>\n<p>9\/15 Les r\u00e9sultats de l&rsquo;autopsie ont \u00e9t\u00e9<br \/>\npubli\u00e9s six mois apr\u00e8s le d\u00e9c\u00e8s de Patrick Dewaere.<\/p>\n<p>Apr\u00e8s ce repas, c\u2019est l\u2019acteur Charles G\u00e9rard qui doit le<br \/>\nconduire jusqu\u2019\u00e0 la salle d&rsquo;entrainement de boxe. Toutefois, le<br \/>\ncom\u00e9dien demande \u00e0 rapidement passer chez lui.<\/p>\n<p><img decoding=\"async\" class=\"diapo_img img-responsive lazy-load\" loading=\"lazy\" src=\"https:\/\/www.europesays.com\/fr\/wp-content\/uploads\/2025\/08\/bestimage_00001750_000109.jpg\"\/><\/p>\n<p>Bestimage<\/p>\n<p>10\/15 La m\u00e8re de Patrick Dewaere a voulu<br \/>\nfaire taire certaines rumeurs.<\/p>\n<p>C\u2019est \u00e0 bord d\u2019un taxi qu\u2019il se rend \u00e0 son domicile de l&rsquo;impasse<br \/>\ndu Moulin-Vert, aux alentours de 15 heures. Peu apr\u00e8s, c\u2019est devant<br \/>\nle miroir <b>qu\u2019il met fin \u00e0 ses jours en se tirant une balle dans<br \/>\nla bouche avec une carabine 22 Long Rifle offerte par<br \/>\nColuche.<\/b><\/p>\n<p><img decoding=\"async\" class=\"diapo_img img-responsive lazy-load\" loading=\"lazy\" src=\"https:\/\/www.europesays.com\/fr\/wp-content\/uploads\/2025\/08\/bestimage_00004777_000008.jpg\"\/><\/p>\n<p>Bestimage<\/p>\n<p>11\/15 Patrick Dewaere \u00e9tait \u00e2g\u00e9 de 35<br \/>\nans.<\/p>\n<p>Son employ\u00e9 de maison va le d\u00e9couvrir mais Patrick Dewaere n\u2019a<br \/>\nlaiss\u00e9 aucun mot pour expliquer son geste.\u00a0Pourquoi Patrick<br \/>\nDewaere a-t-il mis fin \u00e0 ses jours ? Aucune explication n\u2019a \u00e9t\u00e9<br \/>\ndonn\u00e9e et ce sont seulement des sp\u00e9culations qui ont \u00e9t\u00e9<br \/>\n\u00e9voqu\u00e9es.<\/p>\n<p><img decoding=\"async\" class=\"diapo_img img-responsive lazy-load\" loading=\"lazy\" src=\"https:\/\/www.europesays.com\/fr\/wp-content\/uploads\/2025\/08\/bestimage_00005104_000001.jpg\"\/><\/p>\n<p>Bestimage<\/p>\n<p>12\/15 Patrick Dewaere s&rsquo;est suicid\u00e9 avec un<br \/>\nfusil que lui avait offert son ami Coluche.<\/p>\n<p>Selon Mado Maurin, sa m\u00e8re, c\u2019est le coup de t\u00e9l\u00e9phone qui<br \/>\nserait \u00e0 l\u2019origine de cette d\u00e9cision. L\u2019acteur se serait entretenu<br \/>\navec Elisabeth Malvina Chalier, avec laquelle il partageait sa<br \/>\nvie.<\/p>\n<p><img decoding=\"async\" class=\"diapo_img img-responsive lazy-load\" loading=\"lazy\" src=\"https:\/\/www.europesays.com\/fr\/wp-content\/uploads\/2025\/08\/bestimage_00005104_000004.jpg\"\/><\/p>\n<p>Bestimage<\/p>\n<p>13\/15 C&rsquo;est un appel qui serait \u00e0 l&rsquo;origine<br \/>\ndu geste de Patrick Dewaere.<\/p>\n<p>Cette derni\u00e8re lui aurait affirm\u00e9 qu\u2019il ne <b>\u201creverrait plus<br \/>\njamais sa fille\u201d,<\/b> pr\u00e9nomm\u00e9e Lola Dewaere.<\/p>\n<p><img decoding=\"async\" class=\"diapo_img img-responsive lazy-load\" loading=\"lazy\" src=\"https:\/\/www.europesays.com\/fr\/wp-content\/uploads\/2025\/08\/bestimage_00005104_000007.jpg\"\/><\/p>\n<p>Bestimage<\/p>\n<p>14\/15 Patrick Dewaere avait de nombreux<br \/>\nsoucis personnels.<\/p>\n<p>Des paroles qui ont chamboul\u00e9 Patrick Dewaere puisqu\u2019elles sont<br \/>\nvenues s&rsquo;accumuler aux nombreux probl\u00e8mes d\u00e9j\u00e0 existants :<br \/>\n\u201chistoires d&rsquo;imp\u00f4ts, dettes \u00e9normes, ennuis de sant\u00e9 et certains<br \/>\naspects de sa vie priv\u00e9e qui lui \u00e9taient devenus<br \/>\ninsupportables\u201d, a confi\u00e9 Yves Boisset.<\/p>\n<p><img decoding=\"async\" class=\"diapo_img img-responsive lazy-load\" loading=\"lazy\" src=\"https:\/\/www.europesays.com\/fr\/wp-content\/uploads\/2025\/08\/bestimage_00509292_000062.jpg\"\/><\/p>\n<p>Bestimage<\/p>\n<p>15\/15 Patrick Dewaere n&rsquo;a jamais \u00e9t\u00e9<br \/>\noubli\u00e9.<\/p>\n<p>D\u00e9j\u00e0 boulevers\u00e9 par des soucis qui rendaient son quotidien tr\u00e8s<br \/>\ncompliqu\u00e9, Patrick Dewaere aurait d\u00e9cid\u00e9 de mettre fin \u00e0 ses<br \/>\njours.<br data-mce-bogus=\"1\"\/><\/p>\n","protected":false},"excerpt":{"rendered":"Le16 juillet 1982, Patrick Dewaere, acteur et p\u00e8re de famille \u00e2g\u00e9 de 35 ans, a mis fin \u00e0&hellip;\n","protected":false},"author":2,"featured_media":316078,"comment_status":"","ping_status":"","sticky":false,"template":"","format":"standard","meta":{"footnotes":""},"categories":[1359],"tags":[58,59,1011,27,1638,38337,973,6055],"class_list":{"0":"post-316077","1":"post","2":"type-post","3":"status-publish","4":"format-standard","5":"has-post-thumbnail","7":"category-people","8":"tag-divertissement","9":"tag-entertainment","10":"tag-fr","11":"tag-france","12":"tag-has_diapo","13":"tag-patrick-dewaere","14":"tag-people","15":"tag-republishing"},"share_on_mastodon":{"url":"https:\/\/pubeurope.com\/@fr\/115021068048593089","error":""},"_links":{"self":[{"href":"https:\/\/www.europesays.com\/fr\/wp-json\/wp\/v2\/posts\/316077","targetHints":{"allow":["GET"]}}],"collection":[{"href":"https:\/\/www.europesays.com\/fr\/wp-json\/wp\/v2\/posts"}],"about":[{"href":"https:\/\/www.europesays.com\/fr\/wp-json\/wp\/v2\/types\/post"}],"author":[{"embeddable":true,"href":"https:\/\/www.europesays.com\/fr\/wp-json\/wp\/v2\/users\/2"}],"replies":[{"embeddable":true,"href":"https:\/\/www.europesays.com\/fr\/wp-json\/wp\/v2\/comments?post=316077"}],"version-history":[{"count":0,"href":"https:\/\/www.europesays.com\/fr\/wp-json\/wp\/v2\/posts\/316077\/revisions"}],"wp:featuredmedia":[{"embeddable":true,"href":"https:\/\/www.europesays.com\/fr\/wp-json\/wp\/v2\/media\/316078"}],"wp:attachment":[{"href":"https:\/\/www.europesays.com\/fr\/wp-json\/wp\/v2\/media?parent=316077"}],"wp:term":[{"taxonomy":"category","embeddable":true,"href":"https:\/\/www.europesays.com\/fr\/wp-json\/wp\/v2\/categories?post=316077"},{"taxonomy":"post_tag","embeddable":true,"href":"https:\/\/www.europesays.com\/fr\/wp-json\/wp\/v2\/tags?post=316077"}],"curies":[{"name":"wp","href":"https:\/\/api.w.org\/{rel}","templated":true}]}}