{"id":316081,"date":"2025-08-13T10:50:11","date_gmt":"2025-08-13T10:50:11","guid":{"rendered":"https:\/\/www.europesays.com\/fr\/316081\/"},"modified":"2025-08-13T10:50:11","modified_gmt":"2025-08-13T10:50:11","slug":"haguenau-pour-la-rentree-la-mediatheque-lance-deux-nouveaux-clubs-de-lecture","status":"publish","type":"post","link":"https:\/\/www.europesays.com\/fr\/316081\/","title":{"rendered":"Haguenau. Pour la rentr\u00e9e, la m\u00e9diath\u00e8que lance deux nouveaux clubs de lecture"},"content":{"rendered":"<p>Pour pr\u00e9parer la rentr\u00e9e 2025, la m\u00e9diath\u00e8que de Haguenau invite ses usagers \u00e0 rejoindre l\u2019un de ses trois clubs de lecture (adulte\/jeunes adultes\/enfants ou jeunes lecteurs). Passionn\u00e9s de BD ou curieux de litt\u00e9rature jeunesse\u2026 des clubs sur mesure les attendent.<\/p>\n<p>  Le comit\u00e9 BD participatif<\/p>\n<p>La m\u00e9diath\u00e8que de Haguenau propose un comit\u00e9 BD participatif, r\u00e9unissant une quinzaine de passionn\u00e9s accompagn\u00e9s par Florian. Ensemble, ils s\u00e9lectionnent environ 130 bandes dessin\u00e9es par an, qui viendront enrichir les rayons d\u00e9j\u00e0 bien fournis de la m\u00e9diath\u00e8que. Tous les genres sont repr\u00e9sent\u00e9s.<\/p>\n<p>Pour la rentr\u00e9e 2025, le comit\u00e9 BD lance un appel \u00e0 participation et souhaite accueillir de nouveaux membres (adultes ou adolescents \u00e0 partir de 15 ans), sans condition particuli\u00e8re de connaissance litt\u00e9raire ou de genre favori. L\u2019objectif\u00a0? Partager, \u00e9changer, d\u00e9couvrir, choisir ensemble les BD <a href=\"https:\/\/www.dna.fr\/culture-loisirs\/2022\/01\/22\/tilt-le-nouveau-reseau-d-acces-a-la-culture-de-l-agglomeration\" target=\"_blank\" rel=\"noopener\">qui feront vibrer les lecteurs du r\u00e9seau Tilt<\/a>.<\/p>\n<p>Les membres se r\u00e9unissent environ six fois par an. La premi\u00e8re rencontre de la saison aura lieu <strong>samedi 13\u00a0septembre<\/strong> \u00e0 9\u00a0h\u00a030 \u00e0 la m\u00e9diath\u00e8que de Haguenau. Inscription obligatoire par mail (*).<\/p>\n<p>  Le club \u00ab\u00a0young adult\u00a0\u00bb<\/p>\n<p>Depuis peu, la m\u00e9diath\u00e8que \u00e9toffe son offre en mati\u00e8re de romans \u00ab\u00a0young adult\u00a0\u00bb, un genre pl\u00e9biscit\u00e9 par les adolescents et les jeunes adultes ces derni\u00e8res ann\u00e9es. Forte de cet engouement, <a href=\"https:\/\/www.dna.fr\/culture-loisirs\/2025\/07\/29\/la-mediatheque-devoile-ses-tresors-caches\" target=\"_blank\" rel=\"noopener\">la m\u00e9diath\u00e8que souhaite aller plus loin<\/a> en impliquant directement les lecteurs \u00e0 partir de 18 ans dans la vie litt\u00e9raire du lieu. Elle lance ainsi un club de lecture d\u00e9di\u00e9 aux jeunes, en compagnie de Marjorie, avec pour objectif de permettre aux participants de partager leurs coups de c\u0153ur, \u00e9changer des avis et m\u00eame participer \u00e0 la s\u00e9lection de nouveaux titres. Le premier rendez-vous est fix\u00e9 au <strong>samedi 20\u00a0septembre<\/strong> \u00e0 10\u00a0h \u00e0 la m\u00e9diath\u00e8que. Inscription obligatoire par mail (*).<\/p>\n<p>  Le club des jeunes lecteurs<\/p>\n<p>\u00c0 partir du mois de novembre, la m\u00e9diath\u00e8que propose un club destin\u00e9 aux jeunes \u00e0 partir de 8 ans, passionn\u00e9s de lecture, curieux de d\u00e9couvrir de nouveaux titres, ou simplement d\u00e9sireux de partager leurs coups de c\u0153ur avec d\u2019autres. Chaque premier mercredi du mois, de 14\u00a0h \u00e0 15\u00a0h\u00a030, les enfants sont accueillis dans une ambiance conviviale par Audrey, pour \u00e9changer autour de leurs derni\u00e8res lectures\u00a0: romans jeunesse, classiques ou nouveaut\u00e9s.<\/p>\n<p>Ce club favorise la confiance en soi, nourrit la curiosit\u00e9 et transforme la lecture en une aventure collective, vivante et stimulante. Qu\u2019ils soient lecteurs assidus ou lecteurs en devenir, tous les enfants y trouveront leur place. Le premier rendez-vous est fix\u00e9 au <strong>mercredi 5\u00a0novembre<\/strong> de 14\u00a0h \u00e0 15\u00a0h\u00a030 \u00e0 la m\u00e9diath\u00e8que. Inscription obligatoire par mail (*).<\/p>\n<p>  Le club adulte<\/p>\n<p>La m\u00e9diath\u00e8que de Haguenau propose \u00e9galement un club de lecture pour adultes, qui se r\u00e9unit un vendredi par mois de 16\u00a0h \u00e0 19\u00a0h et un cin\u00e9-club qui se r\u00e9unit le deuxi\u00e8me samedi du mois de 10\u00a0h \u00e0 12\u00a0h.<\/p>\n<p class=\"note\">(*) Pour l\u2019ensemble des clubs de lecture, l\u2019inscription est ouverte \u00e0 tous les usagers du r\u00e9seau Tilt. Les demandes d\u2019information et les inscriptions aux diff\u00e9rents clubs se font via mail\u00a0: mediatheque@agglo-haguenau.fr<\/p>\n","protected":false},"excerpt":{"rendered":"Pour pr\u00e9parer la rentr\u00e9e 2025, la m\u00e9diath\u00e8que de Haguenau invite ses usagers \u00e0 rejoindre l\u2019un de ses trois&hellip;\n","protected":false},"author":2,"featured_media":316082,"comment_status":"","ping_status":"","sticky":false,"template":"","format":"standard","meta":{"footnotes":""},"categories":[1357],"tags":[1379,1687,58,4877,59,107,1011,27,11642,1380,2410,11643],"class_list":{"0":"post-316081","1":"post","2":"type-post","3":"status-publish","4":"format-standard","5":"has-post-thumbnail","7":"category-livres","8":"tag-books","9":"tag-culture-loisirs","10":"tag-divertissement","11":"tag-edition-haguenau-wissembourg","12":"tag-entertainment","13":"tag-fil-info","14":"tag-fr","15":"tag-france","16":"tag-haguenau","17":"tag-livres","18":"tag-livres-bd","19":"tag-secteur-de-haguenau"},"share_on_mastodon":{"url":"","error":""},"_links":{"self":[{"href":"https:\/\/www.europesays.com\/fr\/wp-json\/wp\/v2\/posts\/316081","targetHints":{"allow":["GET"]}}],"collection":[{"href":"https:\/\/www.europesays.com\/fr\/wp-json\/wp\/v2\/posts"}],"about":[{"href":"https:\/\/www.europesays.com\/fr\/wp-json\/wp\/v2\/types\/post"}],"author":[{"embeddable":true,"href":"https:\/\/www.europesays.com\/fr\/wp-json\/wp\/v2\/users\/2"}],"replies":[{"embeddable":true,"href":"https:\/\/www.europesays.com\/fr\/wp-json\/wp\/v2\/comments?post=316081"}],"version-history":[{"count":0,"href":"https:\/\/www.europesays.com\/fr\/wp-json\/wp\/v2\/posts\/316081\/revisions"}],"wp:featuredmedia":[{"embeddable":true,"href":"https:\/\/www.europesays.com\/fr\/wp-json\/wp\/v2\/media\/316082"}],"wp:attachment":[{"href":"https:\/\/www.europesays.com\/fr\/wp-json\/wp\/v2\/media?parent=316081"}],"wp:term":[{"taxonomy":"category","embeddable":true,"href":"https:\/\/www.europesays.com\/fr\/wp-json\/wp\/v2\/categories?post=316081"},{"taxonomy":"post_tag","embeddable":true,"href":"https:\/\/www.europesays.com\/fr\/wp-json\/wp\/v2\/tags?post=316081"}],"curies":[{"name":"wp","href":"https:\/\/api.w.org\/{rel}","templated":true}]}}