{"id":316083,"date":"2025-08-13T10:51:18","date_gmt":"2025-08-13T10:51:18","guid":{"rendered":"https:\/\/www.europesays.com\/fr\/316083\/"},"modified":"2025-08-13T10:51:18","modified_gmt":"2025-08-13T10:51:18","slug":"bart-fou-amoureux-%e2%9d%a4%ef%b8%8f-et-samuel-prend-ellie-sous-son-aile-demain-nous-appartient-spoilers-du-1er-au-5-septembre-2025","status":"publish","type":"post","link":"https:\/\/www.europesays.com\/fr\/316083\/","title":{"rendered":"Bart fou amoureux \u2764\ufe0f et Samuel prend Ellie sous son aile &#8211; Demain nous appartient (spoilers) du 1er au 5 septembre 2025"},"content":{"rendered":"<p>\tD\u00e9couvrez les spoilers de Demain nous appartient du 1er au 5 septembre 2025 : Samuel (Axel Kiener), l\u2019alli\u00e9 surprise qui change tout pour Ellie (Carla Roturier). Voici les r\u00e9sum\u00e9s courts de DNA \u00e0 trois semaines d\u2019avance.<br \/>\n<img fetchpriority=\"high\" decoding=\"async\" aria-describedby=\"caption-attachment-309707\" src=\"https:\/\/www.europesays.com\/fr\/wp-content\/uploads\/2025\/08\/bart-samuel-dna1.jpg\" alt=\"Bart et Samuel dna \" width=\"1280\" height=\"720\" class=\"size-full wp-image-309707\"  \/><\/p>\n<p id=\"caption-attachment-309707\" class=\"wp-caption-text\">Bart (Hector Langevin) et Samuel (Axel Kiener) voient leur vie bousculer<\/p>\n<p>Les spoilers<a href=\"https:\/\/www.nouveautes-tele.com\/62784-resume-demain-nous-appartient-tf1-en-avance-spoilers-devoiles.html\" rel=\"nofollow noopener\" target=\"_blank\"><strong> Demain nous appartient (voir r\u00e9sum\u00e9s en avance) <\/strong><\/a> des \u00e9pisodes 3 semaines en avance, on vous dit tout ce qui va se passer dans la semaine du 1er au 5 septembre 2025. <\/p>\n<p>Avec les \u00e9pisodes 2021 \u00e0 2025 en attendant les r\u00e9sum\u00e9s complets et les r\u00e9caps vid\u00e9o sur notre <a href=\"https:\/\/www.youtube.com\/@nouveautesteleoff\/videos\" target=\"_blank\" rel=\"noopener nofollow\"><strong>cha\u00eene YouTube<\/strong><\/a>, les premi\u00e8res indiscr\u00e9tions se d\u00e9voilent. <\/p>\n<p><\/p>\n<p><strong>Les acteurs pr\u00e9sents notamment cette semaine de Demain nous appartient <\/strong> : Gabin Visona (K\u00e9vin Hofaire), David Mousset (Marceau Quattrone), Z\u00e9na\u00efde Boinard (Diane Colin), Ana\u00efs Decraye (Esm\u00e9e Colin), Carla Roturier (Ellie Turpin),  Shirley Bousquet (Erica Vidal), Patrick Seminor (Jo\u00ebl Tundis)<\/p>\n<p>Demain nous appartient en avance du lundi 1er septembre 2025 <\/p>\n<p>Dans <strong>DNA \u00e9pisode 2021<\/strong> : D\u00e9termin\u00e9e \u00e0 lever le voile sur la v\u00e9rit\u00e9, Ellie m\u00e8ne son enqu\u00eate. De son c\u00f4t\u00e9, Bart entame une nouvelle idylle. Alex se retrouve dans une situation d\u00e9licate.<\/p>\n<p>Demain nous appartient en avance du mardi 2 septembre 2025 <\/p>\n<p>Dans <strong>DNA \u00e9pisode 2022<\/strong> : Maud n\u2019appr\u00e9cie pas que Diego prenne le parti d\u2019Ellie. Marceau et Erica dissimulent un secret commun. Sylvain, quant \u00e0 lui, vit tr\u00e8s mal la trahison de Bruno.<\/p>\n<p><img loading=\"lazy\" decoding=\"async\" aria-describedby=\"caption-attachment-309709\" src=\"data:image\/svg+xml,%3Csvg%20xmlns=\" http:=\"\" alt=\"jordan dna \" width=\"1200\" height=\"651\" class=\"size-full wp-image-309709\" data-lazy- data-lazy- data-lazy-src=\"https:\/\/www.europesays.com\/fr\/wp-content\/uploads\/2025\/08\/jordan-dna.jpg\"\/><\/p>\n<p id=\"caption-attachment-309709\" class=\"wp-caption-text\">Jordan encore dans le mensonge ?<\/p>\n<p>Demain nous appartient en avance du mercredi 3 septembre 2025 <\/p>\n<p>Dans <strong>DNA \u00e9pisode 2023<\/strong> : Samuel fait une d\u00e9couverte bouleversante qui le pousse \u00e0 se refermer compl\u00e8tement. Bart apprend l\u2019identit\u00e9 du fils de sa compagne (est-ce la m\u00e8re de Marceau ?). Face \u00e0 Violette, Jordan s\u2019enlise dans ses mensonges.<\/p>\n<p>Demain nous appartient en avance du jeudi 4 septembre 2025 <\/p>\n<p>Dans <strong>DNA \u00e9pisode 2024<\/strong> : Ellie ne laisse pas Kevin insensible. Mona tente de secouer Jo\u00ebl. Pendant ce temps, Christelle se moque du comportement pu\u00e9ril de Sylvain.<\/p>\n<p>Demain nous appartient en avance du vendredi 5 septembre 2025 <\/p>\n<p>Dans <strong>DNA \u00e9pisode 2025<\/strong> : Gr\u00e2ce \u00e0 Samuel, Ellie parvient enfin \u00e0 trouver sa place. Diego sollicite du soutien pour le semi-marathon qui approche. Hospitalis\u00e9, Bruno peut compter sur la pr\u00e9sence r\u00e9confortante de ses amis.<\/p>\n<p>\ud83c\udfac  <strong>Ellie Turpin<\/strong> est jou\u00e9e par Carla Roturier (ex The Voice), c\u2019est une adolescente de 16 ans qui arrive \u00e0 S\u00e8te pour retrouver ses racines. Elle veut renouer avec ses liens familiaux perdus. Un secret familial bient\u00f4t d\u00e9voil\u00e9 ? Et si Samuel \u00e9tait le p\u00e8re d\u2019Ellie\u2026 on va r\u00eaver un peu, mais \u00e7a serait chouette de le voir papa ! <\/p>\n<p>Regardez la voix envo\u00fbtante d\u2019Ellie, on risque de l\u2019entendre aussi dans DNA + sa bande d\u00e9mo !<\/p>\n<blockquote class=\"instagram-media\" data-instgrm-captioned=\"\" data-instgrm-permalink=\"https:\/\/www.instagram.com\/reel\/DNLcOmDMim8\/?utm_source=ig_embed&amp;utm_campaign=loading\" data-instgrm-version=\"14\" style=\" background:#FFF; border:0; border-radius:3px; box-shadow:0 0 1px 0 rgba(0,0,0,0.5),0 1px 10px 0 rgba(0,0,0,0.15); margin: 1px; max-width:540px; min-width:326px; padding:0; width:99.375%; width:-webkit-calc(100% - 2px); width:calc(100% - 2px);\">\n<\/blockquote>\n<p>                          <img loading=\"lazy\" decoding=\"async\" width=\"512\" height=\"512\" src=\"data:image\/svg+xml,%3Csvg%20xmlns=\" http:=\"\" alt=\"Logo de Nouveaut\u00e9 t\u00e9l\u00e9\" data-lazy-src=\"https:\/\/www.europesays.com\/fr\/wp-content\/uploads\/2025\/06\/nt-logo.png\"\/><\/p>\n<p>\t\t\t  Isabelle Corteilles<\/p>\n<p>Titou, passionn\u00e9e de m\u00e9dias et incollable sur l\u2019actualit\u00e9 des s\u00e9ries t\u00e9l\u00e9. De la g\u00e9n\u00e9ration Dawson\u2019s Creek et Sous le Soleil, je navigue aujourd\u2019hui entre le Spoon de DNA, les marais salants d\u2019ITC, le Mistral de PBLV, le Com\u00e8te de TP2L, la Pe\u00f1a Loca de Nouveau Jour et les Sauvages d\u2019Un Si Grand Soleil, pour ne rien rater des derni\u00e8res intrigues et indiscr\u00e9tions.<\/p>\n<p>    <script async src=\"\/\/www.instagram.com\/embed.js\"><\/script><\/p>\n","protected":false},"excerpt":{"rendered":"D\u00e9couvrez les spoilers de Demain nous appartient du 1er au 5 septembre 2025 : Samuel (Axel Kiener), l\u2019alli\u00e9&hellip;\n","protected":false},"author":2,"featured_media":316084,"comment_status":"","ping_status":"","sticky":false,"template":"","format":"standard","meta":{"footnotes":""},"categories":[1356],"tags":[58,59,1011,27,252,1364],"class_list":{"0":"post-316083","1":"post","2":"type-post","3":"status-publish","4":"format-standard","5":"has-post-thumbnail","7":"category-television","8":"tag-divertissement","9":"tag-entertainment","10":"tag-fr","11":"tag-france","12":"tag-television","13":"tag-tv"},"share_on_mastodon":{"url":"https:\/\/pubeurope.com\/@fr\/115021079182403115","error":""},"_links":{"self":[{"href":"https:\/\/www.europesays.com\/fr\/wp-json\/wp\/v2\/posts\/316083","targetHints":{"allow":["GET"]}}],"collection":[{"href":"https:\/\/www.europesays.com\/fr\/wp-json\/wp\/v2\/posts"}],"about":[{"href":"https:\/\/www.europesays.com\/fr\/wp-json\/wp\/v2\/types\/post"}],"author":[{"embeddable":true,"href":"https:\/\/www.europesays.com\/fr\/wp-json\/wp\/v2\/users\/2"}],"replies":[{"embeddable":true,"href":"https:\/\/www.europesays.com\/fr\/wp-json\/wp\/v2\/comments?post=316083"}],"version-history":[{"count":0,"href":"https:\/\/www.europesays.com\/fr\/wp-json\/wp\/v2\/posts\/316083\/revisions"}],"wp:featuredmedia":[{"embeddable":true,"href":"https:\/\/www.europesays.com\/fr\/wp-json\/wp\/v2\/media\/316084"}],"wp:attachment":[{"href":"https:\/\/www.europesays.com\/fr\/wp-json\/wp\/v2\/media?parent=316083"}],"wp:term":[{"taxonomy":"category","embeddable":true,"href":"https:\/\/www.europesays.com\/fr\/wp-json\/wp\/v2\/categories?post=316083"},{"taxonomy":"post_tag","embeddable":true,"href":"https:\/\/www.europesays.com\/fr\/wp-json\/wp\/v2\/tags?post=316083"}],"curies":[{"name":"wp","href":"https:\/\/api.w.org\/{rel}","templated":true}]}}